{"id":22621,"date":"2024-11-19T19:33:50","date_gmt":"2024-11-19T17:33:50","guid":{"rendered":"https:\/\/insideamateurfussball-ffm.de\/?p=22621"},"modified":"2024-11-19T19:35:23","modified_gmt":"2024-11-19T17:35:23","slug":"heddernheim-ermoeglicht-bsc-sechs-auswaertstore","status":"publish","type":"post","link":"https:\/\/insideamateurfussball-ffm.de\/?p=22621","title":{"rendered":"Heddernheim erm\u00f6glicht BSC sechs Ausw\u00e4rtstore"},"content":{"rendered":"<h4>Der SV 07 Heddernheim bekommt seine Probleme in der Defensive nicht in den Griff. Nach der 3:6-Heimschlappe gegen Aufsteiger BSC Schwarz-Wei\u00df 19 haben die Gr\u00fcn-Wei\u00dfen bereits 56 Gegentreffer in 17 Partien kassiert. Dadurch st\u00fcrzte der SVH auf einen direkten Abstiegsplatz und muss in dieser Verfassung den Abstieg in die A-Klasse bef\u00fcrchten.\u00a0<\/h4>\n<figure id=\"attachment_22622\" aria-describedby=\"caption-attachment-22622\" style=\"width: 2048px\" class=\"wp-caption alignnone\"><img loading=\"lazy\" decoding=\"async\" class=\"wp-image-22622 size-full\" src=\"http:\/\/insideamateurfussball-ffm.de\/wp-content\/uploads\/2024\/11\/he-bsc.jpg\" alt=\"\" width=\"2048\" height=\"1536\" srcset=\"https:\/\/insideamateurfussball-ffm.de\/wp-content\/uploads\/2024\/11\/he-bsc.jpg 2048w, https:\/\/insideamateurfussball-ffm.de\/wp-content\/uploads\/2024\/11\/he-bsc-300x225.jpg 300w, https:\/\/insideamateurfussball-ffm.de\/wp-content\/uploads\/2024\/11\/he-bsc-1024x768.jpg 1024w, https:\/\/insideamateurfussball-ffm.de\/wp-content\/uploads\/2024\/11\/he-bsc-768x576.jpg 768w, https:\/\/insideamateurfussball-ffm.de\/wp-content\/uploads\/2024\/11\/he-bsc-1536x1152.jpg 1536w\" sizes=\"auto, (max-width: 2048px) 100vw, 2048px\" \/><figcaption id=\"caption-attachment-22622\" class=\"wp-caption-text\">Der Heddernheimer Felix B\u00fcrmann wurde zur Halbzeit ausgewechselt, hier ist er noch eng an BSC-St\u00fcrmer Mulualem Tilahun Haile dran. Foto: PA.<\/figcaption><\/figure>\n<h4>SV 07 Heddernheim &#8211; BSC Schwarz-Wei\u00df 19 3:6 (1:3)<\/h4>\n<p><img loading=\"lazy\" decoding=\"async\" class=\"alignnone size-full wp-image-302\" src=\"http:\/\/insideamateurfussball-ffm.de\/wp-content\/uploads\/2022\/05\/1sv07_news2_4511-1.jpg\" alt=\"\" width=\"80\" height=\"80\" \/><img loading=\"lazy\" decoding=\"async\" class=\"alignnone size-full wp-image-285\" src=\"http:\/\/insideamateurfussball-ffm.de\/wp-content\/uploads\/2022\/05\/BSC-19.jpg\" alt=\"\" width=\"80\" height=\"61\" \/><\/p>\n<p>Zum dritten Mal trafen diese Teams in knapp drei Monaten aufeinander. Im Hinspiel gewann der BSC mit 3:1, im Pokalspiel der 2. Runde setzten sich die Gr\u00fcn-Wei\u00dfen mit 3:2 durch und erlitten nun im ersten R\u00fcckrundenspiel eine deftige Heimniederlage. Die Schwarz-Wei\u00dfen waren bei nasskalter Witterung vor noch weniger Zuschauern als vor einer Woche vor allem \u00fcber den agilen Elias Jennaoui gef\u00e4hrlich, der mit viel Geschwindigkeit \u00fcber den linken Fl\u00fcgel kam. So erzielte der BSC-St\u00fcrmer auch die F\u00fchrung der G\u00e4ste (14.), die dann binnen einer Minute durch den Freisto\u00df von \u00d6zkan Ucar in den Winkel (24.) und den Treffer von Routinier Maximilian B\u00fcge (25.) auf Vorarbeit von Jennaoui auf 3:0 davon zogen. Die meisten der 55 Zuschauer hatten sich da schon unter das Vordach vor dem Vereinshaus zur\u00fcckgezogen. Dann aber kam zwischen der 30. und 60. Minute eine gute Phase der Gastgeber, in der Ayman Gasoos auf Flanke von Dogan Nazim Erbulan per Kopfball das 1:3 gelang (35.). Kurz darauf umkurvte Torj\u00e4ger Marcus Kreckel BSC-Keeper Arman Ghorbani, traf aber aus spitzem Winkel das Au\u00dfennetz (40.). Bei den G\u00e4sten merkte man in dieser Phase, dass Spielmacher Ucar verletzt das Feld verlassen hatte.<\/p>\n<p>F\u00fcr ihn kam der vor allem im Hanauer Kreis sehr bekannte Hicham Abdessadki. Kurz vor der Pause musste der BSC eine Zeitstrafe gegen Jennaoui hinnehmen (43.) und verpasste das vierte Tor in der Nachspielzeit durch einen Kopfball an den Pfosten durch Tarig Eltayeb (45.+1). Nach dem Seitenwechsel kam Reservespieler Sean Lynch, der sich zuletzt mit sehr guten Leistungen in der Zweiten Mannschaft empfahl, f\u00fcr Felix B\u00fcrmann. Heddernheim machte Druck und erzwang in \u00dcberzahl nach einem Freisto\u00df von Tomislav Cudina das Eigentor von Maximilian Adutwum (52.). Kurz darauf lag der Ausgleich in der Luft, aber Erbulan traf mit voller Wucht die Latte (54.). Mit dem 2:4 der G\u00e4ste durch Nftalim Tsegay (64.), nachdem SVH-Keeper Marc Tomczyk den Ball fallen lie\u00df (64.), war die Heddernheimer Drangphase vor\u00fcber. Kurz darauf geriet man mit der Zeitstrafe gegen Johannes Nordmeyer (66.) in Unterzahl. Nachdem ein aus Sicht der Hausherren klarer Elfmeter nicht gegeben wurde, erhielt der Spielausschuss-Chef Klaus Schleicher wegen Reklamationen die Gelbe Karte. Noch in \u00dcberzahl nutzte der vom FC Ethio Addis gekommene Mulualem Tilahun Haile einen eklatanten Fehler im Spielaufbau von Berke Cadir zum 2:5 (74.).<\/p>\n<blockquote>\n<h4>&#8222;Nichtsdestotrotz hatten wir M\u00f6glichkeiten zum 3:3, wir haben aber momentan kein Gl\u00fcck im Abschluss.&#8220; (Heddernheims Trainer Andreas Berggold)<\/h4>\n<\/blockquote>\n<p>Der eingewechselte Luka Filip Brnas erzielte noch mit Hilfe eines BSC-Verteidigers das 3:5 (81.). Eine m\u00f6gliche Schlussoffensive verhinderten unn\u00f6tige Zeitstrafen gegen Josh Haas (83.\/Meckern) und Erbulan (86.\/Ballwegschlagen), sodass Heddernheim die Partie mit neun Spielern beendete und in der Nachspielzeit noch das 3:6 durch Abdessadki hinnehmen musste (90.\/+3). &#8222;Wenn man wie in der ersten Halbzeit fast k\u00f6rperlos spielt, nicht in die Zweik\u00e4mpfe rein geht, dann ist das erkl\u00e4rbar, dass man zur Halbzeit 1:3 zur\u00fcckliegt. Nichtsdestotrotz hatten wir M\u00f6glichkeiten zum 3:3, wir haben aber momentan kein Gl\u00fcck im Abschluss. In der zweiten Halbzeit waren wir viel pr\u00e4senter, waren am Dr\u00fccker, haben das 2:3 erzwungen. Wenn wir danach das 3:3 machen, kippt das Spiel. Dann haben wir uns wieder durch Undiszipliniertheiten und unklugem taktischen Verhalten Zeitstrafen eingehandelt, dann kannst Du kein Spiel gewinnen und machst es jedem Gegner leicht. Wir machen einfach zu viele Fehler, treffen falsche Entscheidungen. Zwar gibt es Phasen, in denen wir gut dabei sind und zeigen, dass wir Fu\u00dfball spielen k\u00f6nnen, aber f\u00fcr 90 Minuten ist das zu wenig&#8220;, analysierte Heddernheims Trainer Andreas Berggold.<\/p>\n<p>BSC-Co-Trainer Gerardo de Maria kommentierte: &#8222;Ein verdienter Sieg. Wir sind sehr gut in die Partie gekommen und standen mit 3:0 nach 25 Minuten gut da. Dann war es relativ schwer f\u00fcr Heddernheim Anschluss zu finden. Nach dem 1:3 kamen sie aber, da haben wir ein bisschen gewackelt kurz vor der Halbzeit. Nach dem Seitenwechsel hat Heddernheim versucht Druck zu machen, logischerweise hatten sie Lunte gerochen. Nach dem 2:3 durch das Eigentor haben wir zeitnah den alten Abstand wiederhergestellt. Ansonsten war es ein ordentliches faires Spiel. Der Schiedsrichter hat nicht unbedingt seinen besten Tag gehabt. 50:50-Situationen hat er oftmals f\u00fcr uns gepfiffen, weniger f\u00fcr Heddernheim. Schade fand ich die Hektik von au\u00dfen, dadurch haben sich die Gastgeber viel kaputt gemacht. In der H\u00f6he war der Sieg dann verdient.&#8220; Weiter geht es am Sonntag f\u00fcr Heddernheim mit dem Ausw\u00e4rtsspiel beim FC Gudesding (15.30 Uhr), gegen den eine positive Bilanz besteht (siehe vorangegangenen Bericht). Der BSC erwartet um 15 Uhr den R\u00f6delheimer FC.\u00a0<\/p>\n<blockquote>\n<h4>Schiedsrichter: Jonas Doumaz (FC Mammolshain). Zuschauer: 55.\u00a0<\/h4>\n<h4>Tore: 0:1 Elias Jennaoui (14.), 0:2 \u00d6zkan Ucar (24.), 0:3 Maximilian B\u00fcge (25.), 1:3 Ayman Gasoos (35.), 2:3 Maximilian Adutwum (52.\/Eigentor), 2:4 Nftalim Tsegay (64.), 2:5 Mulualem Tilahun Haile (74.), 3:5 Luka Filip Brnas (81.), 3:6 Hicham Abdessadki (90.\/+3). \u00a0<\/h4>\n<\/blockquote>\n\n\n<figure class=\"wp-block-gallery has-nested-images columns-default is-cropped wp-block-gallery-1 is-layout-flex wp-block-gallery-is-layout-flex\">\n<figure class=\"wp-block-image size-large is-style-rounded\"><img loading=\"lazy\" decoding=\"async\" width=\"1024\" height=\"768\" data-id=\"22623\" src=\"https:\/\/insideamateurfussball-ffm.de\/wp-content\/uploads\/2024\/11\/he-bsc1-1024x768.jpg\" alt=\"\" class=\"wp-image-22623\" srcset=\"https:\/\/insideamateurfussball-ffm.de\/wp-content\/uploads\/2024\/11\/he-bsc1-1024x768.jpg 1024w, https:\/\/insideamateurfussball-ffm.de\/wp-content\/uploads\/2024\/11\/he-bsc1-300x225.jpg 300w, https:\/\/insideamateurfussball-ffm.de\/wp-content\/uploads\/2024\/11\/he-bsc1-768x576.jpg 768w, https:\/\/insideamateurfussball-ffm.de\/wp-content\/uploads\/2024\/11\/he-bsc1-1536x1152.jpg 1536w, https:\/\/insideamateurfussball-ffm.de\/wp-content\/uploads\/2024\/11\/he-bsc1.jpg 2048w\" sizes=\"auto, (max-width: 1024px) 100vw, 1024px\" \/><\/figure>\n<\/figure>\n\n\n\n<figure class=\"wp-block-gallery has-nested-images columns-default is-cropped wp-block-gallery-2 is-layout-flex wp-block-gallery-is-layout-flex\">\n<figure class=\"wp-block-image size-large is-style-rounded\"><img loading=\"lazy\" decoding=\"async\" width=\"1024\" height=\"768\" data-id=\"22624\" src=\"https:\/\/insideamateurfussball-ffm.de\/wp-content\/uploads\/2024\/11\/he-bsc2-1024x768.jpg\" alt=\"\" class=\"wp-image-22624\" srcset=\"https:\/\/insideamateurfussball-ffm.de\/wp-content\/uploads\/2024\/11\/he-bsc2-1024x768.jpg 1024w, https:\/\/insideamateurfussball-ffm.de\/wp-content\/uploads\/2024\/11\/he-bsc2-300x225.jpg 300w, https:\/\/insideamateurfussball-ffm.de\/wp-content\/uploads\/2024\/11\/he-bsc2-768x576.jpg 768w, https:\/\/insideamateurfussball-ffm.de\/wp-content\/uploads\/2024\/11\/he-bsc2-1536x1152.jpg 1536w, https:\/\/insideamateurfussball-ffm.de\/wp-content\/uploads\/2024\/11\/he-bsc2.jpg 2048w\" sizes=\"auto, (max-width: 1024px) 100vw, 1024px\" \/><\/figure>\n<\/figure>\n\n\n\n<figure class=\"wp-block-gallery has-nested-images columns-default is-cropped wp-block-gallery-3 is-layout-flex wp-block-gallery-is-layout-flex\">\n<figure class=\"wp-block-image size-large is-style-rounded\"><img loading=\"lazy\" decoding=\"async\" width=\"1024\" height=\"768\" data-id=\"22625\" src=\"https:\/\/insideamateurfussball-ffm.de\/wp-content\/uploads\/2024\/11\/he-bsc3-1024x768.jpg\" alt=\"\" class=\"wp-image-22625\" srcset=\"https:\/\/insideamateurfussball-ffm.de\/wp-content\/uploads\/2024\/11\/he-bsc3-1024x768.jpg 1024w, https:\/\/insideamateurfussball-ffm.de\/wp-content\/uploads\/2024\/11\/he-bsc3-300x225.jpg 300w, https:\/\/insideamateurfussball-ffm.de\/wp-content\/uploads\/2024\/11\/he-bsc3-768x576.jpg 768w, https:\/\/insideamateurfussball-ffm.de\/wp-content\/uploads\/2024\/11\/he-bsc3-1536x1152.jpg 1536w, https:\/\/insideamateurfussball-ffm.de\/wp-content\/uploads\/2024\/11\/he-bsc3.jpg 2048w\" sizes=\"auto, (max-width: 1024px) 100vw, 1024px\" \/><\/figure>\n<\/figure>\n\n\n\n<figure class=\"wp-block-gallery has-nested-images columns-default is-cropped wp-block-gallery-4 is-layout-flex wp-block-gallery-is-layout-flex\">\n<figure class=\"wp-block-image size-large is-style-rounded\"><img loading=\"lazy\" decoding=\"async\" width=\"1024\" height=\"768\" data-id=\"22626\" src=\"https:\/\/insideamateurfussball-ffm.de\/wp-content\/uploads\/2024\/11\/he-bsc4-1024x768.jpg\" alt=\"\" class=\"wp-image-22626\" srcset=\"https:\/\/insideamateurfussball-ffm.de\/wp-content\/uploads\/2024\/11\/he-bsc4-1024x768.jpg 1024w, https:\/\/insideamateurfussball-ffm.de\/wp-content\/uploads\/2024\/11\/he-bsc4-300x225.jpg 300w, https:\/\/insideamateurfussball-ffm.de\/wp-content\/uploads\/2024\/11\/he-bsc4-768x576.jpg 768w, https:\/\/insideamateurfussball-ffm.de\/wp-content\/uploads\/2024\/11\/he-bsc4-1536x1152.jpg 1536w, https:\/\/insideamateurfussball-ffm.de\/wp-content\/uploads\/2024\/11\/he-bsc4.jpg 2048w\" sizes=\"auto, (max-width: 1024px) 100vw, 1024px\" \/><\/figure>\n<\/figure>\n","protected":false},"excerpt":{"rendered":"<p>Der SV 07 Heddernheim bekommt seine Probleme in der Defensive nicht in den Griff. Nach der 3:6-Heimschlappe gegen Aufsteiger BSC Schwarz-Wei\u00df 19 haben die Gr\u00fcn-Wei\u00dfen bereits 56 Gegentreffer in 17 Partien kassiert. Dadurch st\u00fcrzte der SVH auf einen direkten Abstiegsplatz und muss in dieser Verfassung den Abstieg in die A-Klasse bef\u00fcrchten.\u00a0 SV 07 Heddernheim &#8211; [&hellip;]<\/p>\n","protected":false},"author":1,"featured_media":22622,"comment_status":"closed","ping_status":"closed","sticky":true,"template":"","format":"standard","meta":{"footnotes":""},"categories":[2],"tags":[],"class_list":["post-22621","post","type-post","status-publish","format-standard","has-post-thumbnail","hentry","category-kreisoberliga-frankfurt"],"_links":{"self":[{"href":"https:\/\/insideamateurfussball-ffm.de\/index.php?rest_route=\/wp\/v2\/posts\/22621","targetHints":{"allow":["GET"]}}],"collection":[{"href":"https:\/\/insideamateurfussball-ffm.de\/index.php?rest_route=\/wp\/v2\/posts"}],"about":[{"href":"https:\/\/insideamateurfussball-ffm.de\/index.php?rest_route=\/wp\/v2\/types\/post"}],"author":[{"embeddable":true,"href":"https:\/\/insideamateurfussball-ffm.de\/index.php?rest_route=\/wp\/v2\/users\/1"}],"replies":[{"embeddable":true,"href":"https:\/\/insideamateurfussball-ffm.de\/index.php?rest_route=%2Fwp%2Fv2%2Fcomments&post=22621"}],"version-history":[{"count":2,"href":"https:\/\/insideamateurfussball-ffm.de\/index.php?rest_route=\/wp\/v2\/posts\/22621\/revisions"}],"predecessor-version":[{"id":22628,"href":"https:\/\/insideamateurfussball-ffm.de\/index.php?rest_route=\/wp\/v2\/posts\/22621\/revisions\/22628"}],"wp:featuredmedia":[{"embeddable":true,"href":"https:\/\/insideamateurfussball-ffm.de\/index.php?rest_route=\/wp\/v2\/media\/22622"}],"wp:attachment":[{"href":"https:\/\/insideamateurfussball-ffm.de\/index.php?rest_route=%2Fwp%2Fv2%2Fmedia&parent=22621"}],"wp:term":[{"taxonomy":"category","embeddable":true,"href":"https:\/\/insideamateurfussball-ffm.de\/index.php?rest_route=%2Fwp%2Fv2%2Fcategories&post=22621"},{"taxonomy":"post_tag","embeddable":true,"href":"https:\/\/insideamateurfussball-ffm.de\/index.php?rest_route=%2Fwp%2Fv2%2Ftags&post=22621"}],"curies":[{"name":"wp","href":"https:\/\/api.w.org\/{rel}","templated":true}]}}