{"id":22617,"date":"2024-11-19T18:37:39","date_gmt":"2024-11-19T16:37:39","guid":{"rendered":"https:\/\/insideamateurfussball-ffm.de\/?p=22617"},"modified":"2024-11-19T18:38:34","modified_gmt":"2024-11-19T16:38:34","slug":"gudesding-gewinnt-bei-heimsieglosen-enkheimern","status":"publish","type":"post","link":"https:\/\/insideamateurfussball-ffm.de\/?p=22617","title":{"rendered":"Gudesding gewinnt bei heimsieglosen Enkheimern"},"content":{"rendered":"<h4>Der FC Gudesding befreite sich mit dem 4:2-Ausw\u00e4rtssieg beim FC Germania Enkheim aus dem Tabellenkeller, verbesserte sich von Rang 16 auf 14, gewann nach der 1:2-Hinspielniederlage den direkten Vergleich und r\u00fcckte bis auf vier Punkte an den Tabellenelften heran.<\/h4>\n<figure id=\"attachment_22618\" aria-describedby=\"caption-attachment-22618\" style=\"width: 1006px\" class=\"wp-caption alignnone\"><img loading=\"lazy\" decoding=\"async\" class=\"wp-image-22618\" src=\"http:\/\/insideamateurfussball-ffm.de\/wp-content\/uploads\/2024\/11\/jokoe.jpg\" alt=\"\" width=\"1006\" height=\"755\" srcset=\"https:\/\/insideamateurfussball-ffm.de\/wp-content\/uploads\/2024\/11\/jokoe.jpg 997w, https:\/\/insideamateurfussball-ffm.de\/wp-content\/uploads\/2024\/11\/jokoe-300x225.jpg 300w, https:\/\/insideamateurfussball-ffm.de\/wp-content\/uploads\/2024\/11\/jokoe-768x576.jpg 768w\" sizes=\"auto, (max-width: 1006px) 100vw, 1006px\" \/><figcaption id=\"caption-attachment-22618\" class=\"wp-caption-text\">Gudesding-Torwart Jonathan Koenen. Foto: Archiv J\u00f6rg Schulz.<\/figcaption><\/figure>\n<h4>FC Germania Enkheim &#8211; FC Gudesding 2:4 (2:2)<\/h4>\n<p><img loading=\"lazy\" decoding=\"async\" class=\"alignnone size-full wp-image-1537\" src=\"http:\/\/insideamateurfussball-ffm.de\/wp-content\/uploads\/2022\/07\/Enkheim.jpg\" alt=\"\" width=\"63\" height=\"80\" \/><img loading=\"lazy\" decoding=\"async\" class=\"alignnone size-full wp-image-10\" src=\"http:\/\/insideamateurfussball-ffm.de\/wp-content\/uploads\/2021\/11\/Gudesding.jpg\" alt=\"\" width=\"64\" height=\"80\" \/><\/p>\n<p>Enkheims Trainer Steffen Wittig bezeichnete die Partie als &#8222;vogelwildes Spiel mit einem st\u00e4ndigen hin und her. Insgesamt kein gutes Spiel, da es auch ziemlich nicklig war.&#8220; Gudesding ging relativ fr\u00fch durch Fabian Lifka in F\u00fchrung (15.). Enkheim konnte das Ergebnis aber nach dem R\u00fcckstand drehen. Erst egalisierte Tobias Schirmer (24.), dann erzielte Eray Aksoy das 2:1 (26.). Die Gastgeber mussten aber vor der Halbzeit den Ausgleich durch Abderrafik Imeghry hinnehmen (40.). Nach dem Seitenwechsel f\u00fchrte ein Standard der G\u00e4ste zum 2:3 durch Mutaz Husain (65.). In der Schlussminute machten die &#8222;Guden&#8220; mit Kevin Lange den Ausw\u00e4rtssieg klar. &#8222;Wir haben die Chance verpasst den Vorsprung auf zehn Punkte auszubauen und m\u00fcssen nun am Sonntag bei Bornheim II versuchen unsere n\u00e4chsten Punkte zu holen. Insgesamt sind wir entt\u00e4uscht&#8220;, meinte Wittig.<\/p>\n<p>Denn der Aufsteiger steht weiter ohne Heimsieg da, die bisherigen vier Siege gelangen alle ausw\u00e4rts. Gudesdings Co-Trainer Paul Weiss freute sich \u00fcber den ersten Ausw\u00e4rtssieg: &#8222;Endlich wieder 3 Punkte! Die Mannschaft hat sich belohnt, ein gutes Spiel gemacht und alles rein gehauen. Gerade in den Phasen, in denen wir nicht griffig genug waren, zu viele Ballverluste produziert haben, stand die Mannschaft hinten kompakt und organisiert. Die Sch\u00fcsse, die aufs Tor kamen wurden von unserem Keeper Jonathan Koenen super pariert. Enkheim hat keine schlechte Mannschaft und dort ist es immer unangenehm. Wir sind froh, endlich ausw\u00e4rts gewonnen zu haben. Bis zur Winterpause sind es noch drei Spiele, die wir so erfolgreich wie m\u00f6glich gestalten wollen. Der Sieg und der Sprung auf Platz 14 tut uns allen gut, es ist aber noch ein langer Weg. Wir wollen und m\u00fcssen weiter punkten.&#8220;<\/p>\n<blockquote>\n<h4>Gudesding verlor die letzten drei Spiele gegen Heddernheim immer mit drei Toren Differenz<\/h4>\n<\/blockquote>\n<p>N\u00e4chsten Sonntag um 15.30 Uhr gegen den auf den vorletzten Rang abgerutschten SV 07 Heddernheim soll es im Ostpark positiv weiter gehen.<\/p>\n<p>Jedoch hat der FCG gegen den SV 07 eine negative Bilanz. Seit 2019 gelang nur ein Sieg (5:2 am 15. Februar 2023) in neun Partien, das Hinspiel ging am 11. August mit 2:5 verloren. Auch in der Vorsaison verlor Gudesding beide Spiele mit drei Toren Differenz (2:5\/1:4).<\/p>\n<blockquote>\n<h4>Schiedsrichter: Savas Satilmis (FSV Bad Orb). Zuschauer: 40.<\/h4>\n<h4>Tore: 0:1 Fabian Lifka (15.), 1:1 Tobias Schirmer (24.), 2:1 Eray Aksoy (26.), 2:2 Abderrafik Imeghry (40.), 2:3 Mutaz Husain (65.), 2:4 Kevin Lange (90.).<\/h4>\n<\/blockquote>\n","protected":false},"excerpt":{"rendered":"<p>Der FC Gudesding befreite sich mit dem 4:2-Ausw\u00e4rtssieg beim FC Germania Enkheim aus dem Tabellenkeller, verbesserte sich von Rang 16 auf 14, gewann nach der 1:2-Hinspielniederlage den direkten Vergleich und r\u00fcckte bis auf vier Punkte an den Tabellenelften heran. FC Germania Enkheim &#8211; FC Gudesding 2:4 (2:2) Enkheims Trainer Steffen Wittig bezeichnete die Partie als [&hellip;]<\/p>\n","protected":false},"author":1,"featured_media":22618,"comment_status":"closed","ping_status":"closed","sticky":true,"template":"","format":"standard","meta":{"footnotes":""},"categories":[2],"tags":[],"class_list":["post-22617","post","type-post","status-publish","format-standard","has-post-thumbnail","hentry","category-kreisoberliga-frankfurt"],"_links":{"self":[{"href":"https:\/\/insideamateurfussball-ffm.de\/index.php?rest_route=\/wp\/v2\/posts\/22617","targetHints":{"allow":["GET"]}}],"collection":[{"href":"https:\/\/insideamateurfussball-ffm.de\/index.php?rest_route=\/wp\/v2\/posts"}],"about":[{"href":"https:\/\/insideamateurfussball-ffm.de\/index.php?rest_route=\/wp\/v2\/types\/post"}],"author":[{"embeddable":true,"href":"https:\/\/insideamateurfussball-ffm.de\/index.php?rest_route=\/wp\/v2\/users\/1"}],"replies":[{"embeddable":true,"href":"https:\/\/insideamateurfussball-ffm.de\/index.php?rest_route=%2Fwp%2Fv2%2Fcomments&post=22617"}],"version-history":[{"count":2,"href":"https:\/\/insideamateurfussball-ffm.de\/index.php?rest_route=\/wp\/v2\/posts\/22617\/revisions"}],"predecessor-version":[{"id":22620,"href":"https:\/\/insideamateurfussball-ffm.de\/index.php?rest_route=\/wp\/v2\/posts\/22617\/revisions\/22620"}],"wp:featuredmedia":[{"embeddable":true,"href":"https:\/\/insideamateurfussball-ffm.de\/index.php?rest_route=\/wp\/v2\/media\/22618"}],"wp:attachment":[{"href":"https:\/\/insideamateurfussball-ffm.de\/index.php?rest_route=%2Fwp%2Fv2%2Fmedia&parent=22617"}],"wp:term":[{"taxonomy":"category","embeddable":true,"href":"https:\/\/insideamateurfussball-ffm.de\/index.php?rest_route=%2Fwp%2Fv2%2Fcategories&post=22617"},{"taxonomy":"post_tag","embeddable":true,"href":"https:\/\/insideamateurfussball-ffm.de\/index.php?rest_route=%2Fwp%2Fv2%2Ftags&post=22617"}],"curies":[{"name":"wp","href":"https:\/\/api.w.org\/{rel}","templated":true}]}}