{"id":22599,"date":"2024-11-18T20:39:06","date_gmt":"2024-11-18T18:39:06","guid":{"rendered":"https:\/\/insideamateurfussball-ffm.de\/?p=22599"},"modified":"2024-11-18T20:39:06","modified_gmt":"2024-11-18T18:39:06","slug":"kein-gutes-bosnisches-wochenende","status":"publish","type":"post","link":"https:\/\/insideamateurfussball-ffm.de\/?p=22599","title":{"rendered":"Kein gutes bosnisches Wochenende"},"content":{"rendered":"<h4>Kein gutes Wochenende f\u00fcr die bosnischen Fu\u00dfballfans aus Frankfurt. Weder beim L\u00e4nderspiel am Samstag noch beim Gruppenliga-Spiel am Sonntag war ihnen ein Tor verg\u00f6nnt. Der SV Bosnien\/Herzegowina unterlag beim T\u00fcrkischen SV Bad Nauheim mit 0:3 zwar etwas moderater als das Nationalteam gegen Deutschland (0:7), zufrieden konnte das Team von Trainer Amir Mustafic damit aber nicht sein.<\/h4>\n<figure id=\"attachment_22600\" aria-describedby=\"caption-attachment-22600\" style=\"width: 944px\" class=\"wp-caption alignnone\"><img loading=\"lazy\" decoding=\"async\" class=\"wp-image-22600\" src=\"http:\/\/insideamateurfussball-ffm.de\/wp-content\/uploads\/2024\/11\/Tg-Nauheim1.jpg\" alt=\"\" width=\"944\" height=\"661\" srcset=\"https:\/\/insideamateurfussball-ffm.de\/wp-content\/uploads\/2024\/11\/Tg-Nauheim1.jpg 945w, https:\/\/insideamateurfussball-ffm.de\/wp-content\/uploads\/2024\/11\/Tg-Nauheim1-300x210.jpg 300w, https:\/\/insideamateurfussball-ffm.de\/wp-content\/uploads\/2024\/11\/Tg-Nauheim1-768x538.jpg 768w\" sizes=\"auto, (max-width: 944px) 100vw, 944px\" \/><figcaption id=\"caption-attachment-22600\" class=\"wp-caption-text\">Der T\u00fcrkische SV Bad Nauheim gewann mit 3:0 gegen den SV Bosnien\/Herzegowina. Foto: Archiv Mithat G\u00fcrser.\u00a0\u00a0<\/figcaption><\/figure>\n<h4>T\u00fcrkischer SV Bad Nauheim &#8211; SV Bosnien\/Herzegowina 3:0 (2:0)<\/h4>\n<p><img loading=\"lazy\" decoding=\"async\" class=\"alignnone size-full wp-image-2300\" src=\"http:\/\/insideamateurfussball-ffm.de\/wp-content\/uploads\/2022\/08\/TSVBN.jpg\" alt=\"\" width=\"80\" height=\"80\" \/><img loading=\"lazy\" decoding=\"async\" class=\"alignnone size-full wp-image-139\" src=\"http:\/\/insideamateurfussball-ffm.de\/wp-content\/uploads\/2022\/05\/Bosnien.jpg\" alt=\"\" width=\"79\" height=\"80\" \/><\/p>\n<p>F\u00fcr den bosnischen Pressesprecher Admir Malohodzic war es kein erfolgreiches Wochenende. Am Samstagabend hatte er die 0:7-Niederlage der Nationalelf Bosnien\/Herzegowinas gegen Deutschland in Freiburg live im Stadion miterlebt, auch am Sonntag kehrte er mit einer Niederlage ohne eigenes Tor nach Frankfurt zur\u00fcck.<\/p>\n<blockquote>\n<h4>Keskin und Belfkih sorgen f\u00fcr die Halbzeitf\u00fchrung Bad Nauheims<\/h4>\n<\/blockquote>\n<p>&#8222;Wir h\u00e4tten noch drei Stunden spielen k\u00f6nnen und h\u00e4tten kein Tor gemacht. Die Chancenverwertung war totsl miserabel. Wir haben auch das leere Tor nicht getroffen&#8220;, war Malohodzic frustriert. Ozan Keskin (24.) und Yassin Belfkih (37.) sorgten f\u00fcr die Halbzeitf\u00fchrung der Bad Nauheimer.<\/p>\n<p>In der Schlussminute setzte Keskin noch einen Konter zum 3:0. F\u00fcr die Bosnier steht am Sonntag das Gallus-Derby gegen den Tabellenletzten FFV Sportfreunde 04 auf dem Spielplan.<\/p>\n<blockquote>\n<h4>Schiedsrichter: Lennard Goronzy (Sportfreunde\/Blau-Gelb Marburg). Zuschauer: 80.<\/h4>\n<h4>Tore: 1:0 Ozan Keskin (24.), 2:0 Yassin Belfkih (37.), 3:0 Ozan Keskin (90.).<\/h4>\n<\/blockquote>\n","protected":false},"excerpt":{"rendered":"<p>Kein gutes Wochenende f\u00fcr die bosnischen Fu\u00dfballfans aus Frankfurt. Weder beim L\u00e4nderspiel am Samstag noch beim Gruppenliga-Spiel am Sonntag war ihnen ein Tor verg\u00f6nnt. Der SV Bosnien\/Herzegowina unterlag beim T\u00fcrkischen SV Bad Nauheim mit 0:3 zwar etwas moderater als das Nationalteam gegen Deutschland (0:7), zufrieden konnte das Team von Trainer Amir Mustafic damit aber nicht [&hellip;]<\/p>\n","protected":false},"author":1,"featured_media":22600,"comment_status":"closed","ping_status":"closed","sticky":true,"template":"","format":"standard","meta":{"footnotes":""},"categories":[13],"tags":[],"class_list":["post-22599","post","type-post","status-publish","format-standard","has-post-thumbnail","hentry","category-gruppenliga-frankfurt-west"],"_links":{"self":[{"href":"https:\/\/insideamateurfussball-ffm.de\/index.php?rest_route=\/wp\/v2\/posts\/22599","targetHints":{"allow":["GET"]}}],"collection":[{"href":"https:\/\/insideamateurfussball-ffm.de\/index.php?rest_route=\/wp\/v2\/posts"}],"about":[{"href":"https:\/\/insideamateurfussball-ffm.de\/index.php?rest_route=\/wp\/v2\/types\/post"}],"author":[{"embeddable":true,"href":"https:\/\/insideamateurfussball-ffm.de\/index.php?rest_route=\/wp\/v2\/users\/1"}],"replies":[{"embeddable":true,"href":"https:\/\/insideamateurfussball-ffm.de\/index.php?rest_route=%2Fwp%2Fv2%2Fcomments&post=22599"}],"version-history":[{"count":1,"href":"https:\/\/insideamateurfussball-ffm.de\/index.php?rest_route=\/wp\/v2\/posts\/22599\/revisions"}],"predecessor-version":[{"id":22601,"href":"https:\/\/insideamateurfussball-ffm.de\/index.php?rest_route=\/wp\/v2\/posts\/22599\/revisions\/22601"}],"wp:featuredmedia":[{"embeddable":true,"href":"https:\/\/insideamateurfussball-ffm.de\/index.php?rest_route=\/wp\/v2\/media\/22600"}],"wp:attachment":[{"href":"https:\/\/insideamateurfussball-ffm.de\/index.php?rest_route=%2Fwp%2Fv2%2Fmedia&parent=22599"}],"wp:term":[{"taxonomy":"category","embeddable":true,"href":"https:\/\/insideamateurfussball-ffm.de\/index.php?rest_route=%2Fwp%2Fv2%2Fcategories&post=22599"},{"taxonomy":"post_tag","embeddable":true,"href":"https:\/\/insideamateurfussball-ffm.de\/index.php?rest_route=%2Fwp%2Fv2%2Ftags&post=22599"}],"curies":[{"name":"wp","href":"https:\/\/api.w.org\/{rel}","templated":true}]}}