{"id":22596,"date":"2024-11-18T20:13:34","date_gmt":"2024-11-18T18:13:34","guid":{"rendered":"https:\/\/insideamateurfussball-ffm.de\/?p=22596"},"modified":"2024-11-18T20:13:34","modified_gmt":"2024-11-18T18:13:34","slug":"an-seckbachs-torjaeger-schuberth-scheiden-sich-die-geister","status":"publish","type":"post","link":"https:\/\/insideamateurfussball-ffm.de\/?p=22596","title":{"rendered":"An Seckbachs Torj\u00e4ger Schuberth scheiden sich die Geister"},"content":{"rendered":"<h4>Die FG Seckbach besiegte in der Gruppenliga Frankfurt West in einem Frankfurter Kreisduell die Spvgg. 05 Oberrad mit 3:0 und festigte Rang drei. Im Mittelpunkt der Diskussionen stand der Seckbacher Torj\u00e4ger Florian Schuberth.<\/h4>\n<figure id=\"attachment_22597\" aria-describedby=\"caption-attachment-22597\" style=\"width: 955px\" class=\"wp-caption alignnone\"><img loading=\"lazy\" decoding=\"async\" class=\"wp-image-22597\" src=\"http:\/\/insideamateurfussball-ffm.de\/wp-content\/uploads\/2024\/11\/pok20-2.jpg\" alt=\"\" width=\"955\" height=\"671\" srcset=\"https:\/\/insideamateurfussball-ffm.de\/wp-content\/uploads\/2024\/11\/pok20-2.jpg 945w, https:\/\/insideamateurfussball-ffm.de\/wp-content\/uploads\/2024\/11\/pok20-2-300x211.jpg 300w, https:\/\/insideamateurfussball-ffm.de\/wp-content\/uploads\/2024\/11\/pok20-2-768x540.jpg 768w\" sizes=\"auto, (max-width: 955px) 100vw, 955px\" \/><figcaption id=\"caption-attachment-22597\" class=\"wp-caption-text\">Die FG Seckbach mischt weiter oben mit. Foto: Archiv Mithat G\u00fcrser.<\/figcaption><\/figure>\n<h4>FG Seckbach &#8211; Spvgg. 05 Oberrad 3:0 (2:0)<\/h4>\n<p><img loading=\"lazy\" decoding=\"async\" class=\"alignnone size-full wp-image-544\" src=\"http:\/\/insideamateurfussball-ffm.de\/wp-content\/uploads\/2022\/06\/Seckbach.jpg\" alt=\"\" width=\"80\" height=\"80\" \/><img loading=\"lazy\" decoding=\"async\" class=\"alignnone size-full wp-image-137\" src=\"http:\/\/insideamateurfussball-ffm.de\/wp-content\/uploads\/2022\/05\/Oberrad05.jpg\" alt=\"\" width=\"79\" height=\"80\" \/><\/p>\n<p>120 Zuschauer an der Hochst\u00e4dter Stra\u00dfe sahen einen gut aufgelegten Seckbacher Torj\u00e4ger Florian Schuberth, der die Gastgeber auf Pass von Benedikt Linzenmeier in F\u00fchrung brachte (8.). Mit dem 14. Saisontreffer erh\u00f6hte Schuberth auf Zuspiel von Spielertrainer Manuel May auf 2:0 (17.). Oberrad kam erst nach der ersten halben Stunde ins Spiel und vergab s\u00e4mtliche M\u00f6glichkeiten.<\/p>\n<p>Allerdings hatten die G\u00e4ste auch Pech, als der Spielvereinigung ein Elfmeter an Milan Matijevic nicht gegeben wurde. Nach dem Seitenwechsel verwaltete Seckbach den Vorsprung, traf durch Kapit\u00e4n Milad Wardak die Latte, der danach den 3:0-Endstand besorgte (74.).<\/p>\n<blockquote>\n<h4>Bernstein beschwert sich \u00fcber das Auftreten von Schuberth<\/h4>\n<\/blockquote>\n<p>&#8222;Aus unserer Sicht ein aufgrund der Chancen hochverdienter Sieg, der auch h\u00e4tte h\u00f6her ausfallen k\u00f6nnen. Spielerisch war das eine sehr gute Leistung&#8220;, sagte Seckbachs Spielausschuss-Chef Jo Nareike. Oberrads Trainer Gabriel Bernstein meinte: &#8222;Wir hatten genug Chancen, um das Spiel zu drehen oder zumindest Remis zu spielen.&#8220;<\/p>\n<p>Bernstein beschwerte sich \u00fcber das Auftreten von Schuberth. &#8222;Das ist ein Super Fu\u00dfballer und Torj\u00e4ger. Er hat aber gegen Todi Vasilev nach getreten und meine Spieler beleidigt.&#8220; Nareike widersprach dem: &#8222;Ich sehe das anders und kann an Flo kein bisschen mehr oder weniger Unfairness erkennen als bei anderen.&#8220; N\u00e4chsten Sonntag erwarten die Seckbacher im Derby die Spvgg. Fechenheim. Oberrad erwartet den Aufsteiger Spvgg. 05\/99 Bomber Bad Homburg.<\/p>\n<blockquote>\n<h4>Schiedsrichter: Jan Schubert (TuS Lindenholzhausen). Zuschauer: 120.<\/h4>\n<h4>Tore: 1:0, 2:0 Florian Schuberth (8.\/17.), 3:0 Milad Wardak (74.).<\/h4>\n<\/blockquote>\n","protected":false},"excerpt":{"rendered":"<p>Die FG Seckbach besiegte in der Gruppenliga Frankfurt West in einem Frankfurter Kreisduell die Spvgg. 05 Oberrad mit 3:0 und festigte Rang drei. Im Mittelpunkt der Diskussionen stand der Seckbacher Torj\u00e4ger Florian Schuberth. FG Seckbach &#8211; Spvgg. 05 Oberrad 3:0 (2:0) 120 Zuschauer an der Hochst\u00e4dter Stra\u00dfe sahen einen gut aufgelegten Seckbacher Torj\u00e4ger Florian Schuberth, [&hellip;]<\/p>\n","protected":false},"author":1,"featured_media":22597,"comment_status":"closed","ping_status":"closed","sticky":true,"template":"","format":"standard","meta":{"footnotes":""},"categories":[13],"tags":[],"class_list":["post-22596","post","type-post","status-publish","format-standard","has-post-thumbnail","hentry","category-gruppenliga-frankfurt-west"],"_links":{"self":[{"href":"https:\/\/insideamateurfussball-ffm.de\/index.php?rest_route=\/wp\/v2\/posts\/22596","targetHints":{"allow":["GET"]}}],"collection":[{"href":"https:\/\/insideamateurfussball-ffm.de\/index.php?rest_route=\/wp\/v2\/posts"}],"about":[{"href":"https:\/\/insideamateurfussball-ffm.de\/index.php?rest_route=\/wp\/v2\/types\/post"}],"author":[{"embeddable":true,"href":"https:\/\/insideamateurfussball-ffm.de\/index.php?rest_route=\/wp\/v2\/users\/1"}],"replies":[{"embeddable":true,"href":"https:\/\/insideamateurfussball-ffm.de\/index.php?rest_route=%2Fwp%2Fv2%2Fcomments&post=22596"}],"version-history":[{"count":1,"href":"https:\/\/insideamateurfussball-ffm.de\/index.php?rest_route=\/wp\/v2\/posts\/22596\/revisions"}],"predecessor-version":[{"id":22598,"href":"https:\/\/insideamateurfussball-ffm.de\/index.php?rest_route=\/wp\/v2\/posts\/22596\/revisions\/22598"}],"wp:featuredmedia":[{"embeddable":true,"href":"https:\/\/insideamateurfussball-ffm.de\/index.php?rest_route=\/wp\/v2\/media\/22597"}],"wp:attachment":[{"href":"https:\/\/insideamateurfussball-ffm.de\/index.php?rest_route=%2Fwp%2Fv2%2Fmedia&parent=22596"}],"wp:term":[{"taxonomy":"category","embeddable":true,"href":"https:\/\/insideamateurfussball-ffm.de\/index.php?rest_route=%2Fwp%2Fv2%2Fcategories&post=22596"},{"taxonomy":"post_tag","embeddable":true,"href":"https:\/\/insideamateurfussball-ffm.de\/index.php?rest_route=%2Fwp%2Fv2%2Ftags&post=22596"}],"curies":[{"name":"wp","href":"https:\/\/api.w.org\/{rel}","templated":true}]}}