{"id":22592,"date":"2024-11-18T19:54:51","date_gmt":"2024-11-18T17:54:51","guid":{"rendered":"https:\/\/insideamateurfussball-ffm.de\/?p=22592"},"modified":"2024-11-18T19:54:53","modified_gmt":"2024-11-18T17:54:53","slug":"fechenheim-im-zweiten-abschnitt-wie-ausgetauscht","status":"publish","type":"post","link":"https:\/\/insideamateurfussball-ffm.de\/?p=22592","title":{"rendered":"Fechenheim im zweiten Abschnitt wie ausgetauscht"},"content":{"rendered":"<h4>In einem Stadtduell unterlag der FC Tempo vor heimischer Kulisse der Spvgg. 03 Fechenheim mit 1:4 (1:0) und w\u00fcrde bei aktuell drei Absteigern den Relegationsplatz belegen. Die Fechenheimer festigten den sechsten Tabellenrang.<\/h4>\n<figure id=\"attachment_22593\" aria-describedby=\"caption-attachment-22593\" style=\"width: 955px\" class=\"wp-caption alignnone\"><img loading=\"lazy\" decoding=\"async\" class=\"wp-image-22593\" src=\"http:\/\/insideamateurfussball-ffm.de\/wp-content\/uploads\/2024\/11\/bosn12-1.jpg\" alt=\"\" width=\"955\" height=\"671\" srcset=\"https:\/\/insideamateurfussball-ffm.de\/wp-content\/uploads\/2024\/11\/bosn12-1.jpg 945w, https:\/\/insideamateurfussball-ffm.de\/wp-content\/uploads\/2024\/11\/bosn12-1-300x211.jpg 300w, https:\/\/insideamateurfussball-ffm.de\/wp-content\/uploads\/2024\/11\/bosn12-1-768x540.jpg 768w\" sizes=\"auto, (max-width: 955px) 100vw, 955px\" \/><figcaption id=\"caption-attachment-22593\" class=\"wp-caption-text\">Die Spvgg. Fechenheim belegt Rang sechs. Foto: Archiv Mithat G\u00fcrser.\u00a0\u00a0<\/figcaption><\/figure>\n<h4>FC Tempo &#8211; Spvgg. 03 Fechenheim 1:4 (1:0)<\/h4>\n<p><img loading=\"lazy\" decoding=\"async\" class=\"alignnone size-full wp-image-31\" src=\"http:\/\/insideamateurfussball-ffm.de\/wp-content\/uploads\/2021\/11\/Tempo.jpg\" alt=\"\" width=\"80\" height=\"80\" \/><img loading=\"lazy\" decoding=\"async\" class=\"alignnone size-full wp-image-603\" src=\"http:\/\/insideamateurfussball-ffm.de\/wp-content\/uploads\/2022\/06\/Fech03.jpg\" alt=\"\" width=\"52\" height=\"80\" \/><\/p>\n<p>Tempo f\u00fchrte zur Halbzeit durch Tomislav Stekovic (20.). Zur Halbzeit nahm Fechenheims Trainer Piradeep Siva Anandan St\u00fcrmer Yassin Chaouki heraus und brachte Giovanbattista Pedace. Fortan lief das Spiel der G\u00e4ste fl\u00fcssiger.<\/p>\n<p>Spielmacher Felix Casalino wechselte in den Sturm und erzielte den Ausgleich (50.). Pedace brachte die G\u00e4ste nach vorne (60.). Casalino baute die F\u00fchrung aus (68.). Nach einer Rangelei wurden Tempos Kapit\u00e4n Dejan Matijevic und der Fechenheimer Kevin Asare Weber mit der Roten Karte vom Platz gestellt (82.).<\/p>\n<blockquote>\n<h4>Fechenheim erwartet im Ost-Derby die FG Seckbach<\/h4>\n<\/blockquote>\n<p>Anas El Allaoui setzte den Schlusspunkt f\u00fcr den Gast (90.). &#8222;Das waren zwei verschiedene Halbzeiten. Nach dem Seitenwechsel wirkten wir im Angriffsspiel wie ausgetauscht&#8220;, bilanzierte Siva Anandan.<\/p>\n<p>Am n\u00e4chsten Sonntag f\u00e4hrt Tempo in den Frankfurter Norden zum Spitzenreiter FC Kalbach. Fechenheim erwartet im Ost-Derby die FG Seckbach.<\/p>\n<blockquote>\n<h4>Schiedsrichter: Benedict Mayer (FV Hellas R\u00fcsselsheim). Zuschauer: 100.<\/h4>\n<h4>Tore: 1:0 Tomislav Stekovic (20.), 1:1 Felix Casalino (50.), 1:2 Giovanbattista Pedace (60.), 1:3 Felix Casalino (68.), 1:4 Anas El Allaoui (90.).<\/h4>\n<\/blockquote>\n","protected":false},"excerpt":{"rendered":"<p>In einem Stadtduell unterlag der FC Tempo vor heimischer Kulisse der Spvgg. 03 Fechenheim mit 1:4 (1:0) und w\u00fcrde bei aktuell drei Absteigern den Relegationsplatz belegen. Die Fechenheimer festigten den sechsten Tabellenrang. FC Tempo &#8211; Spvgg. 03 Fechenheim 1:4 (1:0) Tempo f\u00fchrte zur Halbzeit durch Tomislav Stekovic (20.). Zur Halbzeit nahm Fechenheims Trainer Piradeep Siva [&hellip;]<\/p>\n","protected":false},"author":1,"featured_media":22593,"comment_status":"closed","ping_status":"closed","sticky":true,"template":"","format":"standard","meta":{"footnotes":""},"categories":[13],"tags":[],"class_list":["post-22592","post","type-post","status-publish","format-standard","has-post-thumbnail","hentry","category-gruppenliga-frankfurt-west"],"_links":{"self":[{"href":"https:\/\/insideamateurfussball-ffm.de\/index.php?rest_route=\/wp\/v2\/posts\/22592","targetHints":{"allow":["GET"]}}],"collection":[{"href":"https:\/\/insideamateurfussball-ffm.de\/index.php?rest_route=\/wp\/v2\/posts"}],"about":[{"href":"https:\/\/insideamateurfussball-ffm.de\/index.php?rest_route=\/wp\/v2\/types\/post"}],"author":[{"embeddable":true,"href":"https:\/\/insideamateurfussball-ffm.de\/index.php?rest_route=\/wp\/v2\/users\/1"}],"replies":[{"embeddable":true,"href":"https:\/\/insideamateurfussball-ffm.de\/index.php?rest_route=%2Fwp%2Fv2%2Fcomments&post=22592"}],"version-history":[{"count":1,"href":"https:\/\/insideamateurfussball-ffm.de\/index.php?rest_route=\/wp\/v2\/posts\/22592\/revisions"}],"predecessor-version":[{"id":22595,"href":"https:\/\/insideamateurfussball-ffm.de\/index.php?rest_route=\/wp\/v2\/posts\/22592\/revisions\/22595"}],"wp:featuredmedia":[{"embeddable":true,"href":"https:\/\/insideamateurfussball-ffm.de\/index.php?rest_route=\/wp\/v2\/media\/22593"}],"wp:attachment":[{"href":"https:\/\/insideamateurfussball-ffm.de\/index.php?rest_route=%2Fwp%2Fv2%2Fmedia&parent=22592"}],"wp:term":[{"taxonomy":"category","embeddable":true,"href":"https:\/\/insideamateurfussball-ffm.de\/index.php?rest_route=%2Fwp%2Fv2%2Fcategories&post=22592"},{"taxonomy":"post_tag","embeddable":true,"href":"https:\/\/insideamateurfussball-ffm.de\/index.php?rest_route=%2Fwp%2Fv2%2Ftags&post=22592"}],"curies":[{"name":"wp","href":"https:\/\/api.w.org\/{rel}","templated":true}]}}