{"id":22590,"date":"2024-11-18T19:34:18","date_gmt":"2024-11-18T17:34:18","guid":{"rendered":"https:\/\/insideamateurfussball-ffm.de\/?p=22590"},"modified":"2024-11-18T19:34:18","modified_gmt":"2024-11-18T17:34:18","slug":"bad-vilbel-trotzt-spitzenreiter-kalbach-ein-remis-ab","status":"publish","type":"post","link":"https:\/\/insideamateurfussball-ffm.de\/?p=22590","title":{"rendered":"Bad Vilbel trotzt Spitzenreiter Kalbach ein Remis ab"},"content":{"rendered":"<h4>Tabellenf\u00fchrer FC Kalbach musste sich in der Gruppenliga Frankfurt West mit einem 2:2 beim FV Bad Vilbel begn\u00fcgen. Der FC Karben r\u00fcckte durch das 3:2 bei der Spvgg. Bomber Bad Homburg bis auf zwei Punkte heran.<\/h4>\n<figure id=\"attachment_22558\" aria-describedby=\"caption-attachment-22558\" style=\"width: 2560px\" class=\"wp-caption alignnone\"><img loading=\"lazy\" decoding=\"async\" class=\"wp-image-22558 size-full\" src=\"http:\/\/insideamateurfussball-ffm.de\/wp-content\/uploads\/2024\/11\/IMG_0012-scaled.jpg\" alt=\"\" width=\"2560\" height=\"1707\" srcset=\"https:\/\/insideamateurfussball-ffm.de\/wp-content\/uploads\/2024\/11\/IMG_0012-scaled.jpg 2560w, https:\/\/insideamateurfussball-ffm.de\/wp-content\/uploads\/2024\/11\/IMG_0012-300x200.jpg 300w, https:\/\/insideamateurfussball-ffm.de\/wp-content\/uploads\/2024\/11\/IMG_0012-1024x683.jpg 1024w, https:\/\/insideamateurfussball-ffm.de\/wp-content\/uploads\/2024\/11\/IMG_0012-768x512.jpg 768w, https:\/\/insideamateurfussball-ffm.de\/wp-content\/uploads\/2024\/11\/IMG_0012-1536x1024.jpg 1536w, https:\/\/insideamateurfussball-ffm.de\/wp-content\/uploads\/2024\/11\/IMG_0012-2048x1365.jpg 2048w\" sizes=\"auto, (max-width: 2560px) 100vw, 2560px\" \/><figcaption id=\"caption-attachment-22558\" class=\"wp-caption-text\">Der FV Bad Vilbel jubelt \u00fcber eines seiner beiden Tore. Foto: JW.<\/figcaption><\/figure>\n<h4>FV Bad Vilbel &#8211; FC Kalbach 2:2 (1:0)<\/h4>\n<p><img loading=\"lazy\" decoding=\"async\" class=\"alignnone size-full wp-image-146\" src=\"http:\/\/insideamateurfussball-ffm.de\/wp-content\/uploads\/2022\/05\/FV-Bad-Vilbel.jpg\" alt=\"\" width=\"80\" height=\"80\" \/><img loading=\"lazy\" decoding=\"async\" class=\"alignnone size-full wp-image-16\" src=\"http:\/\/insideamateurfussball-ffm.de\/wp-content\/uploads\/2021\/11\/kalbach-wappen.jpg\" alt=\"\" width=\"80\" height=\"80\" \/><\/p>\n<p>Die Gastgeber gingen durch Leonardo Dilema in F\u00fchrung (17.), der kurz danach noch den Pfosten traf. Im zweiten Abschnitt egalisierte Aleksej Radulaski (63.), doch noch in der gleichen Spielminute lie\u00df sich der Kalbacher Moritz Uppenkamp nach dem Ansto\u00df \u00fcberlaufen und Bad Vilbels Dominik Emmel traf mit einem Traumtor in den Winkel zur erneuten Vilbeler F\u00fchrung.<\/p>\n<p>Wiederum Dilema hatte f\u00fcr die \u00fcberraschend stark aufspielenden Brunnenst\u00e4dter Pech mit einem Pfostenschuss (70.).<\/p>\n<blockquote>\n<h4>&#8222;Bad Vilbel hat einen gro\u00dfen Aufwand betrieben&#8220; (Manfred Meyer aus dem Kalbacher F\u00fchrungsteam)<\/h4>\n<\/blockquote>\n<p>Den gl\u00fccklichen Ausgleich des Spitzenreiters besorgte der zuvor gefoulte Torj\u00e4ger Achraf Gara Ali mit einem Elfmeter (84.). &#8222;Bad Vilbel hat im Rahmen seiner M\u00f6glichkeiten fantastisch gespielt&#8220;, erkannte Manfred Meyer aus dem Kalbacher F\u00fchrungsteam an.<\/p>\n<p>Dennoch bewertete Meyer das Remis als &#8222;Punktgewinn. Bad Vilbel hat einen gro\u00dfen Aufwand betrieben. F\u00fcr uns war es schwer auf dem Rasen, aber wir sind stolz auf unser Team.&#8220; N\u00e4chsten Sonntag erwarten die Kalbacher den FC Tempo, der FV Bad Vilbel ist spielfrei.\u00a0<\/p>\n<blockquote>\n<h4>Schiedsrichter: Florian Tesch (SC Hassia Dieburg). Zuschauer: 51.\u00a0<\/h4>\n<h4>Tore: 1:0 Leonardo Dilema (17.), 1:1 Aleksej Radulaski (63.), 2:1 Dominik Emmel (63.), 2:2 Achraf Gara Ali (84.\/Foulelfmeter).\u00a0<\/h4>\n<h4>Bildergalerie: Vielen Dank an Jan Werner vom FV Bad Vilbel f\u00fcr das Hochladen der Fotos!<\/h4>\n<\/blockquote>\n<p>\u00a0<\/p>\n\n\n<figure class=\"wp-block-gallery has-nested-images columns-default is-cropped wp-block-gallery-1 is-layout-flex wp-block-gallery-is-layout-flex\">\n<figure class=\"wp-block-image size-large is-style-rounded\"><img loading=\"lazy\" decoding=\"async\" width=\"1024\" height=\"683\" data-id=\"22554\" src=\"https:\/\/insideamateurfussball-ffm.de\/wp-content\/uploads\/2024\/11\/IMG_0044-1024x683.jpg\" alt=\"\" class=\"wp-image-22554\" srcset=\"https:\/\/insideamateurfussball-ffm.de\/wp-content\/uploads\/2024\/11\/IMG_0044-1024x683.jpg 1024w, https:\/\/insideamateurfussball-ffm.de\/wp-content\/uploads\/2024\/11\/IMG_0044-300x200.jpg 300w, https:\/\/insideamateurfussball-ffm.de\/wp-content\/uploads\/2024\/11\/IMG_0044-768x512.jpg 768w, https:\/\/insideamateurfussball-ffm.de\/wp-content\/uploads\/2024\/11\/IMG_0044-1536x1024.jpg 1536w, https:\/\/insideamateurfussball-ffm.de\/wp-content\/uploads\/2024\/11\/IMG_0044-2048x1365.jpg 2048w\" sizes=\"auto, (max-width: 1024px) 100vw, 1024px\" \/><\/figure>\n<\/figure>\n\n\n\n<figure class=\"wp-block-image size-large is-style-rounded\"><img loading=\"lazy\" decoding=\"async\" width=\"1024\" height=\"683\" src=\"http:\/\/insideamateurfussball-ffm.de\/wp-content\/uploads\/2024\/11\/IMG_0023-1024x683.jpg\" alt=\"\" class=\"wp-image-22560\" srcset=\"https:\/\/insideamateurfussball-ffm.de\/wp-content\/uploads\/2024\/11\/IMG_0023-1024x683.jpg 1024w, https:\/\/insideamateurfussball-ffm.de\/wp-content\/uploads\/2024\/11\/IMG_0023-300x200.jpg 300w, https:\/\/insideamateurfussball-ffm.de\/wp-content\/uploads\/2024\/11\/IMG_0023-768x512.jpg 768w, https:\/\/insideamateurfussball-ffm.de\/wp-content\/uploads\/2024\/11\/IMG_0023-1536x1024.jpg 1536w, https:\/\/insideamateurfussball-ffm.de\/wp-content\/uploads\/2024\/11\/IMG_0023-2048x1365.jpg 2048w\" sizes=\"auto, (max-width: 1024px) 100vw, 1024px\" \/><\/figure>\n\n\n\n<figure class=\"wp-block-image size-large is-style-rounded\"><img loading=\"lazy\" decoding=\"async\" width=\"1024\" height=\"683\" src=\"http:\/\/insideamateurfussball-ffm.de\/wp-content\/uploads\/2024\/11\/IMG_0005-1024x683.jpg\" alt=\"\" class=\"wp-image-22556\" srcset=\"https:\/\/insideamateurfussball-ffm.de\/wp-content\/uploads\/2024\/11\/IMG_0005-1024x683.jpg 1024w, https:\/\/insideamateurfussball-ffm.de\/wp-content\/uploads\/2024\/11\/IMG_0005-300x200.jpg 300w, https:\/\/insideamateurfussball-ffm.de\/wp-content\/uploads\/2024\/11\/IMG_0005-768x512.jpg 768w, https:\/\/insideamateurfussball-ffm.de\/wp-content\/uploads\/2024\/11\/IMG_0005-1536x1024.jpg 1536w, https:\/\/insideamateurfussball-ffm.de\/wp-content\/uploads\/2024\/11\/IMG_0005-2048x1365.jpg 2048w\" sizes=\"auto, (max-width: 1024px) 100vw, 1024px\" \/><\/figure>\n\n\n\n<figure class=\"wp-block-image size-large is-style-rounded\"><img loading=\"lazy\" decoding=\"async\" width=\"1024\" height=\"683\" src=\"http:\/\/insideamateurfussball-ffm.de\/wp-content\/uploads\/2024\/11\/IMG_0032-1024x683.jpg\" alt=\"\" class=\"wp-image-22552\" srcset=\"https:\/\/insideamateurfussball-ffm.de\/wp-content\/uploads\/2024\/11\/IMG_0032-1024x683.jpg 1024w, https:\/\/insideamateurfussball-ffm.de\/wp-content\/uploads\/2024\/11\/IMG_0032-300x200.jpg 300w, https:\/\/insideamateurfussball-ffm.de\/wp-content\/uploads\/2024\/11\/IMG_0032-768x512.jpg 768w, https:\/\/insideamateurfussball-ffm.de\/wp-content\/uploads\/2024\/11\/IMG_0032-1536x1024.jpg 1536w, https:\/\/insideamateurfussball-ffm.de\/wp-content\/uploads\/2024\/11\/IMG_0032-2048x1365.jpg 2048w\" sizes=\"auto, (max-width: 1024px) 100vw, 1024px\" \/><\/figure>\n\n\n\n<figure class=\"wp-block-image size-large is-style-rounded\"><img loading=\"lazy\" decoding=\"async\" width=\"1024\" height=\"683\" src=\"http:\/\/insideamateurfussball-ffm.de\/wp-content\/uploads\/2024\/11\/IMG_0006-1024x683.jpg\" alt=\"\" class=\"wp-image-22557\" srcset=\"https:\/\/insideamateurfussball-ffm.de\/wp-content\/uploads\/2024\/11\/IMG_0006-1024x683.jpg 1024w, https:\/\/insideamateurfussball-ffm.de\/wp-content\/uploads\/2024\/11\/IMG_0006-300x200.jpg 300w, https:\/\/insideamateurfussball-ffm.de\/wp-content\/uploads\/2024\/11\/IMG_0006-768x512.jpg 768w, https:\/\/insideamateurfussball-ffm.de\/wp-content\/uploads\/2024\/11\/IMG_0006-1536x1024.jpg 1536w, https:\/\/insideamateurfussball-ffm.de\/wp-content\/uploads\/2024\/11\/IMG_0006-2048x1365.jpg 2048w\" sizes=\"auto, (max-width: 1024px) 100vw, 1024px\" \/><\/figure>\n\n\n\n<figure class=\"wp-block-image size-large is-style-rounded\"><img loading=\"lazy\" decoding=\"async\" width=\"1024\" height=\"683\" src=\"http:\/\/insideamateurfussball-ffm.de\/wp-content\/uploads\/2024\/11\/IMG_0038-1024x683.jpg\" alt=\"\" class=\"wp-image-22553\" srcset=\"https:\/\/insideamateurfussball-ffm.de\/wp-content\/uploads\/2024\/11\/IMG_0038-1024x683.jpg 1024w, https:\/\/insideamateurfussball-ffm.de\/wp-content\/uploads\/2024\/11\/IMG_0038-300x200.jpg 300w, https:\/\/insideamateurfussball-ffm.de\/wp-content\/uploads\/2024\/11\/IMG_0038-768x512.jpg 768w, https:\/\/insideamateurfussball-ffm.de\/wp-content\/uploads\/2024\/11\/IMG_0038-1536x1024.jpg 1536w, https:\/\/insideamateurfussball-ffm.de\/wp-content\/uploads\/2024\/11\/IMG_0038-2048x1365.jpg 2048w\" sizes=\"auto, (max-width: 1024px) 100vw, 1024px\" \/><\/figure>\n\n\n\n<figure class=\"wp-block-image size-large is-style-rounded\"><img loading=\"lazy\" decoding=\"async\" width=\"1024\" height=\"683\" src=\"http:\/\/insideamateurfussball-ffm.de\/wp-content\/uploads\/2024\/11\/IMG_0018-1024x683.jpg\" alt=\"\" class=\"wp-image-22559\" srcset=\"https:\/\/insideamateurfussball-ffm.de\/wp-content\/uploads\/2024\/11\/IMG_0018-1024x683.jpg 1024w, https:\/\/insideamateurfussball-ffm.de\/wp-content\/uploads\/2024\/11\/IMG_0018-300x200.jpg 300w, https:\/\/insideamateurfussball-ffm.de\/wp-content\/uploads\/2024\/11\/IMG_0018-768x512.jpg 768w, https:\/\/insideamateurfussball-ffm.de\/wp-content\/uploads\/2024\/11\/IMG_0018-1536x1024.jpg 1536w, https:\/\/insideamateurfussball-ffm.de\/wp-content\/uploads\/2024\/11\/IMG_0018-2048x1365.jpg 2048w\" sizes=\"auto, (max-width: 1024px) 100vw, 1024px\" \/><\/figure>\n\n\n\n<figure class=\"wp-block-image size-large is-style-rounded\"><img loading=\"lazy\" decoding=\"async\" width=\"1024\" height=\"683\" src=\"http:\/\/insideamateurfussball-ffm.de\/wp-content\/uploads\/2024\/11\/IMG_0002-1024x683.jpg\" alt=\"\" class=\"wp-image-22555\" srcset=\"https:\/\/insideamateurfussball-ffm.de\/wp-content\/uploads\/2024\/11\/IMG_0002-1024x683.jpg 1024w, https:\/\/insideamateurfussball-ffm.de\/wp-content\/uploads\/2024\/11\/IMG_0002-300x200.jpg 300w, https:\/\/insideamateurfussball-ffm.de\/wp-content\/uploads\/2024\/11\/IMG_0002-768x512.jpg 768w, https:\/\/insideamateurfussball-ffm.de\/wp-content\/uploads\/2024\/11\/IMG_0002-1536x1024.jpg 1536w, https:\/\/insideamateurfussball-ffm.de\/wp-content\/uploads\/2024\/11\/IMG_0002-2048x1365.jpg 2048w\" sizes=\"auto, (max-width: 1024px) 100vw, 1024px\" \/><\/figure>\n\n\n\n<figure class=\"wp-block-image size-large is-style-rounded\"><img loading=\"lazy\" decoding=\"async\" width=\"1024\" height=\"683\" src=\"http:\/\/insideamateurfussball-ffm.de\/wp-content\/uploads\/2024\/11\/IMG_0030-1024x683.jpg\" alt=\"\" class=\"wp-image-22561\" srcset=\"https:\/\/insideamateurfussball-ffm.de\/wp-content\/uploads\/2024\/11\/IMG_0030-1024x683.jpg 1024w, https:\/\/insideamateurfussball-ffm.de\/wp-content\/uploads\/2024\/11\/IMG_0030-300x200.jpg 300w, https:\/\/insideamateurfussball-ffm.de\/wp-content\/uploads\/2024\/11\/IMG_0030-768x512.jpg 768w, https:\/\/insideamateurfussball-ffm.de\/wp-content\/uploads\/2024\/11\/IMG_0030-1536x1024.jpg 1536w, https:\/\/insideamateurfussball-ffm.de\/wp-content\/uploads\/2024\/11\/IMG_0030-2048x1365.jpg 2048w\" sizes=\"auto, (max-width: 1024px) 100vw, 1024px\" \/><\/figure>\n","protected":false},"excerpt":{"rendered":"<p>Tabellenf\u00fchrer FC Kalbach musste sich in der Gruppenliga Frankfurt West mit einem 2:2 beim FV Bad Vilbel begn\u00fcgen. Der FC Karben r\u00fcckte durch das 3:2 bei der Spvgg. Bomber Bad Homburg bis auf zwei Punkte heran. FV Bad Vilbel &#8211; FC Kalbach 2:2 (1:0) Die Gastgeber gingen durch Leonardo Dilema in F\u00fchrung (17.), der kurz [&hellip;]<\/p>\n","protected":false},"author":1,"featured_media":22558,"comment_status":"closed","ping_status":"closed","sticky":true,"template":"","format":"standard","meta":{"footnotes":""},"categories":[13],"tags":[],"class_list":["post-22590","post","type-post","status-publish","format-standard","has-post-thumbnail","hentry","category-gruppenliga-frankfurt-west"],"_links":{"self":[{"href":"https:\/\/insideamateurfussball-ffm.de\/index.php?rest_route=\/wp\/v2\/posts\/22590","targetHints":{"allow":["GET"]}}],"collection":[{"href":"https:\/\/insideamateurfussball-ffm.de\/index.php?rest_route=\/wp\/v2\/posts"}],"about":[{"href":"https:\/\/insideamateurfussball-ffm.de\/index.php?rest_route=\/wp\/v2\/types\/post"}],"author":[{"embeddable":true,"href":"https:\/\/insideamateurfussball-ffm.de\/index.php?rest_route=\/wp\/v2\/users\/1"}],"replies":[{"embeddable":true,"href":"https:\/\/insideamateurfussball-ffm.de\/index.php?rest_route=%2Fwp%2Fv2%2Fcomments&post=22590"}],"version-history":[{"count":1,"href":"https:\/\/insideamateurfussball-ffm.de\/index.php?rest_route=\/wp\/v2\/posts\/22590\/revisions"}],"predecessor-version":[{"id":22591,"href":"https:\/\/insideamateurfussball-ffm.de\/index.php?rest_route=\/wp\/v2\/posts\/22590\/revisions\/22591"}],"wp:featuredmedia":[{"embeddable":true,"href":"https:\/\/insideamateurfussball-ffm.de\/index.php?rest_route=\/wp\/v2\/media\/22558"}],"wp:attachment":[{"href":"https:\/\/insideamateurfussball-ffm.de\/index.php?rest_route=%2Fwp%2Fv2%2Fmedia&parent=22590"}],"wp:term":[{"taxonomy":"category","embeddable":true,"href":"https:\/\/insideamateurfussball-ffm.de\/index.php?rest_route=%2Fwp%2Fv2%2Fcategories&post=22590"},{"taxonomy":"post_tag","embeddable":true,"href":"https:\/\/insideamateurfussball-ffm.de\/index.php?rest_route=%2Fwp%2Fv2%2Ftags&post=22590"}],"curies":[{"name":"wp","href":"https:\/\/api.w.org\/{rel}","templated":true}]}}