{"id":22570,"date":"2024-11-18T18:41:58","date_gmt":"2024-11-18T16:41:58","guid":{"rendered":"https:\/\/insideamateurfussball-ffm.de\/?p=22570"},"modified":"2024-11-18T18:41:58","modified_gmt":"2024-11-18T16:41:58","slug":"zeilsheim-mit-sechs-punkten-vorsprung-vorne","status":"publish","type":"post","link":"https:\/\/insideamateurfussball-ffm.de\/?p=22570","title":{"rendered":"Zeilsheim mit sechs Punkten Vorsprung vorne"},"content":{"rendered":"<h4>\u00a0<\/h4>\n<h4>Nach dem 3:1-Sieg zum R\u00fcckrundenauftakt bei der SG Walluf f\u00fchrt der SV Zeilsheim die Tabelle der Verbandsliga Mitte mit sechs Punkten Vorsprung an.\u00a0<\/h4>\n<figure id=\"attachment_22571\" aria-describedby=\"caption-attachment-22571\" style=\"width: 615px\" class=\"wp-caption alignnone\"><img loading=\"lazy\" decoding=\"async\" class=\"wp-image-22571\" src=\"http:\/\/insideamateurfussball-ffm.de\/wp-content\/uploads\/2024\/11\/15-Dominik-Ortega-brachte-den-SV-kurz-vorm-Seitenwechsrl-mit-2-0-in-Fuehrung.jpg\" alt=\"\" width=\"615\" height=\"757\" srcset=\"https:\/\/insideamateurfussball-ffm.de\/wp-content\/uploads\/2024\/11\/15-Dominik-Ortega-brachte-den-SV-kurz-vorm-Seitenwechsrl-mit-2-0-in-Fuehrung.jpg 608w, https:\/\/insideamateurfussball-ffm.de\/wp-content\/uploads\/2024\/11\/15-Dominik-Ortega-brachte-den-SV-kurz-vorm-Seitenwechsrl-mit-2-0-in-Fuehrung-244x300.jpg 244w\" sizes=\"auto, (max-width: 615px) 100vw, 615px\" \/><figcaption id=\"caption-attachment-22571\" class=\"wp-caption-text\">Dominik Ortega Tapia erzielte das 2:0. Foto: Peter Strauch.<\/figcaption><\/figure>\n<h4>SG Walluf &#8211; SV Zeilsheim 1:3 (0:2)<\/h4>\n<p><img loading=\"lazy\" decoding=\"async\" class=\"alignnone size-full wp-image-4050\" src=\"http:\/\/insideamateurfussball-ffm.de\/wp-content\/uploads\/2022\/11\/walluf.jpg\" alt=\"\" width=\"80\" height=\"80\" \/><img loading=\"lazy\" decoding=\"async\" class=\"alignnone size-full wp-image-1153\" src=\"http:\/\/insideamateurfussball-ffm.de\/wp-content\/uploads\/2022\/07\/SVZe.jpg\" alt=\"\" width=\"68\" height=\"80\" \/><\/p>\n<p>Zeilsheim best\u00e4tigt in Walluf seine gute Form und baut den Vorsprung auf die Konkurrenz weiter aus. Das Topspiel des Spieltages konnte Tabellenf\u00fchrer mit 3:1 gewinnen. Fr\u00fch blitzte Zeilsheims Klasse auf. Ein Steilpass auf Samed G\u00fcrsoy, der f\u00fcr den 1:0-Sch\u00fctzen Dorian Miric querlegte. Nico Hernandez (30.\/Kopfball an die Latte) und Jan L\u00f6wer (35.\/frei vor SV Keeper Paul Siegers), h\u00e4tten das 1:1 erzielen k\u00f6nnen.<\/p>\n<p>Stattdessen k\u00f6pfte Dominik Ortega-Tapia, nach Flanke von Jason Ptak, das 0:2 (44.). In der 59. Minute fiel bereits die Vorentscheidung. Nach Flanke des enteilten Jason Ptak, k\u00f6pfte der mitgelaufene Miric zum 3:0 ein. Das letztendlich verdiente 1:3 durch Jan L\u00f6wer schm\u00e4lerte die gute Leistung der Frankfurter letztlich nicht mehr.<\/p>\n<blockquote>\n<h4>Strauch sieht den Sieg als &#8222;wichtigen Schritt&#8220; an<\/h4>\n<\/blockquote>\n<p>Im Lager der \u201eGr\u00fcnen\u201c herrschte gro\u00dfe Freude \u00fcber den wichtigen Ausw\u00e4rtssieg. Bei sechs Punkten Vorsprung auf die Verfolgermeute scheint es wahrscheinlich, dass die West-Frankfurter auf dem Spitzenplatz \u00fcberwintern. \u201eWir haben aber noch drei schwere Spiele vor uns\u201c, warnt Zeilsheims Vorsitzender Peter Strauch.<\/p>\n<p>Strauch sah den Sieg bei den heim- und formstarken Rheingauern als \u201ewichtigen Schritt\u201c an. Schl\u00fcssel war diesmal neben gro\u00dfer Effizienz die Defensive beim Team \u201eWir haben wirklich gut verteidigt\u201c, lobte Strauch den Defensivverbund. Dazu zeigte der erst 20-j\u00e4hrige Paul Siegers im Tor eine gro\u00dfartige Leistung. \u201eEr war immer pr\u00e4sent und hat schwere B\u00e4lle rausgeholt\u201c, sagte Strauch.<\/p>\n<blockquote>\n<h4>Schiedsrichter: Jannis J\u00e4schke (SG Nieder-Roden). Tore: 0:1 Dorian Miric (6.), 0:2 Dominik Ortega Tapia (44.), 0:3 Dorian Miric (60.), 1:3 Jan L\u00f6wer (90.\/+2).\u00a0<\/h4>\n<\/blockquote>\n","protected":false},"excerpt":{"rendered":"<p>\u00a0 Nach dem 3:1-Sieg zum R\u00fcckrundenauftakt bei der SG Walluf f\u00fchrt der SV Zeilsheim die Tabelle der Verbandsliga Mitte mit sechs Punkten Vorsprung an.\u00a0 SG Walluf &#8211; SV Zeilsheim 1:3 (0:2) Zeilsheim best\u00e4tigt in Walluf seine gute Form und baut den Vorsprung auf die Konkurrenz weiter aus. Das Topspiel des Spieltages konnte Tabellenf\u00fchrer mit 3:1 [&hellip;]<\/p>\n","protected":false},"author":1,"featured_media":22571,"comment_status":"open","ping_status":"open","sticky":true,"template":"","format":"standard","meta":{"footnotes":""},"categories":[32],"tags":[],"class_list":["post-22570","post","type-post","status-publish","format-standard","has-post-thumbnail","hentry","category-verbandsliga-mitte"],"_links":{"self":[{"href":"https:\/\/insideamateurfussball-ffm.de\/index.php?rest_route=\/wp\/v2\/posts\/22570","targetHints":{"allow":["GET"]}}],"collection":[{"href":"https:\/\/insideamateurfussball-ffm.de\/index.php?rest_route=\/wp\/v2\/posts"}],"about":[{"href":"https:\/\/insideamateurfussball-ffm.de\/index.php?rest_route=\/wp\/v2\/types\/post"}],"author":[{"embeddable":true,"href":"https:\/\/insideamateurfussball-ffm.de\/index.php?rest_route=\/wp\/v2\/users\/1"}],"replies":[{"embeddable":true,"href":"https:\/\/insideamateurfussball-ffm.de\/index.php?rest_route=%2Fwp%2Fv2%2Fcomments&post=22570"}],"version-history":[{"count":1,"href":"https:\/\/insideamateurfussball-ffm.de\/index.php?rest_route=\/wp\/v2\/posts\/22570\/revisions"}],"predecessor-version":[{"id":22572,"href":"https:\/\/insideamateurfussball-ffm.de\/index.php?rest_route=\/wp\/v2\/posts\/22570\/revisions\/22572"}],"wp:featuredmedia":[{"embeddable":true,"href":"https:\/\/insideamateurfussball-ffm.de\/index.php?rest_route=\/wp\/v2\/media\/22571"}],"wp:attachment":[{"href":"https:\/\/insideamateurfussball-ffm.de\/index.php?rest_route=%2Fwp%2Fv2%2Fmedia&parent=22570"}],"wp:term":[{"taxonomy":"category","embeddable":true,"href":"https:\/\/insideamateurfussball-ffm.de\/index.php?rest_route=%2Fwp%2Fv2%2Fcategories&post=22570"},{"taxonomy":"post_tag","embeddable":true,"href":"https:\/\/insideamateurfussball-ffm.de\/index.php?rest_route=%2Fwp%2Fv2%2Ftags&post=22570"}],"curies":[{"name":"wp","href":"https:\/\/api.w.org\/{rel}","templated":true}]}}