{"id":22549,"date":"2024-11-17T13:02:29","date_gmt":"2024-11-17T11:02:29","guid":{"rendered":"https:\/\/insideamateurfussball-ffm.de\/?p=22549"},"modified":"2024-11-17T13:02:29","modified_gmt":"2024-11-17T11:02:29","slug":"jorge-huberman-widerspricht-alon-meyers-aussagen","status":"publish","type":"post","link":"https:\/\/insideamateurfussball-ffm.de\/?p=22549","title":{"rendered":"Jorge Huberman widerspricht Alon Meyers Aussagen"},"content":{"rendered":"<h4>Heute Nachmittag steigt in der Kreisoberliga Frankfurt das Topspiel zwischen dem TuS Makkabi und dem FC Kosova. Beide Vereine stehen punktgleich an der Tabellenspitze. Im Vorfeld der Partie meldete sich Makkabi-Pr\u00e4sident Alon Meyer zu Wort.\u00a0<\/h4>\n<figure id=\"attachment_22550\" aria-describedby=\"caption-attachment-22550\" style=\"width: 722px\" class=\"wp-caption alignnone\"><img loading=\"lazy\" decoding=\"async\" class=\"wp-image-22550\" src=\"http:\/\/insideamateurfussball-ffm.de\/wp-content\/uploads\/2024\/11\/spiel-1.jpg\" alt=\"\" width=\"722\" height=\"756\" srcset=\"https:\/\/insideamateurfussball-ffm.de\/wp-content\/uploads\/2024\/11\/spiel-1.jpg 714w, https:\/\/insideamateurfussball-ffm.de\/wp-content\/uploads\/2024\/11\/spiel-1-286x300.jpg 286w\" sizes=\"auto, (max-width: 722px) 100vw, 722px\" \/><figcaption id=\"caption-attachment-22550\" class=\"wp-caption-text\">Grafik: Mithat G\u00fcrser.<\/figcaption><\/figure>\n<p>Die sportlich interessante Begegnung der beiden Meisterschaftsanw\u00e4rter ist das eine, die Verantwortlichen besch\u00e4ftigt aber auch die zunehmende Gewalt in Europa gegen j\u00fcdische Spieler und Fans wie beispielsweise nach dem Europa-League-Spiel von Ajax Amsterdam gegen Maccabi Tel Aviv. &#8222;Wir haben am Wochenende ein Spitzenspiel Erster gegen Zweiter hier in Frankfurt. Ein j\u00fcdischer Verein gegen einen muslimischen Verein, aber wir kennen uns mittlerweile sehr gut. Ich habe da \u00fcberhaupt keine Bef\u00fcrchtungen, dass irgendetwas passiert, weil Makkabi aktiv ist. Dort, wo Makkabi agiert und auf die anderen Vereine zugeht und zeigt, wie wir es besser machen k\u00f6nnen, bin ich fest davon \u00fcberzeugt, dass eben nichts passiert&#8220;, sagte Meyer gegen\u00fcber der Hessenschau.<\/p>\n<p>Zumal auf Seiten von Kosova mit Jorge Huberman der fr\u00fchere langj\u00e4hrige Makkabi-Trainer ist, der Vater des jetzigen Makkabi-Spielertrainers Marlon Huberman.<\/p>\n<blockquote>\n<h4>&#8222;Mit seinen aktuellen deplatzierten Aussagen macht er daraus wieder eine religi\u00f6s-politische Sache, die von unserer Seite absolut nicht vorhanden ist.&#8220; (Kosova-Trainer Jorge Huberman)<\/h4>\n<\/blockquote>\n<p>Jorge Huberman widerspricht aber den Aussagen Meyers: &#8222;Er ist in keinster Weise auf uns zugegangen und der FC Kosova versteht sich auch nicht als muslimischer Verein.&#8220; In der Vorsaison hatte es zwischen beiden Clubs einen Spielabbruch gegeben, dieser hatte aber nichts mit politischen oder religi\u00f6sen Themen zu tun, sondern mit pers\u00f6nlichen Auseinandersetzungen zwischen Akteuren.<\/p>\n<p>&#8222;Beim Wiederholungsspiel hat Meyer eine Polizeipr\u00e4senz veranlasst, die absolut unn\u00f6tig war. Mit seinen aktuellen deplatzierten Aussagen macht Meyer daraus wieder eine religi\u00f6s-politische Sache, die von unserer Seite absolut nicht vorhanden ist&#8220;, kritisiert der j\u00fcdische Trainer des FC Kosova. Gleichzeitig teilte Huberman mit, dass Kosova noch Testspielgegner f\u00fcr die kommende Wintervorbereitung sucht.\u00a0 \u00a0<\/p>\n","protected":false},"excerpt":{"rendered":"<p>Heute Nachmittag steigt in der Kreisoberliga Frankfurt das Topspiel zwischen dem TuS Makkabi und dem FC Kosova. Beide Vereine stehen punktgleich an der Tabellenspitze. Im Vorfeld der Partie meldete sich Makkabi-Pr\u00e4sident Alon Meyer zu Wort.\u00a0 Die sportlich interessante Begegnung der beiden Meisterschaftsanw\u00e4rter ist das eine, die Verantwortlichen besch\u00e4ftigt aber auch die zunehmende Gewalt in Europa [&hellip;]<\/p>\n","protected":false},"author":1,"featured_media":22550,"comment_status":"open","ping_status":"open","sticky":true,"template":"","format":"standard","meta":{"footnotes":""},"categories":[2],"tags":[],"class_list":["post-22549","post","type-post","status-publish","format-standard","has-post-thumbnail","hentry","category-kreisoberliga-frankfurt"],"_links":{"self":[{"href":"https:\/\/insideamateurfussball-ffm.de\/index.php?rest_route=\/wp\/v2\/posts\/22549","targetHints":{"allow":["GET"]}}],"collection":[{"href":"https:\/\/insideamateurfussball-ffm.de\/index.php?rest_route=\/wp\/v2\/posts"}],"about":[{"href":"https:\/\/insideamateurfussball-ffm.de\/index.php?rest_route=\/wp\/v2\/types\/post"}],"author":[{"embeddable":true,"href":"https:\/\/insideamateurfussball-ffm.de\/index.php?rest_route=\/wp\/v2\/users\/1"}],"replies":[{"embeddable":true,"href":"https:\/\/insideamateurfussball-ffm.de\/index.php?rest_route=%2Fwp%2Fv2%2Fcomments&post=22549"}],"version-history":[{"count":1,"href":"https:\/\/insideamateurfussball-ffm.de\/index.php?rest_route=\/wp\/v2\/posts\/22549\/revisions"}],"predecessor-version":[{"id":22551,"href":"https:\/\/insideamateurfussball-ffm.de\/index.php?rest_route=\/wp\/v2\/posts\/22549\/revisions\/22551"}],"wp:featuredmedia":[{"embeddable":true,"href":"https:\/\/insideamateurfussball-ffm.de\/index.php?rest_route=\/wp\/v2\/media\/22550"}],"wp:attachment":[{"href":"https:\/\/insideamateurfussball-ffm.de\/index.php?rest_route=%2Fwp%2Fv2%2Fmedia&parent=22549"}],"wp:term":[{"taxonomy":"category","embeddable":true,"href":"https:\/\/insideamateurfussball-ffm.de\/index.php?rest_route=%2Fwp%2Fv2%2Fcategories&post=22549"},{"taxonomy":"post_tag","embeddable":true,"href":"https:\/\/insideamateurfussball-ffm.de\/index.php?rest_route=%2Fwp%2Fv2%2Ftags&post=22549"}],"curies":[{"name":"wp","href":"https:\/\/api.w.org\/{rel}","templated":true}]}}