{"id":22505,"date":"2024-11-12T18:55:29","date_gmt":"2024-11-12T16:55:29","guid":{"rendered":"https:\/\/insideamateurfussball-ffm.de\/?p=22505"},"modified":"2024-11-12T18:55:29","modified_gmt":"2024-11-12T16:55:29","slug":"posavina-00-bei-heimschwachen-enkheimern","status":"publish","type":"post","link":"https:\/\/insideamateurfussball-ffm.de\/?p=22505","title":{"rendered":"Posavina 0:0 bei heimschwachen Enkheimern"},"content":{"rendered":"<h4>In der Neuauflage des Relegationsspiels von 2023 (3:2), trennten sich Germania Enkheim und der FC Posavina im &#8222;Ost-Derby&#8220; 0:0. Seinerzeit hatten die Enkheimer den Nachbarn vom Riederwald zum Abstieg in die A-Klasse verurteilt, waren dann aber mit einer 1:5-Niederlage in R\u00f6delheim selbst auf der Strecke geblieben.<\/h4>\n<figure id=\"attachment_22506\" aria-describedby=\"caption-attachment-22506\" style=\"width: 1006px\" class=\"wp-caption alignnone\"><img loading=\"lazy\" decoding=\"async\" class=\"wp-image-22506\" src=\"http:\/\/insideamateurfussball-ffm.de\/wp-content\/uploads\/2024\/11\/DSC_5142-2.jpg\" alt=\"\" width=\"1006\" height=\"755\" srcset=\"https:\/\/insideamateurfussball-ffm.de\/wp-content\/uploads\/2024\/11\/DSC_5142-2.jpg 997w, https:\/\/insideamateurfussball-ffm.de\/wp-content\/uploads\/2024\/11\/DSC_5142-2-300x225.jpg 300w, https:\/\/insideamateurfussball-ffm.de\/wp-content\/uploads\/2024\/11\/DSC_5142-2-768x576.jpg 768w\" sizes=\"auto, (max-width: 1006px) 100vw, 1006px\" \/><figcaption id=\"caption-attachment-22506\" class=\"wp-caption-text\">Posavina-Kapit\u00e4n Anto Petrasevic bei einem Einwurf. Trainer Danijel Koturic schaut genau hin. Foto: Archiv J\u00f6rg Schulz.\u00a0<\/figcaption><\/figure>\n<h4>FC Germania Enkheim &#8211; FC Posavina 0:0<\/h4>\n<p><img loading=\"lazy\" decoding=\"async\" class=\"alignnone size-full wp-image-1537\" src=\"http:\/\/insideamateurfussball-ffm.de\/wp-content\/uploads\/2022\/07\/Enkheim.jpg\" alt=\"\" width=\"63\" height=\"80\" \/><img loading=\"lazy\" decoding=\"async\" class=\"alignnone size-full wp-image-22\" src=\"http:\/\/insideamateurfussball-ffm.de\/wp-content\/uploads\/2021\/11\/posavina.jpg\" alt=\"\" width=\"63\" height=\"80\" \/><\/p>\n<p>Der Aufsteiger bleibt im heimischen Riedstadion ohne Sieg. Die vier dreifachen Punktgewinne wurden allesamt in fremden Gefilden eingefahren. Auf dem eigenen Kunstrasenplatz reichte es nur zu f\u00fcnf Unentschieden und drei Niederlagen. Die Gastgeber konnten nicht an den \u00fcberraschenden 2:0-Sieg beim Spitzenreiter TuS Makkabi ankn\u00fcpfen. In der umk\u00e4mpften Partie mit neun Gelben Karten und einer Zeitstrafe f\u00fcr die G\u00e4ste (60.) gab es nur wenige Torchancen zu verzeichnen. Posavina war personell d\u00fcnn besetzt und musste schon in der 11. Spielminute Antonio Milicevic nach einer Kn\u00f6chelverletzung durch David-Matej Galic ersetzen.<\/p>\n<p>Im zweiten Abschnitt wechselte sich Trainer Danijel Koturic f\u00fcr Josip Orsolic ein (71.). Enkheims Trainer Steffen Wittig sagte zum 0:0: &#8222;Es war ein kampfbetontes Spiel mit nur wenigen Chancen auf beiden Seiten. Daher geht das 0:0 in Summe in Ordnung. Wir haben defensiv gut gestanden, aber offensiv nur wenig zustande bekommen. Leider haben wir es wieder nicht geschafft zu Hause drei Punkte zu holen. Jedoch k\u00f6nnen wir mit dem Unentschieden leben.&#8220;<\/p>\n<blockquote>\n<h4>&#8222;Wir hatten ja am Samstagabend unsere traditionelle Clubfeier, da haben einige Spieler bis in die Morgenstunden gefeiert.&#8220; (Posavina-Pressewart Danijel Pavic)<\/h4>\n<\/blockquote>\n<p>Die R\u00fcckrunde beginnt f\u00fcr Enkheim mit einem weiteren Derby gegen einen Gegner aus dem S\u00fcdosten. Gegen den FC Gudesding (15 Uhr) sei es wichtig, &#8222;drei Punkte in Enkheim zu behalten, um den Abstand zum Tabellenkeller zu vergr\u00f6\u00dfern&#8220;, sagte Wittig. Posavina-Pressewart Danijel Pavic war mit dem Punkt &#8222;mehr als zufrieden. Wir hatten ja am Samstagabend unsere traditionelle Clubfeier, da haben einige Spieler bis in die Morgenstunden gefeiert. Insofern war es doch eine starke Abwehrleistung. Mit der Hinrunde sind wir mit Rang acht auch sehr zufrieden.&#8220;<\/p>\n<p>Posavina tritt am Sonntag um 15.30 Uhr beim VfL Germania 94 an.<\/p>\n<blockquote>\n<h4>Schiedsrichter: Elias Mauntel (FSV Bad Orb). Zuschauer: 40.<\/h4>\n<\/blockquote>\n","protected":false},"excerpt":{"rendered":"<p>In der Neuauflage des Relegationsspiels von 2023 (3:2), trennten sich Germania Enkheim und der FC Posavina im &#8222;Ost-Derby&#8220; 0:0. Seinerzeit hatten die Enkheimer den Nachbarn vom Riederwald zum Abstieg in die A-Klasse verurteilt, waren dann aber mit einer 1:5-Niederlage in R\u00f6delheim selbst auf der Strecke geblieben. FC Germania Enkheim &#8211; FC Posavina 0:0 Der Aufsteiger [&hellip;]<\/p>\n","protected":false},"author":1,"featured_media":22506,"comment_status":"closed","ping_status":"closed","sticky":true,"template":"","format":"standard","meta":{"footnotes":""},"categories":[2],"tags":[],"class_list":["post-22505","post","type-post","status-publish","format-standard","has-post-thumbnail","hentry","category-kreisoberliga-frankfurt"],"_links":{"self":[{"href":"https:\/\/insideamateurfussball-ffm.de\/index.php?rest_route=\/wp\/v2\/posts\/22505","targetHints":{"allow":["GET"]}}],"collection":[{"href":"https:\/\/insideamateurfussball-ffm.de\/index.php?rest_route=\/wp\/v2\/posts"}],"about":[{"href":"https:\/\/insideamateurfussball-ffm.de\/index.php?rest_route=\/wp\/v2\/types\/post"}],"author":[{"embeddable":true,"href":"https:\/\/insideamateurfussball-ffm.de\/index.php?rest_route=\/wp\/v2\/users\/1"}],"replies":[{"embeddable":true,"href":"https:\/\/insideamateurfussball-ffm.de\/index.php?rest_route=%2Fwp%2Fv2%2Fcomments&post=22505"}],"version-history":[{"count":1,"href":"https:\/\/insideamateurfussball-ffm.de\/index.php?rest_route=\/wp\/v2\/posts\/22505\/revisions"}],"predecessor-version":[{"id":22507,"href":"https:\/\/insideamateurfussball-ffm.de\/index.php?rest_route=\/wp\/v2\/posts\/22505\/revisions\/22507"}],"wp:featuredmedia":[{"embeddable":true,"href":"https:\/\/insideamateurfussball-ffm.de\/index.php?rest_route=\/wp\/v2\/media\/22506"}],"wp:attachment":[{"href":"https:\/\/insideamateurfussball-ffm.de\/index.php?rest_route=%2Fwp%2Fv2%2Fmedia&parent=22505"}],"wp:term":[{"taxonomy":"category","embeddable":true,"href":"https:\/\/insideamateurfussball-ffm.de\/index.php?rest_route=%2Fwp%2Fv2%2Fcategories&post=22505"},{"taxonomy":"post_tag","embeddable":true,"href":"https:\/\/insideamateurfussball-ffm.de\/index.php?rest_route=%2Fwp%2Fv2%2Ftags&post=22505"}],"curies":[{"name":"wp","href":"https:\/\/api.w.org\/{rel}","templated":true}]}}