{"id":22495,"date":"2024-11-11T23:07:28","date_gmt":"2024-11-11T21:07:28","guid":{"rendered":"https:\/\/insideamateurfussball-ffm.de\/?p=22495"},"modified":"2024-11-11T23:07:28","modified_gmt":"2024-11-11T21:07:28","slug":"germania-94-mit-kantersieg-in-roedelheim","status":"publish","type":"post","link":"https:\/\/insideamateurfussball-ffm.de\/?p=22495","title":{"rendered":"Germania 94 mit Kantersieg in R\u00f6delheim"},"content":{"rendered":"<h4>Der 1. R\u00f6delheimer FC 02 kassierte im Heimspiel gegen den VfL Germania 94 mit 1:6 (0:1) die h\u00f6chste Niederlage der Saison und bleibt zum Ende der Hinrunde abstiegsgef\u00e4hrdet. F\u00fcr die G\u00e4ste vom Mainwasen war es der h\u00f6chste Saisonsieg. Mit diesem Kantersieg beendete die Germania die Hinrunde auf Rang vier und liegt sieben Punkte hinter dem Spitzenduo Makkabi\/Kosova.<\/h4>\n<figure id=\"attachment_22496\" aria-describedby=\"caption-attachment-22496\" style=\"width: 999px\" class=\"wp-caption alignnone\"><img loading=\"lazy\" decoding=\"async\" class=\"wp-image-22496\" src=\"http:\/\/insideamateurfussball-ffm.de\/wp-content\/uploads\/2024\/11\/trainer-germ94.jpg\" alt=\"\" width=\"999\" height=\"755\" srcset=\"https:\/\/insideamateurfussball-ffm.de\/wp-content\/uploads\/2024\/11\/trainer-germ94.jpg 990w, https:\/\/insideamateurfussball-ffm.de\/wp-content\/uploads\/2024\/11\/trainer-germ94-300x227.jpg 300w, https:\/\/insideamateurfussball-ffm.de\/wp-content\/uploads\/2024\/11\/trainer-germ94-768x580.jpg 768w\" sizes=\"auto, (max-width: 999px) 100vw, 999px\" \/><figcaption id=\"caption-attachment-22496\" class=\"wp-caption-text\">Germania-Trainer Siar Daudi (rechts), links der Kapit\u00e4n und Erste Vorsitzende Sunny Sallan. In der Mitte h\u00f6rt Mirza Altuncu zu. Foto: Archiv Mithat G\u00fcrser.<\/figcaption><\/figure>\n<h4>1. R\u00f6delheimer FC 02 &#8211; VfL Germania 94 1:6 (0:1)<\/h4>\n<p><img loading=\"lazy\" decoding=\"async\" class=\"alignnone size-full wp-image-333\" src=\"http:\/\/insideamateurfussball-ffm.de\/wp-content\/uploads\/2022\/05\/Roedelheim.jpg\" alt=\"\" width=\"80\" height=\"73\" \/><img loading=\"lazy\" decoding=\"async\" class=\"alignnone size-full wp-image-508\" src=\"http:\/\/insideamateurfussball-ffm.de\/wp-content\/uploads\/2022\/05\/Germania-94.jpg\" alt=\"\" width=\"80\" height=\"80\" \/><\/p>\n<p>R\u00f6delheims Pressesprecher Volker Flauaus hatte einen guten ersten Abschnitt gesehen: &#8222;Da haben wir diszipliniert gespielt, in der Abwehr gut gestanden und vorne Nadelstiche gesetzt.&#8220; Die gro\u00dfe Chance zur F\u00fchrung vergab Ali Osman, als er Mitte der ersten Halbzeit frei vor dem Tor der Germania Nerven zeigte und den Ball mit Wucht \u00fcber das Tor schoss. Als sich schon alle mit dem Unentschieden zur Halbzeit abgefunden hatten, erzielte Asmir Hajdarovic mit seinem starken linken Fu\u00df mit Drehschuss die F\u00fchrung der G\u00e4ste (42.).<\/p>\n<p>Nach dem Seitenwechsel erh\u00f6hte Hajdarovic (48.) und die Gastgeber waren von allen guten Geistern verlassen. Okan G\u00f6t\u00fcrmen verwandelte einen Freisto\u00df (51.), Hajdarovic (54.) mit seinem dritten Treffer und erneut Okan G\u00f6t\u00fcrmen (60.) lie\u00dfen die G\u00e4ste binnen zw\u00f6lf Minuten auf 5:0 davon ziehen. Osman markierte den R\u00f6delheimer Ehrentreffer (67.), den Schlusspunkt setzte Mirza Altuncu (87.). &#8222;Unerkl\u00e4rlich, wieso die Mannschaft wieder in der zweiten Halbzeit so zusammen gebrochen ist. An der Kondition liegt es nicht. Die Germania hat allerdings auch eine sehr starke Mannschaft, die sicherlich um die Meisterschaft mitspielt&#8220;, urteilte Flauaus.<\/p>\n<blockquote>\n<h4>&#8222;In den ersten 35 Minuten ein Spiel auf Augenh\u00f6he&#8220; (Germania 94-Trainer Siar Daudi)<\/h4>\n<\/blockquote>\n<p>&#8222;Wir m\u00fcssen versuchen, die K\u00f6pfe frei zu bekommen und uns auf die n\u00e4chsten Aufgaben konzentrieren, die nicht leichter werden. Die lange Verletzten- und Krankenliste kommt zur Zeit noch erschwerend hinzu, es haben mindestens sieben Stammkr\u00e4fte gefehlt&#8220;, deutete Flauaus auf die personellen Sorgen hin. Die R\u00fcckrunde beginnt f\u00fcr die R\u00f6delheimer am Sonntag mit dem Heimspiel gegen Union Niederrad (15 Uhr). Germania-Trainer Siar Daudi best\u00e4tigte, dass es in den ersten 35 Minuten &#8222;ein Spiel auf Augenh\u00f6he&#8220; war. Es habe Chancen auf beiden Seiten und dazu geh\u00f6rend Strafraumaktionen gegeben.<\/p>\n<p>&#8222;Wir haben in den letzten 15 Minuten der ersten Halbzeit das Spielgeschehen in die Hand genommen und mehr vom Spiel gehabt&#8220;, berichtete Daudi. Nach dem Seitenwechsel habe sein Team eine Schippe drauf gelegt und dominanter gewirkt. &#8222;Es war eine tolle Leistung von unserer Mannschaft vor allem in der zweiten Halbzeit&#8220;, unterstrich der G\u00e4stecoach. Die R\u00fcckrunde beginnt f\u00fcr die 94er mit dem Heimspiel am Sonntag gegen Aufsteiger FC Posavina (15.30 Uhr).<\/p>\n<blockquote>\n<h4>Schiedsrichter: Keine Angabe. Zuschauer: 40.<\/h4>\n<h4>Tore: 0:1, 0:2 Asmir Hajdarovic (42.\/48.), 0:3 Okan G\u00f6t\u00fcrmen (51.), 0:4 Asmir Hajdarovic (54.), 0:5 Okan G\u00f6t\u00fcrmen (60.), 1:5 Ali Osman (67.), 1:6 Mirza Altuncu (87.).<\/h4>\n<\/blockquote>\n","protected":false},"excerpt":{"rendered":"<p>Der 1. R\u00f6delheimer FC 02 kassierte im Heimspiel gegen den VfL Germania 94 mit 1:6 (0:1) die h\u00f6chste Niederlage der Saison und bleibt zum Ende der Hinrunde abstiegsgef\u00e4hrdet. F\u00fcr die G\u00e4ste vom Mainwasen war es der h\u00f6chste Saisonsieg. Mit diesem Kantersieg beendete die Germania die Hinrunde auf Rang vier und liegt sieben Punkte hinter dem [&hellip;]<\/p>\n","protected":false},"author":1,"featured_media":22496,"comment_status":"closed","ping_status":"closed","sticky":true,"template":"","format":"standard","meta":{"footnotes":""},"categories":[2],"tags":[],"class_list":["post-22495","post","type-post","status-publish","format-standard","has-post-thumbnail","hentry","category-kreisoberliga-frankfurt"],"_links":{"self":[{"href":"https:\/\/insideamateurfussball-ffm.de\/index.php?rest_route=\/wp\/v2\/posts\/22495","targetHints":{"allow":["GET"]}}],"collection":[{"href":"https:\/\/insideamateurfussball-ffm.de\/index.php?rest_route=\/wp\/v2\/posts"}],"about":[{"href":"https:\/\/insideamateurfussball-ffm.de\/index.php?rest_route=\/wp\/v2\/types\/post"}],"author":[{"embeddable":true,"href":"https:\/\/insideamateurfussball-ffm.de\/index.php?rest_route=\/wp\/v2\/users\/1"}],"replies":[{"embeddable":true,"href":"https:\/\/insideamateurfussball-ffm.de\/index.php?rest_route=%2Fwp%2Fv2%2Fcomments&post=22495"}],"version-history":[{"count":1,"href":"https:\/\/insideamateurfussball-ffm.de\/index.php?rest_route=\/wp\/v2\/posts\/22495\/revisions"}],"predecessor-version":[{"id":22497,"href":"https:\/\/insideamateurfussball-ffm.de\/index.php?rest_route=\/wp\/v2\/posts\/22495\/revisions\/22497"}],"wp:featuredmedia":[{"embeddable":true,"href":"https:\/\/insideamateurfussball-ffm.de\/index.php?rest_route=\/wp\/v2\/media\/22496"}],"wp:attachment":[{"href":"https:\/\/insideamateurfussball-ffm.de\/index.php?rest_route=%2Fwp%2Fv2%2Fmedia&parent=22495"}],"wp:term":[{"taxonomy":"category","embeddable":true,"href":"https:\/\/insideamateurfussball-ffm.de\/index.php?rest_route=%2Fwp%2Fv2%2Fcategories&post=22495"},{"taxonomy":"post_tag","embeddable":true,"href":"https:\/\/insideamateurfussball-ffm.de\/index.php?rest_route=%2Fwp%2Fv2%2Ftags&post=22495"}],"curies":[{"name":"wp","href":"https:\/\/api.w.org\/{rel}","templated":true}]}}