{"id":22458,"date":"2024-11-11T20:49:52","date_gmt":"2024-11-11T18:49:52","guid":{"rendered":"https:\/\/insideamateurfussball-ffm.de\/?p=22458"},"modified":"2024-11-11T20:49:52","modified_gmt":"2024-11-11T18:49:52","slug":"350-zuschauer-sehen-22-im-balkan-derby","status":"publish","type":"post","link":"https:\/\/insideamateurfussball-ffm.de\/?p=22458","title":{"rendered":"350 Zuschauer sehen 2:2 im Balkan-Derby"},"content":{"rendered":"<h4>350 Zuschauer sahen in der Gruppenliga Frankfurt West ein faires Balkan-Derby zwischen dem FC Tempo und dem SV Bosnien\/Herzegowina. Das 2:2 (2:0) sahen beide Seiten als gerecht an. Dazu gab es noch eine gute Aktion beider Vereine, um nach einem Ungl\u00fcck in der Heimat zu helfen.<\/h4>\n<figure id=\"attachment_22459\" aria-describedby=\"caption-attachment-22459\" style=\"width: 969px\" class=\"wp-caption alignnone\"><img loading=\"lazy\" decoding=\"async\" class=\"wp-image-22459\" src=\"http:\/\/insideamateurfussball-ffm.de\/wp-content\/uploads\/2024\/11\/tem-bos.jpg\" alt=\"\" width=\"969\" height=\"727\" srcset=\"https:\/\/insideamateurfussball-ffm.de\/wp-content\/uploads\/2024\/11\/tem-bos.jpg 960w, https:\/\/insideamateurfussball-ffm.de\/wp-content\/uploads\/2024\/11\/tem-bos-300x225.jpg 300w, https:\/\/insideamateurfussball-ffm.de\/wp-content\/uploads\/2024\/11\/tem-bos-768x576.jpg 768w\" sizes=\"auto, (max-width: 969px) 100vw, 969px\" \/><figcaption id=\"caption-attachment-22459\" class=\"wp-caption-text\">Das Schiedsrichtergespann mit zwei Tempo und Bosnien-Spielern. Foto: Einsendung Verein.<\/figcaption><\/figure>\n<h4>FC Tempo &#8211; SV Bosnien\/Herzegowina 2:2 (2:0)<\/h4>\n<p><img loading=\"lazy\" decoding=\"async\" class=\"alignnone size-full wp-image-31\" src=\"http:\/\/insideamateurfussball-ffm.de\/wp-content\/uploads\/2021\/11\/Tempo.jpg\" alt=\"\" width=\"80\" height=\"80\" \/><img loading=\"lazy\" decoding=\"async\" class=\"alignnone size-full wp-image-139\" src=\"http:\/\/insideamateurfussball-ffm.de\/wp-content\/uploads\/2022\/05\/Bosnien.jpg\" alt=\"\" width=\"79\" height=\"80\" \/><\/p>\n<p>350 Zuschauer sahen an der Woogwiese ein faires Spiel. Vor der Partie organisierten die Gastgeber eine Hilfsaktion f\u00fcr die Opfer eines Ungl\u00fccks in der serbischen Stadt Novi Sad, in der das Vordach des Hauptbahnhofes eingest\u00fcrzt war. Dabei kamen acht Menschen ums Leben. &#8222;Auch die Bosnier haben sich finanziell daran beteiligt&#8220;, freute sich Tempos Sportchef Zoran Marcetic.<\/p>\n<p>Sportlich lief es f\u00fcr die Hausherren zun\u00e4chst gut. Tempo hatte das Spiel im Griff und legte durch Boris Tatomirovic (19.) und Tomislav Stekovic (34.) zur Halbzeit ein 2:0 vor. Nach dem Seitenwechsel kam Bosnien st\u00e4rker auf und kam nach den Toren von Adis Hasecic (71.) und Denis Hadzimusic (Weitschuss aus 30 Metern\/83.) noch zum Punktgewinn.<\/p>\n<blockquote>\n<h4>&#8222;Tempo stand kompakt und hat Nadelstiche gesetzt&#8220; (Bosniens Pressesprecher Admir Malohodzic)<\/h4>\n<\/blockquote>\n<p>Tempo-Spieler Goran Grijak erhielt die Gelb-Rote Karte (86.). &#8222;Am Ende ist das ein gerechtes Unentschieden&#8220;, urteilte Marcetic. Bosniens Presseprecher Admir Malohodzic war &#8222;froh, dass wir noch den Ausgleich geschafft haben, auch wenn wir uns mehr erhofft hatten. Tempo stand kompakt und hat Nadelstiche gesetzt. Unsere erste Halbzeit war miserabel. Danach hatten wir mehr Ballbesitz und haben eine Schippe drauf gelegt. Das 2:2 ist gerecht.&#8220;<\/p>\n<p>Tempo beginnt die R\u00fcckrunde am Sonntag mit dem Heimspiel gegen die Spvgg. Fechenheim (15 Uhr). Die Bosnier sind um 15.30 Uhr beim T\u00fcrkischen SV Bad Nauheim zu Gast.<\/p>\n<blockquote>\n<h4>Schiedsrichter: Kevin Steinmann (SG Gronau). Zuschauer: 350.<\/h4>\n<h4>Tore: 1:0 Boris Tatomirovic (19.), 2:0 Tomislav Stekovic (34.), 2:1 Adis Hasecic (71.), 2:2 Denis Hadzimusic (83.).<\/h4>\n<\/blockquote>\n","protected":false},"excerpt":{"rendered":"<p>350 Zuschauer sahen in der Gruppenliga Frankfurt West ein faires Balkan-Derby zwischen dem FC Tempo und dem SV Bosnien\/Herzegowina. Das 2:2 (2:0) sahen beide Seiten als gerecht an. Dazu gab es noch eine gute Aktion beider Vereine, um nach einem Ungl\u00fcck in der Heimat zu helfen. FC Tempo &#8211; SV Bosnien\/Herzegowina 2:2 (2:0) 350 Zuschauer [&hellip;]<\/p>\n","protected":false},"author":1,"featured_media":22459,"comment_status":"closed","ping_status":"closed","sticky":true,"template":"","format":"standard","meta":{"footnotes":""},"categories":[13],"tags":[],"class_list":["post-22458","post","type-post","status-publish","format-standard","has-post-thumbnail","hentry","category-gruppenliga-frankfurt-west"],"_links":{"self":[{"href":"https:\/\/insideamateurfussball-ffm.de\/index.php?rest_route=\/wp\/v2\/posts\/22458","targetHints":{"allow":["GET"]}}],"collection":[{"href":"https:\/\/insideamateurfussball-ffm.de\/index.php?rest_route=\/wp\/v2\/posts"}],"about":[{"href":"https:\/\/insideamateurfussball-ffm.de\/index.php?rest_route=\/wp\/v2\/types\/post"}],"author":[{"embeddable":true,"href":"https:\/\/insideamateurfussball-ffm.de\/index.php?rest_route=\/wp\/v2\/users\/1"}],"replies":[{"embeddable":true,"href":"https:\/\/insideamateurfussball-ffm.de\/index.php?rest_route=%2Fwp%2Fv2%2Fcomments&post=22458"}],"version-history":[{"count":2,"href":"https:\/\/insideamateurfussball-ffm.de\/index.php?rest_route=\/wp\/v2\/posts\/22458\/revisions"}],"predecessor-version":[{"id":22475,"href":"https:\/\/insideamateurfussball-ffm.de\/index.php?rest_route=\/wp\/v2\/posts\/22458\/revisions\/22475"}],"wp:featuredmedia":[{"embeddable":true,"href":"https:\/\/insideamateurfussball-ffm.de\/index.php?rest_route=\/wp\/v2\/media\/22459"}],"wp:attachment":[{"href":"https:\/\/insideamateurfussball-ffm.de\/index.php?rest_route=%2Fwp%2Fv2%2Fmedia&parent=22458"}],"wp:term":[{"taxonomy":"category","embeddable":true,"href":"https:\/\/insideamateurfussball-ffm.de\/index.php?rest_route=%2Fwp%2Fv2%2Fcategories&post=22458"},{"taxonomy":"post_tag","embeddable":true,"href":"https:\/\/insideamateurfussball-ffm.de\/index.php?rest_route=%2Fwp%2Fv2%2Ftags&post=22458"}],"curies":[{"name":"wp","href":"https:\/\/api.w.org\/{rel}","templated":true}]}}