{"id":22451,"date":"2024-11-11T19:26:18","date_gmt":"2024-11-11T17:26:18","guid":{"rendered":"https:\/\/insideamateurfussball-ffm.de\/?p=22451"},"modified":"2024-11-11T19:26:18","modified_gmt":"2024-11-11T17:26:18","slug":"dortelweil-fehlen-bei-walldorf-ii-die-koerner","status":"publish","type":"post","link":"https:\/\/insideamateurfussball-ffm.de\/?p=22451","title":{"rendered":"Dortelweil fehlen bei Walldorf II die K\u00f6rner"},"content":{"rendered":"<h4>Mit dem 1:3 bei Rot-Wei\u00df Walldorf II kassierte der SC Dortelweil seine dritte Saisonniederlage. Es war die erste Ausw\u00e4rtspleite f\u00fcr den Tabellenzweiten, der aufgrund des Ausrutschers vom Tabellenf\u00fchrer SV Hummetroth (1:2 bei Rot-Weiss Frankfurt) an die Tabellenspitze h\u00e4tte springen k\u00f6nnen.<\/h4>\n<figure id=\"attachment_22452\" aria-describedby=\"caption-attachment-22452\" style=\"width: 1072px\" class=\"wp-caption alignnone\"><img loading=\"lazy\" decoding=\"async\" class=\"wp-image-22452 size-full\" src=\"http:\/\/insideamateurfussball-ffm.de\/wp-content\/uploads\/2024\/11\/rw13-6.jpg\" alt=\"\" width=\"1072\" height=\"748\" srcset=\"https:\/\/insideamateurfussball-ffm.de\/wp-content\/uploads\/2024\/11\/rw13-6.jpg 1072w, https:\/\/insideamateurfussball-ffm.de\/wp-content\/uploads\/2024\/11\/rw13-6-300x209.jpg 300w, https:\/\/insideamateurfussball-ffm.de\/wp-content\/uploads\/2024\/11\/rw13-6-1024x715.jpg 1024w, https:\/\/insideamateurfussball-ffm.de\/wp-content\/uploads\/2024\/11\/rw13-6-768x536.jpg 768w\" sizes=\"auto, (max-width: 1072px) 100vw, 1072px\" \/><figcaption id=\"caption-attachment-22452\" class=\"wp-caption-text\">Die U23 von Rot-Wei\u00df Walldorf besiegte den SC Dortelweil. Foto: Archiv Mithat G\u00fcrser.\u00a0\u00a0<\/figcaption><\/figure>\n<h4>SV Rot-Wei\u00df Walldorf II &#8211; SC Dortelweil 3:1 (0:0)<\/h4>\n<p><img loading=\"lazy\" decoding=\"async\" class=\"alignnone size-full wp-image-1074\" src=\"http:\/\/insideamateurfussball-ffm.de\/wp-content\/uploads\/2022\/07\/Walldorf.jpg\" alt=\"\" width=\"80\" height=\"80\" \/><img loading=\"lazy\" decoding=\"async\" class=\"alignnone size-full wp-image-435\" src=\"http:\/\/insideamateurfussball-ffm.de\/wp-content\/uploads\/2022\/05\/Dortelweil.jpg\" alt=\"\" width=\"80\" height=\"80\" \/><\/p>\n<p>Bei Rot-Wei\u00df Walldorf ist eine kontinuierliche Entwicklung auf allen Ebenen zu sehen. Die Erste Mannschaft erklomm unter der Regie von Trainer Artur Lemm mit dem 2:1 gegen den SC Waldgirmes die Tabellenspitze der Hessenliga. Die Zweitvertretung h\u00e4lt sich nach dem 3:1 gegen Dortelweil in der oberen H\u00e4lfte der Verbandsliga S\u00fcd. Und die A-Jugend steht in der Hessenliga auf Rang drei. Nicht zuletzt wurde die Anlage mit der Installierung eines neuen Kunstrasenplatzes mit Trib\u00fcne modernisiert.<\/p>\n<p>Im Spiel war die mangelnde Chancenverwertung der G\u00e4ste entscheidend f\u00fcr die Niederlage. Die Offensivspieler Dominik Steffen und Maurice Reininger vergaben beste Torm\u00f6glichkeiten. Auch nach dem Seitenwechsel dr\u00fcckten die Wetterauer auf die F\u00fchrung und es stand nach 70 Minuten weiter 0:0. Dann aber bestrafte die Walldorfer Reserve die G\u00e4ste.<\/p>\n<blockquote>\n<h4>Amazirh setzt letzten Walldorfer Konter<\/h4>\n<\/blockquote>\n<p>Aus dem Gew\u00fchl konnte Kays Iraqi den Ball unter die Latte zur Walldorfer F\u00fchrung platzieren (71.). Dortelweil verpasste den Ausgleich durch Marvin Strenger, dann stand nach einem Querpass Fabian Heidenreich frei und erh\u00f6hte auf 2:0 (78.). Masahito Morishimas Steckpass auf Bennet Batton brachte den Anschluss (86.).<\/p>\n<p>In der Nachspielzeit setzte Walldorf II den letzten Konter zum 3:1 durch Achraf Amazirh (90.\/+1). &#8222;Eine \u00e4rgerliche Niederlage in einem 50:50-Spiel. Wir haben die Chancen nicht verwertet und hintenraus haben wir die intensive englische Woche gesp\u00fcrt. Da haben gegen eine der laufst\u00e4rksten Mannschaften der Liga die K\u00f6rner gefehlt&#8220;, meinte Dortelweils Trainer G\u00fcltekin Cagritekin. Sein Team beginnt am Samstag (15 Uhr) beim Rangdritten Sportfreunde Seligenstadt die R\u00fcckrunde.<\/p>\n<blockquote>\n<h4>Schiedsrichter: Simon Wecht (SV F\u00fcrth). Zuschauer: 50.<\/h4>\n<h4>Tore: 1:0 Kays Iraqi (71.), 2:0 Fabian Heidenreich (78.), 2:1 Bennet Batton (86.), 3:1 Achraf Amazirh (90.\/+1).<\/h4>\n<\/blockquote>\n","protected":false},"excerpt":{"rendered":"<p>Mit dem 1:3 bei Rot-Wei\u00df Walldorf II kassierte der SC Dortelweil seine dritte Saisonniederlage. Es war die erste Ausw\u00e4rtspleite f\u00fcr den Tabellenzweiten, der aufgrund des Ausrutschers vom Tabellenf\u00fchrer SV Hummetroth (1:2 bei Rot-Weiss Frankfurt) an die Tabellenspitze h\u00e4tte springen k\u00f6nnen. SV Rot-Wei\u00df Walldorf II &#8211; SC Dortelweil 3:1 (0:0) Bei Rot-Wei\u00df Walldorf ist eine kontinuierliche [&hellip;]<\/p>\n","protected":false},"author":1,"featured_media":22452,"comment_status":"closed","ping_status":"closed","sticky":true,"template":"","format":"standard","meta":{"footnotes":""},"categories":[10],"tags":[],"class_list":["post-22451","post","type-post","status-publish","format-standard","has-post-thumbnail","hentry","category-verbandsliga-sued"],"_links":{"self":[{"href":"https:\/\/insideamateurfussball-ffm.de\/index.php?rest_route=\/wp\/v2\/posts\/22451","targetHints":{"allow":["GET"]}}],"collection":[{"href":"https:\/\/insideamateurfussball-ffm.de\/index.php?rest_route=\/wp\/v2\/posts"}],"about":[{"href":"https:\/\/insideamateurfussball-ffm.de\/index.php?rest_route=\/wp\/v2\/types\/post"}],"author":[{"embeddable":true,"href":"https:\/\/insideamateurfussball-ffm.de\/index.php?rest_route=\/wp\/v2\/users\/1"}],"replies":[{"embeddable":true,"href":"https:\/\/insideamateurfussball-ffm.de\/index.php?rest_route=%2Fwp%2Fv2%2Fcomments&post=22451"}],"version-history":[{"count":1,"href":"https:\/\/insideamateurfussball-ffm.de\/index.php?rest_route=\/wp\/v2\/posts\/22451\/revisions"}],"predecessor-version":[{"id":22453,"href":"https:\/\/insideamateurfussball-ffm.de\/index.php?rest_route=\/wp\/v2\/posts\/22451\/revisions\/22453"}],"wp:featuredmedia":[{"embeddable":true,"href":"https:\/\/insideamateurfussball-ffm.de\/index.php?rest_route=\/wp\/v2\/media\/22452"}],"wp:attachment":[{"href":"https:\/\/insideamateurfussball-ffm.de\/index.php?rest_route=%2Fwp%2Fv2%2Fmedia&parent=22451"}],"wp:term":[{"taxonomy":"category","embeddable":true,"href":"https:\/\/insideamateurfussball-ffm.de\/index.php?rest_route=%2Fwp%2Fv2%2Fcategories&post=22451"},{"taxonomy":"post_tag","embeddable":true,"href":"https:\/\/insideamateurfussball-ffm.de\/index.php?rest_route=%2Fwp%2Fv2%2Ftags&post=22451"}],"curies":[{"name":"wp","href":"https:\/\/api.w.org\/{rel}","templated":true}]}}