{"id":22419,"date":"2024-11-11T18:24:54","date_gmt":"2024-11-11T16:24:54","guid":{"rendered":"https:\/\/insideamateurfussball-ffm.de\/?p=22419"},"modified":"2024-11-11T18:39:38","modified_gmt":"2024-11-11T16:39:38","slug":"bornheimer-33-in-erlensee-dank-mentalitaet","status":"publish","type":"post","link":"https:\/\/insideamateurfussball-ffm.de\/?p=22419","title":{"rendered":"Bornheimer 3:3 in Erlensee dank Mentalit\u00e4t"},"content":{"rendered":"<h4>Die SG Bornheim\/Gr\u00fcn-Wei\u00df holte zum Abschluss der Hinrunde in der Verbandsliga S\u00fcd bei Hessenliga-Absteiger 1. FC Erlensee einen R\u00fcckstand auf und erzielte noch ein 3:3-Unentschieden. Damit hielten die Bornheimer als Rang-13. den Drittletzten auf f\u00fcnf Punkte Abstand.\u00a0<\/h4>\n<figure id=\"attachment_22420\" aria-describedby=\"caption-attachment-22420\" style=\"width: 2560px\" class=\"wp-caption alignnone\"><img loading=\"lazy\" decoding=\"async\" class=\"wp-image-22420 size-full\" src=\"http:\/\/insideamateurfussball-ffm.de\/wp-content\/uploads\/2024\/11\/Erlensee-SGB_241109-53-scaled.jpg\" alt=\"\" width=\"2560\" height=\"1707\" srcset=\"https:\/\/insideamateurfussball-ffm.de\/wp-content\/uploads\/2024\/11\/Erlensee-SGB_241109-53-scaled.jpg 2560w, https:\/\/insideamateurfussball-ffm.de\/wp-content\/uploads\/2024\/11\/Erlensee-SGB_241109-53-300x200.jpg 300w, https:\/\/insideamateurfussball-ffm.de\/wp-content\/uploads\/2024\/11\/Erlensee-SGB_241109-53-1024x683.jpg 1024w, https:\/\/insideamateurfussball-ffm.de\/wp-content\/uploads\/2024\/11\/Erlensee-SGB_241109-53-768x512.jpg 768w, https:\/\/insideamateurfussball-ffm.de\/wp-content\/uploads\/2024\/11\/Erlensee-SGB_241109-53-1536x1024.jpg 1536w, https:\/\/insideamateurfussball-ffm.de\/wp-content\/uploads\/2024\/11\/Erlensee-SGB_241109-53-2048x1365.jpg 2048w\" sizes=\"auto, (max-width: 2560px) 100vw, 2560px\" \/><figcaption id=\"caption-attachment-22420\" class=\"wp-caption-text\">Das Schiedsrichtergespann vor dem Anpfiff am Fliegerhorst. Links davon der Bornheimer Kapit\u00e4n Tim Flie\u00df, daneben Torh\u00fcter Jonathan H\u00f6ser. Foto: Andre Sturmeit.<\/figcaption><\/figure>\n<h4>1. FC Erlensee &#8211; SG Bornheim\/Gr\u00fcn-Wei\u00df 3:3 (3:1)<\/h4>\n<p><img loading=\"lazy\" decoding=\"async\" class=\"alignnone size-full wp-image-1168\" src=\"http:\/\/insideamateurfussball-ffm.de\/wp-content\/uploads\/2022\/07\/Erlensee.jpg\" alt=\"\" width=\"66\" height=\"80\" \/><img loading=\"lazy\" decoding=\"async\" class=\"alignnone size-full wp-image-119\" src=\"http:\/\/insideamateurfussball-ffm.de\/wp-content\/uploads\/2022\/05\/Bornheim.jpg\" alt=\"\" width=\"80\" height=\"80\" \/><\/p>\n<p>&#8222;Die erste Halbzeit war richtig schlecht. Ich hatte schon beim Warmmachen das Gef\u00fchl, dass die Jungs nicht zu 100 Prozent bei der Sache waren&#8220;, sagte Bornheims Trainer Maik Rudolf. Zun\u00e4chst profitierte sein Team von einem Torwartfehler. Erlensse-Keeper Leonhard Kohlstedt lie\u00df einen haltbaren Schuss von Jassine Sekkali passieren (9.). &#8222;Danach haben wir den Gegner zu Toren eingeladen&#8220;, kritisierte Rudolf. Die abstiegsbedrohten Gastgeber nutzten Bornheimer Abwehrschw\u00e4chen zum Ausgleich durch Arian Hamidkhani (18.).<\/p>\n<p>Ein Doppelschlag von Ivan Dramac (25.\/34.) lie\u00df Erlensee auf 3:1 davonziehen. &#8222;Das war zur Halbzeit auch das verdiente Ergebnis&#8220;, gab Rudolf zu. Nach dem Seitenwechsel kamen die G\u00e4ste aufgrund der Hereinnahmen von Lukas Knell und Max Zeller st\u00e4rker auf. Auch der lange verletzt ausgefallene Aaron Neu dr\u00fcckte der Partie seinen Stempel auf. Die Hausherren hatten dann die gro\u00dfe Chance, das Spiel vorzeitig zu entscheiden.<\/p>\n<blockquote>\n<h4>M\u00fcller im zweiten Versuch \u00fcber das Tor\u00a0<\/h4>\n<\/blockquote>\n<p>In der 64. Minute wurde ihnen ein Foulelfmeter zugesprochen. Bornheims Torh\u00fcter Jonathan H\u00f6ser parierte gegen Philipp M\u00fcller. Weil sich aber H\u00f6ser zu fr\u00fch bewegt hatte, entschied der Schiedsrichter auf Wiederholung des Strafsto\u00dfes. Nach minutenlangen Diskussionen trat M\u00fcller zum zweiten Mal an und schoss diesmal \u00fcber das Tor (67.). In der Schlussphase kam Bornheim auf Zuspiel von Hicham Boujerad durch Neu zum Anschluss (83.).<\/p>\n<p>Kurz darauf gelang Ben Becker mit einem Distanzschuss das 3:3 (85.). &#8222;Wir haben dank unserer Mentalit\u00e4t noch einen Punkt geholt&#8220;, freute sich Rudolf. Am Samstagabend fand noch ein gemeinsames Abendessen mit dem F\u00f6rderkreis statt, das sind die treuesten und stimmungsvollsten Anh\u00e4nger der Bornheimer. &#8222;Die Mannschaft kochte f\u00fcr ihre Fans, so wollten wir uns f\u00fcr die Unterst\u00fctzung bedanken&#8220;, sagt Rudolf. Bereits am Freitagabend startet f\u00fcr die Bornheimer die R\u00fcckrunde mit dem Gastspiel beim Tabellenletzten Spvgg. 03 Neu-Isenburg (20 Uhr).\u00a0<\/p>\n<blockquote>\n<h4>Schiedsrichter: Torben Ebeling (Spvgg. Eltville). Zuschauer: 120.\u00a0<\/h4>\n<h4>Tore: 0:1 Jassine Sekkali (9.), 1:1 Arian Hamidkhani (18.), 2:1, 3:1 Ivan Dramac (25.\/34.), 3:2 Aaron Neu (83.), 3:3 Ben Becker (85.).\u00a0<\/h4>\n<h4>Bildergalerie: Vielen Dank an den SGB-Fotografen Andre Sturmeit f\u00fcr die Einsendung der Fotos!<\/h4>\n<\/blockquote>\n\n\n<figure class=\"wp-block-image size-large is-style-rounded\"><img loading=\"lazy\" decoding=\"async\" width=\"1024\" height=\"683\" src=\"https:\/\/insideamateurfussball-ffm.de\/wp-content\/uploads\/2024\/11\/Erlensee-SGB_241109-173-1024x683.jpg\" alt=\"\" class=\"wp-image-22421\" srcset=\"https:\/\/insideamateurfussball-ffm.de\/wp-content\/uploads\/2024\/11\/Erlensee-SGB_241109-173-1024x683.jpg 1024w, https:\/\/insideamateurfussball-ffm.de\/wp-content\/uploads\/2024\/11\/Erlensee-SGB_241109-173-300x200.jpg 300w, https:\/\/insideamateurfussball-ffm.de\/wp-content\/uploads\/2024\/11\/Erlensee-SGB_241109-173-768x512.jpg 768w, https:\/\/insideamateurfussball-ffm.de\/wp-content\/uploads\/2024\/11\/Erlensee-SGB_241109-173-1536x1024.jpg 1536w, https:\/\/insideamateurfussball-ffm.de\/wp-content\/uploads\/2024\/11\/Erlensee-SGB_241109-173-2048x1365.jpg 2048w\" sizes=\"auto, (max-width: 1024px) 100vw, 1024px\" \/><\/figure>\n\n\n\n<figure class=\"wp-block-gallery has-nested-images columns-default is-cropped wp-block-gallery-1 is-layout-flex wp-block-gallery-is-layout-flex\">\n<figure class=\"wp-block-image size-large is-style-rounded\"><img loading=\"lazy\" decoding=\"async\" width=\"1024\" height=\"680\" data-id=\"22422\" src=\"https:\/\/insideamateurfussball-ffm.de\/wp-content\/uploads\/2024\/11\/Erlensee-SGB_241109-321-1024x680.jpg\" alt=\"\" class=\"wp-image-22422\" srcset=\"https:\/\/insideamateurfussball-ffm.de\/wp-content\/uploads\/2024\/11\/Erlensee-SGB_241109-321-1024x680.jpg 1024w, https:\/\/insideamateurfussball-ffm.de\/wp-content\/uploads\/2024\/11\/Erlensee-SGB_241109-321-300x199.jpg 300w, https:\/\/insideamateurfussball-ffm.de\/wp-content\/uploads\/2024\/11\/Erlensee-SGB_241109-321-768x510.jpg 768w, https:\/\/insideamateurfussball-ffm.de\/wp-content\/uploads\/2024\/11\/Erlensee-SGB_241109-321-1536x1020.jpg 1536w, https:\/\/insideamateurfussball-ffm.de\/wp-content\/uploads\/2024\/11\/Erlensee-SGB_241109-321-2048x1360.jpg 2048w\" sizes=\"auto, (max-width: 1024px) 100vw, 1024px\" \/><\/figure>\n<\/figure>\n\n\n\n<figure class=\"wp-block-image size-large is-style-rounded\"><img loading=\"lazy\" decoding=\"async\" width=\"1024\" height=\"683\" src=\"https:\/\/insideamateurfussball-ffm.de\/wp-content\/uploads\/2024\/11\/Erlensee-SGB_241109-418-1024x683.jpg\" alt=\"\" class=\"wp-image-22423\" srcset=\"https:\/\/insideamateurfussball-ffm.de\/wp-content\/uploads\/2024\/11\/Erlensee-SGB_241109-418-1024x683.jpg 1024w, https:\/\/insideamateurfussball-ffm.de\/wp-content\/uploads\/2024\/11\/Erlensee-SGB_241109-418-300x200.jpg 300w, https:\/\/insideamateurfussball-ffm.de\/wp-content\/uploads\/2024\/11\/Erlensee-SGB_241109-418-768x512.jpg 768w, https:\/\/insideamateurfussball-ffm.de\/wp-content\/uploads\/2024\/11\/Erlensee-SGB_241109-418-1536x1024.jpg 1536w, https:\/\/insideamateurfussball-ffm.de\/wp-content\/uploads\/2024\/11\/Erlensee-SGB_241109-418-2048x1365.jpg 2048w\" sizes=\"auto, (max-width: 1024px) 100vw, 1024px\" \/><\/figure>\n\n\n\n<figure class=\"wp-block-gallery has-nested-images columns-default is-cropped wp-block-gallery-2 is-layout-flex wp-block-gallery-is-layout-flex\">\n<figure class=\"wp-block-image size-large is-style-rounded\"><img loading=\"lazy\" decoding=\"async\" width=\"1024\" height=\"683\" data-id=\"22424\" src=\"https:\/\/insideamateurfussball-ffm.de\/wp-content\/uploads\/2024\/11\/Erlensee-SGB_241109-517-1024x683.jpg\" alt=\"\" class=\"wp-image-22424\" srcset=\"https:\/\/insideamateurfussball-ffm.de\/wp-content\/uploads\/2024\/11\/Erlensee-SGB_241109-517-1024x683.jpg 1024w, https:\/\/insideamateurfussball-ffm.de\/wp-content\/uploads\/2024\/11\/Erlensee-SGB_241109-517-300x200.jpg 300w, https:\/\/insideamateurfussball-ffm.de\/wp-content\/uploads\/2024\/11\/Erlensee-SGB_241109-517-768x512.jpg 768w, https:\/\/insideamateurfussball-ffm.de\/wp-content\/uploads\/2024\/11\/Erlensee-SGB_241109-517-1536x1024.jpg 1536w, https:\/\/insideamateurfussball-ffm.de\/wp-content\/uploads\/2024\/11\/Erlensee-SGB_241109-517-2048x1365.jpg 2048w\" sizes=\"auto, (max-width: 1024px) 100vw, 1024px\" \/><\/figure>\n<\/figure>\n\n\n\n<figure class=\"wp-block-image size-large is-style-rounded\"><img loading=\"lazy\" decoding=\"async\" width=\"1024\" height=\"678\" src=\"https:\/\/insideamateurfussball-ffm.de\/wp-content\/uploads\/2024\/11\/Erlensee-SGB_241109-562-1024x678.jpg\" alt=\"\" class=\"wp-image-22426\" srcset=\"https:\/\/insideamateurfussball-ffm.de\/wp-content\/uploads\/2024\/11\/Erlensee-SGB_241109-562-1024x678.jpg 1024w, https:\/\/insideamateurfussball-ffm.de\/wp-content\/uploads\/2024\/11\/Erlensee-SGB_241109-562-300x199.jpg 300w, https:\/\/insideamateurfussball-ffm.de\/wp-content\/uploads\/2024\/11\/Erlensee-SGB_241109-562-768x509.jpg 768w, https:\/\/insideamateurfussball-ffm.de\/wp-content\/uploads\/2024\/11\/Erlensee-SGB_241109-562-1536x1018.jpg 1536w, https:\/\/insideamateurfussball-ffm.de\/wp-content\/uploads\/2024\/11\/Erlensee-SGB_241109-562-2048x1357.jpg 2048w\" sizes=\"auto, (max-width: 1024px) 100vw, 1024px\" \/><\/figure>\n\n\n\n<figure class=\"wp-block-gallery has-nested-images columns-default is-cropped wp-block-gallery-3 is-layout-flex wp-block-gallery-is-layout-flex\">\n<figure class=\"wp-block-image size-large is-style-rounded\"><img loading=\"lazy\" decoding=\"async\" width=\"1024\" height=\"683\" data-id=\"22428\" src=\"https:\/\/insideamateurfussball-ffm.de\/wp-content\/uploads\/2024\/11\/Erlensee-SGB_241109-656-1024x683.jpg\" alt=\"\" class=\"wp-image-22428\" srcset=\"https:\/\/insideamateurfussball-ffm.de\/wp-content\/uploads\/2024\/11\/Erlensee-SGB_241109-656-1024x683.jpg 1024w, https:\/\/insideamateurfussball-ffm.de\/wp-content\/uploads\/2024\/11\/Erlensee-SGB_241109-656-300x200.jpg 300w, https:\/\/insideamateurfussball-ffm.de\/wp-content\/uploads\/2024\/11\/Erlensee-SGB_241109-656-768x512.jpg 768w, https:\/\/insideamateurfussball-ffm.de\/wp-content\/uploads\/2024\/11\/Erlensee-SGB_241109-656-1536x1024.jpg 1536w, https:\/\/insideamateurfussball-ffm.de\/wp-content\/uploads\/2024\/11\/Erlensee-SGB_241109-656-2048x1365.jpg 2048w\" sizes=\"auto, (max-width: 1024px) 100vw, 1024px\" \/><\/figure>\n<\/figure>\n\n\n\n<figure class=\"wp-block-gallery has-nested-images columns-default is-cropped wp-block-gallery-4 is-layout-flex wp-block-gallery-is-layout-flex\">\n<figure class=\"wp-block-image size-large is-style-rounded\"><img loading=\"lazy\" decoding=\"async\" width=\"1024\" height=\"683\" data-id=\"22429\" src=\"https:\/\/insideamateurfussball-ffm.de\/wp-content\/uploads\/2024\/11\/Erlensee-SGB_241109-65-1024x683.jpg\" alt=\"\" class=\"wp-image-22429\" srcset=\"https:\/\/insideamateurfussball-ffm.de\/wp-content\/uploads\/2024\/11\/Erlensee-SGB_241109-65-1024x683.jpg 1024w, https:\/\/insideamateurfussball-ffm.de\/wp-content\/uploads\/2024\/11\/Erlensee-SGB_241109-65-300x200.jpg 300w, https:\/\/insideamateurfussball-ffm.de\/wp-content\/uploads\/2024\/11\/Erlensee-SGB_241109-65-768x512.jpg 768w, https:\/\/insideamateurfussball-ffm.de\/wp-content\/uploads\/2024\/11\/Erlensee-SGB_241109-65-1536x1024.jpg 1536w, https:\/\/insideamateurfussball-ffm.de\/wp-content\/uploads\/2024\/11\/Erlensee-SGB_241109-65-2048x1365.jpg 2048w\" sizes=\"auto, (max-width: 1024px) 100vw, 1024px\" \/><\/figure>\n<\/figure>\n\n\n\n<figure class=\"wp-block-gallery has-nested-images columns-default is-cropped wp-block-gallery-5 is-layout-flex wp-block-gallery-is-layout-flex\">\n<figure class=\"wp-block-image size-large is-style-rounded\"><img loading=\"lazy\" decoding=\"async\" width=\"1024\" height=\"683\" data-id=\"22430\" src=\"https:\/\/insideamateurfussball-ffm.de\/wp-content\/uploads\/2024\/11\/Erlensee-SGB_241109-190-1024x683.jpg\" alt=\"\" class=\"wp-image-22430\" srcset=\"https:\/\/insideamateurfussball-ffm.de\/wp-content\/uploads\/2024\/11\/Erlensee-SGB_241109-190-1024x683.jpg 1024w, https:\/\/insideamateurfussball-ffm.de\/wp-content\/uploads\/2024\/11\/Erlensee-SGB_241109-190-300x200.jpg 300w, https:\/\/insideamateurfussball-ffm.de\/wp-content\/uploads\/2024\/11\/Erlensee-SGB_241109-190-768x512.jpg 768w, https:\/\/insideamateurfussball-ffm.de\/wp-content\/uploads\/2024\/11\/Erlensee-SGB_241109-190-1536x1024.jpg 1536w, https:\/\/insideamateurfussball-ffm.de\/wp-content\/uploads\/2024\/11\/Erlensee-SGB_241109-190-2048x1365.jpg 2048w\" sizes=\"auto, (max-width: 1024px) 100vw, 1024px\" \/><\/figure>\n<\/figure>\n\n\n\n<figure class=\"wp-block-gallery has-nested-images columns-default is-cropped wp-block-gallery-6 is-layout-flex wp-block-gallery-is-layout-flex\">\n<figure class=\"wp-block-image size-large is-style-rounded\"><img loading=\"lazy\" decoding=\"async\" width=\"1024\" height=\"686\" data-id=\"22431\" src=\"https:\/\/insideamateurfussball-ffm.de\/wp-content\/uploads\/2024\/11\/Erlensee-SGB_241109-344-1024x686.jpg\" alt=\"\" class=\"wp-image-22431\" srcset=\"https:\/\/insideamateurfussball-ffm.de\/wp-content\/uploads\/2024\/11\/Erlensee-SGB_241109-344-1024x686.jpg 1024w, https:\/\/insideamateurfussball-ffm.de\/wp-content\/uploads\/2024\/11\/Erlensee-SGB_241109-344-300x201.jpg 300w, https:\/\/insideamateurfussball-ffm.de\/wp-content\/uploads\/2024\/11\/Erlensee-SGB_241109-344-768x514.jpg 768w, https:\/\/insideamateurfussball-ffm.de\/wp-content\/uploads\/2024\/11\/Erlensee-SGB_241109-344-1536x1029.jpg 1536w, https:\/\/insideamateurfussball-ffm.de\/wp-content\/uploads\/2024\/11\/Erlensee-SGB_241109-344-2048x1371.jpg 2048w\" sizes=\"auto, (max-width: 1024px) 100vw, 1024px\" \/><\/figure>\n<\/figure>\n\n\n\n<figure class=\"wp-block-gallery has-nested-images columns-default is-cropped wp-block-gallery-7 is-layout-flex wp-block-gallery-is-layout-flex\">\n<figure class=\"wp-block-image size-large is-style-rounded\"><img loading=\"lazy\" decoding=\"async\" width=\"1024\" height=\"683\" data-id=\"22432\" src=\"https:\/\/insideamateurfussball-ffm.de\/wp-content\/uploads\/2024\/11\/Erlensee-SGB_241109-421-1024x683.jpg\" alt=\"\" class=\"wp-image-22432\" srcset=\"https:\/\/insideamateurfussball-ffm.de\/wp-content\/uploads\/2024\/11\/Erlensee-SGB_241109-421-1024x683.jpg 1024w, https:\/\/insideamateurfussball-ffm.de\/wp-content\/uploads\/2024\/11\/Erlensee-SGB_241109-421-300x200.jpg 300w, https:\/\/insideamateurfussball-ffm.de\/wp-content\/uploads\/2024\/11\/Erlensee-SGB_241109-421-768x512.jpg 768w, https:\/\/insideamateurfussball-ffm.de\/wp-content\/uploads\/2024\/11\/Erlensee-SGB_241109-421-1536x1024.jpg 1536w, https:\/\/insideamateurfussball-ffm.de\/wp-content\/uploads\/2024\/11\/Erlensee-SGB_241109-421-2048x1365.jpg 2048w\" sizes=\"auto, (max-width: 1024px) 100vw, 1024px\" \/><\/figure>\n<\/figure>\n\n\n\n<figure class=\"wp-block-gallery has-nested-images columns-default is-cropped wp-block-gallery-8 is-layout-flex wp-block-gallery-is-layout-flex\">\n<figure class=\"wp-block-image size-large is-style-rounded\"><img loading=\"lazy\" decoding=\"async\" width=\"1024\" height=\"683\" data-id=\"22433\" src=\"https:\/\/insideamateurfussball-ffm.de\/wp-content\/uploads\/2024\/11\/Erlensee-SGB_241109-543-1024x683.jpg\" alt=\"\" class=\"wp-image-22433\" srcset=\"https:\/\/insideamateurfussball-ffm.de\/wp-content\/uploads\/2024\/11\/Erlensee-SGB_241109-543-1024x683.jpg 1024w, https:\/\/insideamateurfussball-ffm.de\/wp-content\/uploads\/2024\/11\/Erlensee-SGB_241109-543-300x200.jpg 300w, https:\/\/insideamateurfussball-ffm.de\/wp-content\/uploads\/2024\/11\/Erlensee-SGB_241109-543-768x512.jpg 768w, https:\/\/insideamateurfussball-ffm.de\/wp-content\/uploads\/2024\/11\/Erlensee-SGB_241109-543-1536x1024.jpg 1536w, https:\/\/insideamateurfussball-ffm.de\/wp-content\/uploads\/2024\/11\/Erlensee-SGB_241109-543-2048x1365.jpg 2048w\" sizes=\"auto, (max-width: 1024px) 100vw, 1024px\" \/><\/figure>\n<\/figure>\n\n\n\n<figure class=\"wp-block-gallery has-nested-images columns-default is-cropped wp-block-gallery-9 is-layout-flex wp-block-gallery-is-layout-flex\">\n<figure class=\"wp-block-image size-large is-style-rounded\"><img loading=\"lazy\" decoding=\"async\" width=\"1024\" height=\"683\" data-id=\"22434\" src=\"https:\/\/insideamateurfussball-ffm.de\/wp-content\/uploads\/2024\/11\/Erlensee-SGB_241109-604-1024x683.jpg\" alt=\"\" class=\"wp-image-22434\" srcset=\"https:\/\/insideamateurfussball-ffm.de\/wp-content\/uploads\/2024\/11\/Erlensee-SGB_241109-604-1024x683.jpg 1024w, https:\/\/insideamateurfussball-ffm.de\/wp-content\/uploads\/2024\/11\/Erlensee-SGB_241109-604-300x200.jpg 300w, https:\/\/insideamateurfussball-ffm.de\/wp-content\/uploads\/2024\/11\/Erlensee-SGB_241109-604-768x512.jpg 768w, https:\/\/insideamateurfussball-ffm.de\/wp-content\/uploads\/2024\/11\/Erlensee-SGB_241109-604-1536x1024.jpg 1536w, https:\/\/insideamateurfussball-ffm.de\/wp-content\/uploads\/2024\/11\/Erlensee-SGB_241109-604-2048x1365.jpg 2048w\" sizes=\"auto, (max-width: 1024px) 100vw, 1024px\" \/><\/figure>\n<\/figure>\n\n\n\n<figure class=\"wp-block-gallery has-nested-images columns-default is-cropped wp-block-gallery-10 is-layout-flex wp-block-gallery-is-layout-flex\">\n<figure class=\"wp-block-image size-large is-style-rounded\"><img loading=\"lazy\" decoding=\"async\" width=\"1024\" height=\"683\" data-id=\"22435\" src=\"https:\/\/insideamateurfussball-ffm.de\/wp-content\/uploads\/2024\/11\/Erlensee-SGB_241109-1-1024x683.jpg\" alt=\"\" class=\"wp-image-22435\" srcset=\"https:\/\/insideamateurfussball-ffm.de\/wp-content\/uploads\/2024\/11\/Erlensee-SGB_241109-1-1024x683.jpg 1024w, https:\/\/insideamateurfussball-ffm.de\/wp-content\/uploads\/2024\/11\/Erlensee-SGB_241109-1-300x200.jpg 300w, https:\/\/insideamateurfussball-ffm.de\/wp-content\/uploads\/2024\/11\/Erlensee-SGB_241109-1-768x512.jpg 768w, https:\/\/insideamateurfussball-ffm.de\/wp-content\/uploads\/2024\/11\/Erlensee-SGB_241109-1-1536x1024.jpg 1536w, https:\/\/insideamateurfussball-ffm.de\/wp-content\/uploads\/2024\/11\/Erlensee-SGB_241109-1-2048x1365.jpg 2048w\" sizes=\"auto, (max-width: 1024px) 100vw, 1024px\" \/><\/figure>\n<\/figure>\n\n\n\n<figure class=\"wp-block-gallery has-nested-images columns-default is-cropped wp-block-gallery-11 is-layout-flex wp-block-gallery-is-layout-flex\">\n<figure class=\"wp-block-image size-large is-style-rounded\"><img loading=\"lazy\" decoding=\"async\" width=\"1024\" height=\"683\" data-id=\"22436\" src=\"https:\/\/insideamateurfussball-ffm.de\/wp-content\/uploads\/2024\/11\/Erlensee-SGB_241109-101-1024x683.jpg\" alt=\"\" class=\"wp-image-22436\" srcset=\"https:\/\/insideamateurfussball-ffm.de\/wp-content\/uploads\/2024\/11\/Erlensee-SGB_241109-101-1024x683.jpg 1024w, https:\/\/insideamateurfussball-ffm.de\/wp-content\/uploads\/2024\/11\/Erlensee-SGB_241109-101-300x200.jpg 300w, https:\/\/insideamateurfussball-ffm.de\/wp-content\/uploads\/2024\/11\/Erlensee-SGB_241109-101-768x512.jpg 768w, https:\/\/insideamateurfussball-ffm.de\/wp-content\/uploads\/2024\/11\/Erlensee-SGB_241109-101-1536x1024.jpg 1536w, https:\/\/insideamateurfussball-ffm.de\/wp-content\/uploads\/2024\/11\/Erlensee-SGB_241109-101-2048x1365.jpg 2048w\" sizes=\"auto, (max-width: 1024px) 100vw, 1024px\" \/><\/figure>\n<\/figure>\n\n\n\n<figure class=\"wp-block-gallery has-nested-images columns-default is-cropped wp-block-gallery-12 is-layout-flex wp-block-gallery-is-layout-flex\">\n<figure class=\"wp-block-image size-large is-style-rounded\"><img loading=\"lazy\" decoding=\"async\" width=\"1024\" height=\"683\" data-id=\"22437\" src=\"https:\/\/insideamateurfussball-ffm.de\/wp-content\/uploads\/2024\/11\/Erlensee-SGB_241109-289-1024x683.jpg\" alt=\"\" class=\"wp-image-22437\" srcset=\"https:\/\/insideamateurfussball-ffm.de\/wp-content\/uploads\/2024\/11\/Erlensee-SGB_241109-289-1024x683.jpg 1024w, https:\/\/insideamateurfussball-ffm.de\/wp-content\/uploads\/2024\/11\/Erlensee-SGB_241109-289-300x200.jpg 300w, https:\/\/insideamateurfussball-ffm.de\/wp-content\/uploads\/2024\/11\/Erlensee-SGB_241109-289-768x512.jpg 768w, https:\/\/insideamateurfussball-ffm.de\/wp-content\/uploads\/2024\/11\/Erlensee-SGB_241109-289-1536x1024.jpg 1536w, https:\/\/insideamateurfussball-ffm.de\/wp-content\/uploads\/2024\/11\/Erlensee-SGB_241109-289-2048x1365.jpg 2048w\" sizes=\"auto, (max-width: 1024px) 100vw, 1024px\" \/><\/figure>\n<\/figure>\n\n\n\n<figure class=\"wp-block-gallery has-nested-images columns-default is-cropped wp-block-gallery-13 is-layout-flex wp-block-gallery-is-layout-flex\">\n<figure class=\"wp-block-image size-large is-style-rounded\"><img loading=\"lazy\" decoding=\"async\" width=\"1024\" height=\"685\" data-id=\"22438\" src=\"https:\/\/insideamateurfussball-ffm.de\/wp-content\/uploads\/2024\/11\/Erlensee-SGB_241109-381-1024x685.jpg\" alt=\"\" class=\"wp-image-22438\" srcset=\"https:\/\/insideamateurfussball-ffm.de\/wp-content\/uploads\/2024\/11\/Erlensee-SGB_241109-381-1024x685.jpg 1024w, https:\/\/insideamateurfussball-ffm.de\/wp-content\/uploads\/2024\/11\/Erlensee-SGB_241109-381-300x201.jpg 300w, https:\/\/insideamateurfussball-ffm.de\/wp-content\/uploads\/2024\/11\/Erlensee-SGB_241109-381-768x514.jpg 768w, https:\/\/insideamateurfussball-ffm.de\/wp-content\/uploads\/2024\/11\/Erlensee-SGB_241109-381-1536x1028.jpg 1536w, https:\/\/insideamateurfussball-ffm.de\/wp-content\/uploads\/2024\/11\/Erlensee-SGB_241109-381-2048x1370.jpg 2048w\" sizes=\"auto, (max-width: 1024px) 100vw, 1024px\" \/><\/figure>\n<\/figure>\n\n\n\n<figure class=\"wp-block-gallery has-nested-images columns-default is-cropped wp-block-gallery-14 is-layout-flex wp-block-gallery-is-layout-flex\">\n<figure class=\"wp-block-image size-large is-style-rounded\"><img loading=\"lazy\" decoding=\"async\" width=\"1024\" height=\"683\" data-id=\"22439\" src=\"https:\/\/insideamateurfussball-ffm.de\/wp-content\/uploads\/2024\/11\/Erlensee-SGB_241109-431-1024x683.jpg\" alt=\"\" class=\"wp-image-22439\" srcset=\"https:\/\/insideamateurfussball-ffm.de\/wp-content\/uploads\/2024\/11\/Erlensee-SGB_241109-431-1024x683.jpg 1024w, https:\/\/insideamateurfussball-ffm.de\/wp-content\/uploads\/2024\/11\/Erlensee-SGB_241109-431-300x200.jpg 300w, https:\/\/insideamateurfussball-ffm.de\/wp-content\/uploads\/2024\/11\/Erlensee-SGB_241109-431-768x512.jpg 768w, https:\/\/insideamateurfussball-ffm.de\/wp-content\/uploads\/2024\/11\/Erlensee-SGB_241109-431-1536x1024.jpg 1536w, https:\/\/insideamateurfussball-ffm.de\/wp-content\/uploads\/2024\/11\/Erlensee-SGB_241109-431-2048x1365.jpg 2048w\" sizes=\"auto, (max-width: 1024px) 100vw, 1024px\" \/><\/figure>\n<\/figure>\n\n\n\n<figure class=\"wp-block-gallery has-nested-images columns-default is-cropped wp-block-gallery-15 is-layout-flex wp-block-gallery-is-layout-flex\">\n<figure class=\"wp-block-image size-large is-style-rounded\"><img loading=\"lazy\" decoding=\"async\" width=\"1024\" height=\"683\" data-id=\"22440\" src=\"https:\/\/insideamateurfussball-ffm.de\/wp-content\/uploads\/2024\/11\/Erlensee-SGB_241109-552-1024x683.jpg\" alt=\"\" class=\"wp-image-22440\" srcset=\"https:\/\/insideamateurfussball-ffm.de\/wp-content\/uploads\/2024\/11\/Erlensee-SGB_241109-552-1024x683.jpg 1024w, https:\/\/insideamateurfussball-ffm.de\/wp-content\/uploads\/2024\/11\/Erlensee-SGB_241109-552-300x200.jpg 300w, https:\/\/insideamateurfussball-ffm.de\/wp-content\/uploads\/2024\/11\/Erlensee-SGB_241109-552-768x512.jpg 768w, https:\/\/insideamateurfussball-ffm.de\/wp-content\/uploads\/2024\/11\/Erlensee-SGB_241109-552-1536x1024.jpg 1536w, https:\/\/insideamateurfussball-ffm.de\/wp-content\/uploads\/2024\/11\/Erlensee-SGB_241109-552-2048x1365.jpg 2048w\" sizes=\"auto, (max-width: 1024px) 100vw, 1024px\" \/><\/figure>\n<\/figure>\n\n\n\n<figure class=\"wp-block-gallery has-nested-images columns-default is-cropped wp-block-gallery-16 is-layout-flex wp-block-gallery-is-layout-flex\">\n<figure class=\"wp-block-image size-large is-style-rounded\"><img loading=\"lazy\" decoding=\"async\" width=\"1024\" height=\"683\" data-id=\"22441\" src=\"https:\/\/insideamateurfussball-ffm.de\/wp-content\/uploads\/2024\/11\/Erlensee-SGB_241109-617-1024x683.jpg\" alt=\"\" class=\"wp-image-22441\" srcset=\"https:\/\/insideamateurfussball-ffm.de\/wp-content\/uploads\/2024\/11\/Erlensee-SGB_241109-617-1024x683.jpg 1024w, https:\/\/insideamateurfussball-ffm.de\/wp-content\/uploads\/2024\/11\/Erlensee-SGB_241109-617-300x200.jpg 300w, https:\/\/insideamateurfussball-ffm.de\/wp-content\/uploads\/2024\/11\/Erlensee-SGB_241109-617-768x512.jpg 768w, https:\/\/insideamateurfussball-ffm.de\/wp-content\/uploads\/2024\/11\/Erlensee-SGB_241109-617-1536x1024.jpg 1536w, https:\/\/insideamateurfussball-ffm.de\/wp-content\/uploads\/2024\/11\/Erlensee-SGB_241109-617-2048x1365.jpg 2048w\" sizes=\"auto, (max-width: 1024px) 100vw, 1024px\" \/><\/figure>\n<\/figure>\n\n\n\n<figure class=\"wp-block-gallery has-nested-images columns-default is-cropped wp-block-gallery-17 is-layout-flex wp-block-gallery-is-layout-flex\">\n<figure class=\"wp-block-image size-large is-style-rounded\"><img loading=\"lazy\" decoding=\"async\" width=\"1024\" height=\"683\" data-id=\"22442\" src=\"https:\/\/insideamateurfussball-ffm.de\/wp-content\/uploads\/2024\/11\/Erlensee-SGB_241109-10-1024x683.jpg\" alt=\"\" class=\"wp-image-22442\" srcset=\"https:\/\/insideamateurfussball-ffm.de\/wp-content\/uploads\/2024\/11\/Erlensee-SGB_241109-10-1024x683.jpg 1024w, https:\/\/insideamateurfussball-ffm.de\/wp-content\/uploads\/2024\/11\/Erlensee-SGB_241109-10-300x200.jpg 300w, https:\/\/insideamateurfussball-ffm.de\/wp-content\/uploads\/2024\/11\/Erlensee-SGB_241109-10-768x512.jpg 768w, https:\/\/insideamateurfussball-ffm.de\/wp-content\/uploads\/2024\/11\/Erlensee-SGB_241109-10-1536x1024.jpg 1536w, https:\/\/insideamateurfussball-ffm.de\/wp-content\/uploads\/2024\/11\/Erlensee-SGB_241109-10-2048x1365.jpg 2048w\" sizes=\"auto, (max-width: 1024px) 100vw, 1024px\" \/><\/figure>\n<\/figure>\n\n\n\n<figure class=\"wp-block-gallery has-nested-images columns-default is-cropped wp-block-gallery-18 is-layout-flex wp-block-gallery-is-layout-flex\">\n<figure class=\"wp-block-image size-large is-style-rounded\"><img loading=\"lazy\" decoding=\"async\" width=\"1024\" height=\"683\" data-id=\"22443\" src=\"https:\/\/insideamateurfussball-ffm.de\/wp-content\/uploads\/2024\/11\/Erlensee-SGB_241109-125-1024x683.jpg\" alt=\"\" class=\"wp-image-22443\" srcset=\"https:\/\/insideamateurfussball-ffm.de\/wp-content\/uploads\/2024\/11\/Erlensee-SGB_241109-125-1024x683.jpg 1024w, https:\/\/insideamateurfussball-ffm.de\/wp-content\/uploads\/2024\/11\/Erlensee-SGB_241109-125-300x200.jpg 300w, https:\/\/insideamateurfussball-ffm.de\/wp-content\/uploads\/2024\/11\/Erlensee-SGB_241109-125-768x512.jpg 768w, https:\/\/insideamateurfussball-ffm.de\/wp-content\/uploads\/2024\/11\/Erlensee-SGB_241109-125-1536x1024.jpg 1536w, https:\/\/insideamateurfussball-ffm.de\/wp-content\/uploads\/2024\/11\/Erlensee-SGB_241109-125-2048x1365.jpg 2048w\" sizes=\"auto, (max-width: 1024px) 100vw, 1024px\" \/><\/figure>\n<\/figure>\n\n\n\n<figure class=\"wp-block-gallery has-nested-images columns-default is-cropped wp-block-gallery-19 is-layout-flex wp-block-gallery-is-layout-flex\">\n<figure class=\"wp-block-image size-large is-style-rounded\"><img loading=\"lazy\" decoding=\"async\" width=\"1024\" height=\"683\" data-id=\"22444\" src=\"https:\/\/insideamateurfussball-ffm.de\/wp-content\/uploads\/2024\/11\/Erlensee-SGB_241109-307-1024x683.jpg\" alt=\"\" class=\"wp-image-22444\" srcset=\"https:\/\/insideamateurfussball-ffm.de\/wp-content\/uploads\/2024\/11\/Erlensee-SGB_241109-307-1024x683.jpg 1024w, https:\/\/insideamateurfussball-ffm.de\/wp-content\/uploads\/2024\/11\/Erlensee-SGB_241109-307-300x200.jpg 300w, https:\/\/insideamateurfussball-ffm.de\/wp-content\/uploads\/2024\/11\/Erlensee-SGB_241109-307-768x512.jpg 768w, https:\/\/insideamateurfussball-ffm.de\/wp-content\/uploads\/2024\/11\/Erlensee-SGB_241109-307-1536x1024.jpg 1536w, https:\/\/insideamateurfussball-ffm.de\/wp-content\/uploads\/2024\/11\/Erlensee-SGB_241109-307-2048x1365.jpg 2048w\" sizes=\"auto, (max-width: 1024px) 100vw, 1024px\" \/><\/figure>\n<\/figure>\n\n\n\n<figure class=\"wp-block-gallery has-nested-images columns-default is-cropped wp-block-gallery-20 is-layout-flex wp-block-gallery-is-layout-flex\">\n<figure class=\"wp-block-image size-large is-style-rounded\"><img loading=\"lazy\" decoding=\"async\" width=\"1024\" height=\"683\" data-id=\"22445\" src=\"https:\/\/insideamateurfussball-ffm.de\/wp-content\/uploads\/2024\/11\/Erlensee-SGB_241109-384-1024x683.jpg\" alt=\"\" class=\"wp-image-22445\" srcset=\"https:\/\/insideamateurfussball-ffm.de\/wp-content\/uploads\/2024\/11\/Erlensee-SGB_241109-384-1024x683.jpg 1024w, https:\/\/insideamateurfussball-ffm.de\/wp-content\/uploads\/2024\/11\/Erlensee-SGB_241109-384-300x200.jpg 300w, https:\/\/insideamateurfussball-ffm.de\/wp-content\/uploads\/2024\/11\/Erlensee-SGB_241109-384-768x512.jpg 768w, https:\/\/insideamateurfussball-ffm.de\/wp-content\/uploads\/2024\/11\/Erlensee-SGB_241109-384-1536x1024.jpg 1536w, https:\/\/insideamateurfussball-ffm.de\/wp-content\/uploads\/2024\/11\/Erlensee-SGB_241109-384-2048x1365.jpg 2048w\" sizes=\"auto, (max-width: 1024px) 100vw, 1024px\" \/><\/figure>\n<\/figure>\n\n\n\n<figure class=\"wp-block-gallery has-nested-images columns-default is-cropped wp-block-gallery-21 is-layout-flex wp-block-gallery-is-layout-flex\">\n<figure class=\"wp-block-image size-large is-style-rounded\"><img loading=\"lazy\" decoding=\"async\" width=\"1024\" height=\"683\" data-id=\"22446\" src=\"https:\/\/insideamateurfussball-ffm.de\/wp-content\/uploads\/2024\/11\/Erlensee-SGB_241109-460-1024x683.jpg\" alt=\"\" class=\"wp-image-22446\" srcset=\"https:\/\/insideamateurfussball-ffm.de\/wp-content\/uploads\/2024\/11\/Erlensee-SGB_241109-460-1024x683.jpg 1024w, https:\/\/insideamateurfussball-ffm.de\/wp-content\/uploads\/2024\/11\/Erlensee-SGB_241109-460-300x200.jpg 300w, https:\/\/insideamateurfussball-ffm.de\/wp-content\/uploads\/2024\/11\/Erlensee-SGB_241109-460-768x512.jpg 768w, https:\/\/insideamateurfussball-ffm.de\/wp-content\/uploads\/2024\/11\/Erlensee-SGB_241109-460-1536x1024.jpg 1536w, https:\/\/insideamateurfussball-ffm.de\/wp-content\/uploads\/2024\/11\/Erlensee-SGB_241109-460-2048x1365.jpg 2048w\" sizes=\"auto, (max-width: 1024px) 100vw, 1024px\" \/><\/figure>\n<\/figure>\n\n\n\n<figure class=\"wp-block-gallery has-nested-images columns-default is-cropped wp-block-gallery-22 is-layout-flex wp-block-gallery-is-layout-flex\">\n<figure class=\"wp-block-image size-large is-style-rounded\"><img loading=\"lazy\" decoding=\"async\" width=\"1024\" height=\"683\" data-id=\"22447\" src=\"https:\/\/insideamateurfussball-ffm.de\/wp-content\/uploads\/2024\/11\/Erlensee-SGB_241109-556-1024x683.jpg\" alt=\"\" class=\"wp-image-22447\" srcset=\"https:\/\/insideamateurfussball-ffm.de\/wp-content\/uploads\/2024\/11\/Erlensee-SGB_241109-556-1024x683.jpg 1024w, https:\/\/insideamateurfussball-ffm.de\/wp-content\/uploads\/2024\/11\/Erlensee-SGB_241109-556-300x200.jpg 300w, https:\/\/insideamateurfussball-ffm.de\/wp-content\/uploads\/2024\/11\/Erlensee-SGB_241109-556-768x512.jpg 768w, https:\/\/insideamateurfussball-ffm.de\/wp-content\/uploads\/2024\/11\/Erlensee-SGB_241109-556-1536x1024.jpg 1536w, https:\/\/insideamateurfussball-ffm.de\/wp-content\/uploads\/2024\/11\/Erlensee-SGB_241109-556-2048x1365.jpg 2048w\" sizes=\"auto, (max-width: 1024px) 100vw, 1024px\" \/><\/figure>\n<\/figure>\n\n\n\n<figure class=\"wp-block-gallery has-nested-images columns-default is-cropped wp-block-gallery-23 is-layout-flex wp-block-gallery-is-layout-flex\">\n<figure class=\"wp-block-image size-large is-style-rounded\"><img loading=\"lazy\" decoding=\"async\" width=\"1024\" height=\"684\" data-id=\"22448\" src=\"https:\/\/insideamateurfussball-ffm.de\/wp-content\/uploads\/2024\/11\/Erlensee-SGB_241109-646-1024x684.jpg\" alt=\"\" class=\"wp-image-22448\" srcset=\"https:\/\/insideamateurfussball-ffm.de\/wp-content\/uploads\/2024\/11\/Erlensee-SGB_241109-646-1024x684.jpg 1024w, https:\/\/insideamateurfussball-ffm.de\/wp-content\/uploads\/2024\/11\/Erlensee-SGB_241109-646-300x200.jpg 300w, https:\/\/insideamateurfussball-ffm.de\/wp-content\/uploads\/2024\/11\/Erlensee-SGB_241109-646-768x513.jpg 768w, https:\/\/insideamateurfussball-ffm.de\/wp-content\/uploads\/2024\/11\/Erlensee-SGB_241109-646-1536x1026.jpg 1536w, https:\/\/insideamateurfussball-ffm.de\/wp-content\/uploads\/2024\/11\/Erlensee-SGB_241109-646-2048x1368.jpg 2048w\" sizes=\"auto, (max-width: 1024px) 100vw, 1024px\" \/><\/figure>\n<\/figure>\n\n\n\n<figure class=\"wp-block-gallery has-nested-images columns-default is-cropped wp-block-gallery-24 is-layout-flex wp-block-gallery-is-layout-flex\">\n<figure class=\"wp-block-image size-large is-style-rounded\"><img loading=\"lazy\" decoding=\"async\" width=\"1024\" height=\"683\" data-id=\"22449\" src=\"https:\/\/insideamateurfussball-ffm.de\/wp-content\/uploads\/2024\/11\/Erlensee-SGB_241109-35-1024x683.jpg\" alt=\"\" class=\"wp-image-22449\" srcset=\"https:\/\/insideamateurfussball-ffm.de\/wp-content\/uploads\/2024\/11\/Erlensee-SGB_241109-35-1024x683.jpg 1024w, https:\/\/insideamateurfussball-ffm.de\/wp-content\/uploads\/2024\/11\/Erlensee-SGB_241109-35-300x200.jpg 300w, https:\/\/insideamateurfussball-ffm.de\/wp-content\/uploads\/2024\/11\/Erlensee-SGB_241109-35-768x512.jpg 768w, https:\/\/insideamateurfussball-ffm.de\/wp-content\/uploads\/2024\/11\/Erlensee-SGB_241109-35-1536x1024.jpg 1536w, https:\/\/insideamateurfussball-ffm.de\/wp-content\/uploads\/2024\/11\/Erlensee-SGB_241109-35-2048x1365.jpg 2048w\" sizes=\"auto, (max-width: 1024px) 100vw, 1024px\" \/><\/figure>\n<\/figure>\n","protected":false},"excerpt":{"rendered":"<p>Die SG Bornheim\/Gr\u00fcn-Wei\u00df holte zum Abschluss der Hinrunde in der Verbandsliga S\u00fcd bei Hessenliga-Absteiger 1. FC Erlensee einen R\u00fcckstand auf und erzielte noch ein 3:3-Unentschieden. Damit hielten die Bornheimer als Rang-13. den Drittletzten auf f\u00fcnf Punkte Abstand.\u00a0 1. FC Erlensee &#8211; SG Bornheim\/Gr\u00fcn-Wei\u00df 3:3 (3:1) &#8222;Die erste Halbzeit war richtig schlecht. Ich hatte schon beim [&hellip;]<\/p>\n","protected":false},"author":1,"featured_media":22420,"comment_status":"closed","ping_status":"closed","sticky":true,"template":"","format":"standard","meta":{"footnotes":""},"categories":[10],"tags":[],"class_list":["post-22419","post","type-post","status-publish","format-standard","has-post-thumbnail","hentry","category-verbandsliga-sued"],"_links":{"self":[{"href":"https:\/\/insideamateurfussball-ffm.de\/index.php?rest_route=\/wp\/v2\/posts\/22419","targetHints":{"allow":["GET"]}}],"collection":[{"href":"https:\/\/insideamateurfussball-ffm.de\/index.php?rest_route=\/wp\/v2\/posts"}],"about":[{"href":"https:\/\/insideamateurfussball-ffm.de\/index.php?rest_route=\/wp\/v2\/types\/post"}],"author":[{"embeddable":true,"href":"https:\/\/insideamateurfussball-ffm.de\/index.php?rest_route=\/wp\/v2\/users\/1"}],"replies":[{"embeddable":true,"href":"https:\/\/insideamateurfussball-ffm.de\/index.php?rest_route=%2Fwp%2Fv2%2Fcomments&post=22419"}],"version-history":[{"count":2,"href":"https:\/\/insideamateurfussball-ffm.de\/index.php?rest_route=\/wp\/v2\/posts\/22419\/revisions"}],"predecessor-version":[{"id":22450,"href":"https:\/\/insideamateurfussball-ffm.de\/index.php?rest_route=\/wp\/v2\/posts\/22419\/revisions\/22450"}],"wp:featuredmedia":[{"embeddable":true,"href":"https:\/\/insideamateurfussball-ffm.de\/index.php?rest_route=\/wp\/v2\/media\/22420"}],"wp:attachment":[{"href":"https:\/\/insideamateurfussball-ffm.de\/index.php?rest_route=%2Fwp%2Fv2%2Fmedia&parent=22419"}],"wp:term":[{"taxonomy":"category","embeddable":true,"href":"https:\/\/insideamateurfussball-ffm.de\/index.php?rest_route=%2Fwp%2Fv2%2Fcategories&post=22419"},{"taxonomy":"post_tag","embeddable":true,"href":"https:\/\/insideamateurfussball-ffm.de\/index.php?rest_route=%2Fwp%2Fv2%2Ftags&post=22419"}],"curies":[{"name":"wp","href":"https:\/\/api.w.org\/{rel}","templated":true}]}}