{"id":22416,"date":"2024-11-11T18:00:57","date_gmt":"2024-11-11T16:00:57","guid":{"rendered":"https:\/\/insideamateurfussball-ffm.de\/?p=22416"},"modified":"2024-11-11T18:00:57","modified_gmt":"2024-11-11T16:00:57","slug":"zeilsheim-nach-32-in-dietkirchen-herbstmeister","status":"publish","type":"post","link":"https:\/\/insideamateurfussball-ffm.de\/?p=22416","title":{"rendered":"Zeilsheim nach 3:2 in Dietkirchen Herbstmeister"},"content":{"rendered":"<h4>Durch den 3:2-Ausw\u00e4rtsssieg beim Hessenliga-Absteiger TuS Dietkirchen errang der SV Zeilsheim in der Verbandsliga Mitte die Herbstmeisterschaft.<\/h4>\n<figure id=\"attachment_22417\" aria-describedby=\"caption-attachment-22417\" style=\"width: 981px\" class=\"wp-caption alignnone\"><img loading=\"lazy\" decoding=\"async\" class=\"wp-image-22417\" src=\"http:\/\/insideamateurfussball-ffm.de\/wp-content\/uploads\/2024\/11\/14-Trotz-Doppeldeckung-gelang-brachte-Dorian-Miric-seine-Mannschaftmit-2-1-in-Fuehrung.jpg\" alt=\"\" width=\"981\" height=\"755\" srcset=\"https:\/\/insideamateurfussball-ffm.de\/wp-content\/uploads\/2024\/11\/14-Trotz-Doppeldeckung-gelang-brachte-Dorian-Miric-seine-Mannschaftmit-2-1-in-Fuehrung.jpg 972w, https:\/\/insideamateurfussball-ffm.de\/wp-content\/uploads\/2024\/11\/14-Trotz-Doppeldeckung-gelang-brachte-Dorian-Miric-seine-Mannschaftmit-2-1-in-Fuehrung-300x231.jpg 300w, https:\/\/insideamateurfussball-ffm.de\/wp-content\/uploads\/2024\/11\/14-Trotz-Doppeldeckung-gelang-brachte-Dorian-Miric-seine-Mannschaftmit-2-1-in-Fuehrung-768x591.jpg 768w\" sizes=\"auto, (max-width: 981px) 100vw, 981px\" \/><figcaption id=\"caption-attachment-22417\" class=\"wp-caption-text\">Zeilsheims Torj\u00e4ger Dorian Miric wird hier in die Zange genommen. Foto: Peter Strauch.\u00a0<\/figcaption><\/figure>\n<h4>TuS Dietkirchen &#8211; SV Zeilsheim 2:3 (0:0)<\/h4>\n<p><img loading=\"lazy\" decoding=\"async\" class=\"alignnone size-full wp-image-3678\" src=\"http:\/\/insideamateurfussball-ffm.de\/wp-content\/uploads\/2022\/11\/Dietkirchen.jpg\" alt=\"\" width=\"80\" height=\"77\" \/><img loading=\"lazy\" decoding=\"async\" class=\"alignnone size-full wp-image-1153\" src=\"http:\/\/insideamateurfussball-ffm.de\/wp-content\/uploads\/2022\/07\/SVZe.jpg\" alt=\"\" width=\"68\" height=\"80\" \/><\/p>\n<p>Der SV Zeilsheim hat beim TuS Dietkirchen den dreizehnten Saisonsieg gefeiert. F\u00fcr einen dominanten Auftritt belohnte sich der SV mit einem 3:2-Ausw\u00e4rtssieg. Verzichten musste der SV auf die verletzten Andre Flie\u00df und Luftrim Kodraliu, wodurch Patryk Kuras und Jonatan Tesfaldet starten durften. &#8222;Wir sind dominant in das Spiel gestartet und hatten viel Ballbesitz&#8220;, lobt SV-Trainer Benjamin Apidopoulos, der gemeinsam mit Alexander Konjevic den Verbandsligisten trainiert. Dass die Zeilsheimer nicht mit einer F\u00fchrung in die Pause gegangen sind, habe an Dietkirchens Torwart Raphael Laux gelegen, der zwei Abschl\u00fcsse des SV stark parieren konnte.<\/p>\n<p>Im Angriff wurden die Gastgeber in der ersten H\u00e4lfte allerdings kaum gef\u00e4hrlich. Nur wenige Augenblicke nach dem Seitenwechsel wurde der Tabellenf\u00fchrer dann aber eiskalt erwischt, als Jonathan Mink einen Angriff zur Dietkirchener F\u00fchrung vollendete. &#8222;Im Anschluss an den R\u00fcckstand m\u00fcssen wir uns bei unserem Torwart Paul Siegers bedanken, der uns \u00fcberragend im Spiel gehalten hat&#8220;, erkl\u00e4rt Apidopoulos. Die Zeilsheimer spielten weiter nach vorne und kamen durch einen Standard zum Ausgleich.<\/p>\n<blockquote>\n<h4>G\u00fcrsoy verwandelt Elfmeter sicher<\/h4>\n<\/blockquote>\n<p>Der eingewechselte Levin Pekcan brachte den Ball am zweiten Pfosten im Tor unter (71.). Dorian Miric traf nur drei Minuten sp\u00e4ter akrobatisch zur SV-F\u00fchrung. &#8222;Ein sehr sch\u00f6nes Tor&#8220;, freut sich der Co-Trainer der Gr\u00fcnen. Einen an Leo Bianco verursachten Elfmeter, verwandelte Kapit\u00e4n Samed G\u00fcrsoy sicher (80.). Apidopoulos: &#8222;Nach dem 3:1 haben wir uns zu sicher gef\u00fchlt und deswegen das 3:2 durch Alexander Fr\u00f6hlich kassiert (84.).&#8220; Da der SV im Anschluss die F\u00fchrung verteidigte, konnte der Tabellenf\u00fchrer einen verdienten Erfolg feiern.<\/p>\n<p>Somit stehen die Zeilsheimer nun bei 36 Punkten aus 16 Spielen auf Platz 1. N\u00e4chste Woche steht f\u00fcr den SV das n\u00e4chste Ausw\u00e4rtsspiel an. Mit der SG Walluf wartet der Tabellendritte auf die Zeilsheimer. Das wird ein absolutes Spitzenspiel, in dem es keinen Favoriten gibt&#8220;. An eine Niederlage denkt beim SV allerdings keiner: &#8222;Wir freuen uns auf das Spiel und werden versuchen, z\u00e4hlbares mitzunehmen.&#8220; Ein Vorteil k\u00f6nnte die SG Walluf deshalb haben, da sie dieses Wochenende spielfrei haben. &#8222;Sie sind vielleicht ein wenig ausgeruhter als wir, aber wir haben die Qualit\u00e4ten, ein gutes Ausw\u00e4rtsspiel zu liefern.&#8220;<\/p>\n<blockquote>\n<h4>Schiedsrichter: Lasse Braun (FC Fortuna Frankfurt).<\/h4>\n<h4>Tore: 1:0 Jonathan Mink (46.), 1:1 Levin Pekcan (71.), 1:2 Dorian Miric (74.), 1:3 Abdussamed G\u00fcrsoy (80.\/Foulelfmeter), 2:3 Alexander Fr\u00f6hlich (84.).<\/h4>\n<\/blockquote>\n","protected":false},"excerpt":{"rendered":"<p>Durch den 3:2-Ausw\u00e4rtsssieg beim Hessenliga-Absteiger TuS Dietkirchen errang der SV Zeilsheim in der Verbandsliga Mitte die Herbstmeisterschaft. TuS Dietkirchen &#8211; SV Zeilsheim 2:3 (0:0) Der SV Zeilsheim hat beim TuS Dietkirchen den dreizehnten Saisonsieg gefeiert. F\u00fcr einen dominanten Auftritt belohnte sich der SV mit einem 3:2-Ausw\u00e4rtssieg. Verzichten musste der SV auf die verletzten Andre Flie\u00df [&hellip;]<\/p>\n","protected":false},"author":1,"featured_media":22417,"comment_status":"closed","ping_status":"closed","sticky":true,"template":"","format":"standard","meta":{"footnotes":""},"categories":[32],"tags":[],"class_list":["post-22416","post","type-post","status-publish","format-standard","has-post-thumbnail","hentry","category-verbandsliga-mitte"],"_links":{"self":[{"href":"https:\/\/insideamateurfussball-ffm.de\/index.php?rest_route=\/wp\/v2\/posts\/22416","targetHints":{"allow":["GET"]}}],"collection":[{"href":"https:\/\/insideamateurfussball-ffm.de\/index.php?rest_route=\/wp\/v2\/posts"}],"about":[{"href":"https:\/\/insideamateurfussball-ffm.de\/index.php?rest_route=\/wp\/v2\/types\/post"}],"author":[{"embeddable":true,"href":"https:\/\/insideamateurfussball-ffm.de\/index.php?rest_route=\/wp\/v2\/users\/1"}],"replies":[{"embeddable":true,"href":"https:\/\/insideamateurfussball-ffm.de\/index.php?rest_route=%2Fwp%2Fv2%2Fcomments&post=22416"}],"version-history":[{"count":1,"href":"https:\/\/insideamateurfussball-ffm.de\/index.php?rest_route=\/wp\/v2\/posts\/22416\/revisions"}],"predecessor-version":[{"id":22418,"href":"https:\/\/insideamateurfussball-ffm.de\/index.php?rest_route=\/wp\/v2\/posts\/22416\/revisions\/22418"}],"wp:featuredmedia":[{"embeddable":true,"href":"https:\/\/insideamateurfussball-ffm.de\/index.php?rest_route=\/wp\/v2\/media\/22417"}],"wp:attachment":[{"href":"https:\/\/insideamateurfussball-ffm.de\/index.php?rest_route=%2Fwp%2Fv2%2Fmedia&parent=22416"}],"wp:term":[{"taxonomy":"category","embeddable":true,"href":"https:\/\/insideamateurfussball-ffm.de\/index.php?rest_route=%2Fwp%2Fv2%2Fcategories&post=22416"},{"taxonomy":"post_tag","embeddable":true,"href":"https:\/\/insideamateurfussball-ffm.de\/index.php?rest_route=%2Fwp%2Fv2%2Ftags&post=22416"}],"curies":[{"name":"wp","href":"https:\/\/api.w.org\/{rel}","templated":true}]}}