{"id":22401,"date":"2024-11-06T17:01:12","date_gmt":"2024-11-06T15:01:12","guid":{"rendered":"https:\/\/insideamateurfussball-ffm.de\/?p=22401"},"modified":"2024-11-06T17:01:12","modified_gmt":"2024-11-06T15:01:12","slug":"tsg-niederrad-stoppt-freien-fall","status":"publish","type":"post","link":"https:\/\/insideamateurfussball-ffm.de\/?p=22401","title":{"rendered":"TSG Niederrad stoppt freien Fall"},"content":{"rendered":"<h4>Nach drei Abstiegen in Folge hat die TSG Niederrad in der Kreisliga B vorerst den freien Fall gestoppt. Es ergibt sich mittlerweile wieder eine Perspektive f\u00fcr den abgest\u00fcrzten Traditionsverein aus der Hahnstra\u00dfe.\u00a0<\/h4>\n<figure id=\"attachment_22402\" aria-describedby=\"caption-attachment-22402\" style=\"width: 1006px\" class=\"wp-caption alignnone\"><img loading=\"lazy\" decoding=\"async\" class=\"wp-image-22402\" src=\"http:\/\/insideamateurfussball-ffm.de\/wp-content\/uploads\/2024\/11\/croll.jpg\" alt=\"\" width=\"1006\" height=\"755\" srcset=\"https:\/\/insideamateurfussball-ffm.de\/wp-content\/uploads\/2024\/11\/croll.jpg 997w, https:\/\/insideamateurfussball-ffm.de\/wp-content\/uploads\/2024\/11\/croll-300x225.jpg 300w, https:\/\/insideamateurfussball-ffm.de\/wp-content\/uploads\/2024\/11\/croll-768x576.jpg 768w\" sizes=\"auto, (max-width: 1006px) 100vw, 1006px\" \/><figcaption id=\"caption-attachment-22402\" class=\"wp-caption-text\">Vereinsvorsitzender J\u00fcrgen Croll sieht wieder eine Perspektive f\u00fcr die TSG Niederrad. Foto: Archiv J\u00f6rg Schulz.<\/figcaption><\/figure>\n<p><img loading=\"lazy\" decoding=\"async\" class=\"alignnone size-full wp-image-343\" src=\"http:\/\/insideamateurfussball-ffm.de\/wp-content\/uploads\/2022\/05\/TSG-Niederrad.jpg\" alt=\"\" width=\"68\" height=\"80\" \/><\/p>\n<p>Vor drei Jahren spielte die TSG Niederrad noch in der Gruppenliga Frankfurt West, in die der Verein aus der Hahnstra\u00dfe als Meister der Kreisoberliga 2019 erstmals aufgestiegen war. Im dritten Jahr erwischte es aber den Stadtteilverein, nachdem die TSG in den beiden Vorsaisons von der Aussetzung der Abstiegsregelungen w\u00e4hrend der Corona-Pandemie profitiert hatte. Nach dem Abstieg in die Kreisoberliga waren die Niederr\u00e4der nicht mehr konkurrenzf\u00e4hig und belegten seit Saisonbeginn permanent den letzten Platz. Im April 2023 wurde die Mannschaft dann nach dreimaligem Nichtantritt satzungsgem\u00e4\u00df aus der Wertung genommen.<\/p>\n<p>Auch in der Saison 2023\/24 ereilte die Niederr\u00e4der das gleiche Schicksal. Zwar konnte die Runde diesmal regul\u00e4r beendet werden, jedoch belegte die TSG abgeschlagen den letzten Tabellenplatz und stieg somit zum dritten Mal in Folge ab. Bef\u00fcrchtungen, dass sich der rapide Niedergang auch in der Kreisliga B (Gruppe 2) fortsetzen k\u00f6nnte, waren durchaus vorhanden. Denn eine regul\u00e4re Vorbereitung mit Testspielen fand kaum statt und die ersten f\u00fcnf Ligaspiele gingen verloren. Seit dem ersten Saisonsieg am 15. September bei der SG Riederwald (2:1) ging es jedoch aufw\u00e4rts. Nur noch das Derby beim SV Sandhof Niederrad ging verloren (2:3), ansonsten gab es f\u00fcnf weitere Siege und ein Remis.<\/p>\n<blockquote>\n<h4>&#8222;Wir bewegen uns in der Gegenwart und haben nach dem Neuanfang ein Team, das Zusammenhalt zeigt.&#8220; (TSG Niederrad-Vorsitzender J\u00fcrgen Croll)<\/h4>\n<\/blockquote>\n<p>Am Sonntag gelang dem Team vom Mannschaftsverantwortlichen J\u00fcrgen Croll, der in Personalunion Erster Vorsitzender ist, ein deutlicher 6:2-Sieg beim VfL Germania 94 II, wodurch man sich auf Rang neun verbesserte. Trainer der Mannschaft ist weiterhin Hakkan Akkoc, der auch das Amt des Zweiten Vorsitzenden bekleidet. Zu den St\u00fctzen des Teams geh\u00f6ren neben Torj\u00e4ger Adnan auch Crolls Sohn Marius. &#8222;Wir bewegen uns in der Gegenwart und haben nach dem Neuanfang ein Team, das Zusammenhalt zeigt. Dieser Spirit ist in der B-Klasse wichtig&#8220;, sagt Croll. Der seit 1898 existierende Mehrspartenverein hat dadurch wieder eine mittelfristige Perspektive, auch wenn die vereinseigene Sportanlage sich nach wie vor in einem maroden Zustand befindet.<\/p>\n<p>Der Hartplatz dient bei Heimspielen von Eintracht Frankfurt als Parkplatz. Der Rasenplatz ist eigentlich nur im Sommer unter viel Aufwand zu bespielen, weswegen die TSG ihre Heimspiele auf der gegen\u00fcberliegenden Bezirkssportanlage auf Kunstrasen austr\u00e4gt. Sogar ein Ausweichen auf die Anlage vom Stadtteil-Nachbarn Union Niederrad ist geplant. Der Verein hofft nun auf die Kommunalpolitik, die im Zuge des Neubaus einer Schule im Lyoner Quartier einen Kunstrasenplatz in Aussicht gestellt hat. &#8222;Wir haben Ruhe im Umfeld und wollen in dieser Saison mit Spa\u00dffaktoren einen Platz unter den ersten zehn belegen&#8220;, so Croll zu den Saisonzielen.<\/p>\n","protected":false},"excerpt":{"rendered":"<p>Nach drei Abstiegen in Folge hat die TSG Niederrad in der Kreisliga B vorerst den freien Fall gestoppt. Es ergibt sich mittlerweile wieder eine Perspektive f\u00fcr den abgest\u00fcrzten Traditionsverein aus der Hahnstra\u00dfe.\u00a0 Vor drei Jahren spielte die TSG Niederrad noch in der Gruppenliga Frankfurt West, in die der Verein aus der Hahnstra\u00dfe als Meister der [&hellip;]<\/p>\n","protected":false},"author":1,"featured_media":22402,"comment_status":"closed","ping_status":"closed","sticky":true,"template":"","format":"standard","meta":{"footnotes":""},"categories":[11],"tags":[],"class_list":["post-22401","post","type-post","status-publish","format-standard","has-post-thumbnail","hentry","category-kreisliga-b"],"_links":{"self":[{"href":"https:\/\/insideamateurfussball-ffm.de\/index.php?rest_route=\/wp\/v2\/posts\/22401","targetHints":{"allow":["GET"]}}],"collection":[{"href":"https:\/\/insideamateurfussball-ffm.de\/index.php?rest_route=\/wp\/v2\/posts"}],"about":[{"href":"https:\/\/insideamateurfussball-ffm.de\/index.php?rest_route=\/wp\/v2\/types\/post"}],"author":[{"embeddable":true,"href":"https:\/\/insideamateurfussball-ffm.de\/index.php?rest_route=\/wp\/v2\/users\/1"}],"replies":[{"embeddable":true,"href":"https:\/\/insideamateurfussball-ffm.de\/index.php?rest_route=%2Fwp%2Fv2%2Fcomments&post=22401"}],"version-history":[{"count":1,"href":"https:\/\/insideamateurfussball-ffm.de\/index.php?rest_route=\/wp\/v2\/posts\/22401\/revisions"}],"predecessor-version":[{"id":22403,"href":"https:\/\/insideamateurfussball-ffm.de\/index.php?rest_route=\/wp\/v2\/posts\/22401\/revisions\/22403"}],"wp:featuredmedia":[{"embeddable":true,"href":"https:\/\/insideamateurfussball-ffm.de\/index.php?rest_route=\/wp\/v2\/media\/22402"}],"wp:attachment":[{"href":"https:\/\/insideamateurfussball-ffm.de\/index.php?rest_route=%2Fwp%2Fv2%2Fmedia&parent=22401"}],"wp:term":[{"taxonomy":"category","embeddable":true,"href":"https:\/\/insideamateurfussball-ffm.de\/index.php?rest_route=%2Fwp%2Fv2%2Fcategories&post=22401"},{"taxonomy":"post_tag","embeddable":true,"href":"https:\/\/insideamateurfussball-ffm.de\/index.php?rest_route=%2Fwp%2Fv2%2Ftags&post=22401"}],"curies":[{"name":"wp","href":"https:\/\/api.w.org\/{rel}","templated":true}]}}