{"id":22328,"date":"2024-11-05T18:00:49","date_gmt":"2024-11-05T16:00:49","guid":{"rendered":"https:\/\/insideamateurfussball-ffm.de\/?p=22328"},"modified":"2024-11-05T18:00:49","modified_gmt":"2024-11-05T16:00:49","slug":"griesheim-tarik-gewinnt-mit-feldspieler-im-tor-2","status":"publish","type":"post","link":"https:\/\/insideamateurfussball-ffm.de\/?p=22328","title":{"rendered":"Griesheim Tarik gewinnt mit Feldspieler im Tor"},"content":{"rendered":"<h4>Der FC Croatia bleibt am Tabellenende der Kreisoberliga und damit stark abstiegsgef\u00e4hrdet. Die 1:2-Heimniederlage gegen den SV Griesheim Tarik war bereits die zw\u00f6lfte Pleite in dieser Saison. Die G\u00e4ste von der L\u00e4rchenstra\u00dfe hingegen landeten den erst vierten Sieg in dieser Spielzeit und konnten sich so auf Rang neun absetzen.<\/h4>\n<figure id=\"attachment_22329\" aria-describedby=\"caption-attachment-22329\" style=\"width: 1000px\" class=\"wp-caption alignnone\"><img loading=\"lazy\" decoding=\"async\" class=\"wp-image-22329\" src=\"http:\/\/insideamateurfussball-ffm.de\/wp-content\/uploads\/2024\/11\/tarik1-2.jpg\" alt=\"\" width=\"1000\" height=\"755\" srcset=\"https:\/\/insideamateurfussball-ffm.de\/wp-content\/uploads\/2024\/11\/tarik1-2.jpg 991w, https:\/\/insideamateurfussball-ffm.de\/wp-content\/uploads\/2024\/11\/tarik1-2-300x226.jpg 300w, https:\/\/insideamateurfussball-ffm.de\/wp-content\/uploads\/2024\/11\/tarik1-2-768x580.jpg 768w\" sizes=\"auto, (max-width: 1000px) 100vw, 1000px\" \/><figcaption id=\"caption-attachment-22329\" class=\"wp-caption-text\">Der SV Griesheim Tarik gewann beim Tabellenletzten FC Croatia. Foto: Archiv Mithat G\u00fcrser.<\/figcaption><\/figure>\n<h4>FC Croatia &#8211; SV Griesheim Tarik 1:2 (1:1)<\/h4>\n<p><img loading=\"lazy\" decoding=\"async\" class=\"alignnone size-full wp-image-29\" src=\"http:\/\/insideamateurfussball-ffm.de\/wp-content\/uploads\/2021\/11\/croatia.jpg\" alt=\"\" width=\"63\" height=\"80\" \/><img loading=\"lazy\" decoding=\"async\" class=\"alignnone size-full wp-image-34\" src=\"http:\/\/insideamateurfussball-ffm.de\/wp-content\/uploads\/2021\/11\/Tarik.jpg\" alt=\"\" width=\"80\" height=\"80\" \/><\/p>\n<p>Die Begegnung startete mit 15 Minuten Versp\u00e4tung, da die G\u00e4ste keinen gelernten Torh\u00fcter zur Verf\u00fcgung hatten und mit Zakaria El Youssfi einen Feldspieler notgedrungen zwischen die Pfosten stellen mussten, der auf seinen Einsatz nicht vorbereitet war und ohne Handschuhe spielte. Dieses Handicap nutzten die Gastgeber nicht aus, auch wenn Croatia per Foulelfmeter durch Ante Strljic in F\u00fchrung ging (20.). Tarik k\u00e4mpfte sich in die Partie und bekam ebenfalls einen Foulelfmeter zugesprochen, den Torj\u00e4ger Ahmet Keser zum 1:1 verwandelte (35.).<\/p>\n<p>Nach dem Seitenwechsel erzielte Keser den Siegtreffer der Griesheimer (62.). Zeitstrafen erhielten die Kroaten Marco Krunic (65.) und Ivan Puljic (88.) sowie in der Nachspielzeit ein G\u00e4steakteur (90.+7). Croatias Sportdirektor Darko Krolo sprach von einer ungl\u00fccklichen Niederlage, die weh tue: &#8222;Wir kamen nicht auf Betriebstemperatur. Das war wie ein Freizeitkick. So ein Spiel darf man nicht verlieren. Wir haben schon oft auf das Tor geschossen, aber meist daneben. So schlecht war der Mann im Tor bei Tarik nicht, der hat das Spiel gelesen.&#8220;<\/p>\n<blockquote>\n<h4>&#8222;Insgesamt war es ein verdienter Dreier&#8220; (Tarik-Sportdirektor Hamza Azaoum)<\/h4>\n<\/blockquote>\n<p>Griesheim Tarik-Sportdirektor Hamza Azaoum meinte zum Sieg: &#8222;Wir haben nicht gut begonnen und uns anfangs schwer getan. In der zweiten Halbzeit haben wir nachgelegt. Das Spiel h\u00e4tten wir fr\u00fcher entscheiden m\u00fcssen. Insgesamt war es ein verdienter Dreier.&#8220;<\/p>\n<p>Zum Ende der Hinrunde tritt Schlusslicht Croatia am Sonntag beim SV Viktoria Preu\u00dfen um 15 Uhr zum Kellerduell an. Vor rund einem Jahr handelte es sich hierbei noch um ein Spitzenspiel. Tarik erwartet schon um 14.30 Uhr den Tabellenzweiten FC Kosova mit Ex-Trainer Jorge Huberman.<\/p>\n<blockquote>\n<h4>Schiedsrichter: Andreas Heim (Eddersheim). Zuschauer: 100.<\/h4>\n<h4>Tore: 1:0 Ante Strljic (20.\/Foulelfmeter), 1:1, 1:2 Ahmet Keser (35.\/Foulelfmeter), 62.).<\/h4>\n<\/blockquote>\n","protected":false},"excerpt":{"rendered":"<p>Der FC Croatia bleibt am Tabellenende der Kreisoberliga und damit stark abstiegsgef\u00e4hrdet. Die 1:2-Heimniederlage gegen den SV Griesheim Tarik war bereits die zw\u00f6lfte Pleite in dieser Saison. Die G\u00e4ste von der L\u00e4rchenstra\u00dfe hingegen landeten den erst vierten Sieg in dieser Spielzeit und konnten sich so auf Rang neun absetzen. FC Croatia &#8211; SV Griesheim Tarik [&hellip;]<\/p>\n","protected":false},"author":1,"featured_media":22329,"comment_status":"closed","ping_status":"closed","sticky":true,"template":"","format":"standard","meta":{"footnotes":""},"categories":[2],"tags":[],"class_list":["post-22328","post","type-post","status-publish","format-standard","has-post-thumbnail","hentry","category-kreisoberliga-frankfurt"],"_links":{"self":[{"href":"https:\/\/insideamateurfussball-ffm.de\/index.php?rest_route=\/wp\/v2\/posts\/22328","targetHints":{"allow":["GET"]}}],"collection":[{"href":"https:\/\/insideamateurfussball-ffm.de\/index.php?rest_route=\/wp\/v2\/posts"}],"about":[{"href":"https:\/\/insideamateurfussball-ffm.de\/index.php?rest_route=\/wp\/v2\/types\/post"}],"author":[{"embeddable":true,"href":"https:\/\/insideamateurfussball-ffm.de\/index.php?rest_route=\/wp\/v2\/users\/1"}],"replies":[{"embeddable":true,"href":"https:\/\/insideamateurfussball-ffm.de\/index.php?rest_route=%2Fwp%2Fv2%2Fcomments&post=22328"}],"version-history":[{"count":1,"href":"https:\/\/insideamateurfussball-ffm.de\/index.php?rest_route=\/wp\/v2\/posts\/22328\/revisions"}],"predecessor-version":[{"id":22330,"href":"https:\/\/insideamateurfussball-ffm.de\/index.php?rest_route=\/wp\/v2\/posts\/22328\/revisions\/22330"}],"wp:featuredmedia":[{"embeddable":true,"href":"https:\/\/insideamateurfussball-ffm.de\/index.php?rest_route=\/wp\/v2\/media\/22329"}],"wp:attachment":[{"href":"https:\/\/insideamateurfussball-ffm.de\/index.php?rest_route=%2Fwp%2Fv2%2Fmedia&parent=22328"}],"wp:term":[{"taxonomy":"category","embeddable":true,"href":"https:\/\/insideamateurfussball-ffm.de\/index.php?rest_route=%2Fwp%2Fv2%2Fcategories&post=22328"},{"taxonomy":"post_tag","embeddable":true,"href":"https:\/\/insideamateurfussball-ffm.de\/index.php?rest_route=%2Fwp%2Fv2%2Ftags&post=22328"}],"curies":[{"name":"wp","href":"https:\/\/api.w.org\/{rel}","templated":true}]}}