{"id":22324,"date":"2024-11-05T17:08:40","date_gmt":"2024-11-05T15:08:40","guid":{"rendered":"https:\/\/insideamateurfussball-ffm.de\/?p=22324"},"modified":"2024-11-05T17:11:15","modified_gmt":"2024-11-05T15:11:15","slug":"kosova-zieht-nach-punkten-mit-makkabi-gleich","status":"publish","type":"post","link":"https:\/\/insideamateurfussball-ffm.de\/?p=22324","title":{"rendered":"Kosova zieht nach Punkten mit Makkabi gleich"},"content":{"rendered":"<h4>Der FC Kosova ist nach dem 2:0-Heimsieg gegen den R\u00f6delheimer FC und der gleichzeitigen \u00fcberraschenden 0:2-Heimniederlage des TuS Makkabi gegen Germania Enkheim nach Punkten mit dem Konkurrenten um die Meisterschaft gleichgezogen. In der Tordifferenz sind die Kosovaren zwar besser, aber die Tabelle f\u00fchrt das gewonnene Hinspiel der Makkab\u00e4er (4:3) als Kriterium f\u00fcr die Platzierung.<\/h4>\n<figure id=\"attachment_22325\" aria-describedby=\"caption-attachment-22325\" style=\"width: 1006px\" class=\"wp-caption alignnone\"><img loading=\"lazy\" decoding=\"async\" class=\"wp-image-22325\" src=\"http:\/\/insideamateurfussball-ffm.de\/wp-content\/uploads\/2024\/11\/Huberman-Aruci.jpg\" alt=\"\" width=\"1006\" height=\"755\" srcset=\"https:\/\/insideamateurfussball-ffm.de\/wp-content\/uploads\/2024\/11\/Huberman-Aruci.jpg 997w, https:\/\/insideamateurfussball-ffm.de\/wp-content\/uploads\/2024\/11\/Huberman-Aruci-300x225.jpg 300w, https:\/\/insideamateurfussball-ffm.de\/wp-content\/uploads\/2024\/11\/Huberman-Aruci-768x576.jpg 768w\" sizes=\"auto, (max-width: 1006px) 100vw, 1006px\" \/><figcaption id=\"caption-attachment-22325\" class=\"wp-caption-text\">Kosovas Trainerteam mit Jorge Huberman und Alijam Aruci (von links) haben die Tabellenspitze vor Augen. Foto: Archiv J\u00f6rg Schulz.<\/figcaption><\/figure>\n<h4>FC Kosova &#8211; 1. R\u00f6delheimer FC 2:0 (0:0)<\/h4>\n<p><img loading=\"lazy\" decoding=\"async\" class=\"alignnone size-full wp-image-9\" src=\"http:\/\/insideamateurfussball-ffm.de\/wp-content\/uploads\/2021\/11\/Kosova.jpg\" alt=\"\" width=\"65\" height=\"80\" \/><img loading=\"lazy\" decoding=\"async\" class=\"alignnone size-full wp-image-333\" src=\"http:\/\/insideamateurfussball-ffm.de\/wp-content\/uploads\/2022\/05\/Roedelheim.jpg\" alt=\"\" width=\"80\" height=\"73\" \/><\/p>\n<p>Die durch mehrere kurzfristige krankheitsbedingte Absagen geschw\u00e4chte Clubelf lieferte gegen den hoch \u00fcberlegenen Tabellenzweiten lange eine starke Defensivleistung und hatte bei den wenigen Gegenangriffen in der ersten H\u00e4lfte sogar die besseren Chancen. Niklas Vogt scheiterte aus spitzem Winkel an Kosova-Torh\u00fcter Blend Bajraktari, zwei tolle Distanzsch\u00fcsse von Mert \u00d6zbek verfehlten knapp das Ziel. In der zweiten Halbzeit geriet R\u00f6delheim gegen spielstarke und robuste Gastgeber mehr und mehr unter Druck.<\/p>\n<p>Bis zur 62. Minute konnte der RFC das torlose Unentschieden halten, dann brachte der schlechte Platz den bis dahin b\u00e4renstarken Daniel Gude in die Bredouille. Der Torh\u00fcter verfehlte einen an sich harmlosen langen Ball von Raisi Zalla, der dann ungehindert den Weg ins Tor fand. Der RFC dr\u00e4ngte nun verzweifelt auf den Ausgleich, konnte sich gegen die starke Kosova-Defensive aber nie entscheidend durchsetzen. Nach einem unn\u00f6tigen Ballverlust spielte Kosova seine ganze Routine aus und machte mit dem 2:0 durch Kapit\u00e4n und Torj\u00e4ger Flakron Thaci nach Vorarbeit von Ibrahim Abbouz den Deckel drauf (79.).<\/p>\n<blockquote>\n<h4>&#8222;Eigentlich war es ein tolles Spiel mit Tempo und noch mal Respekt an den Gegner.&#8220; (Kosova-Trainer Jorge Huberman)<\/h4>\n<\/blockquote>\n<p>Kosova-Trainer Jorge Huberman bilanzierte: &#8222;Es war ein sehr schweres Kampfspiel gegen einen sehr guten Gegner. Wir hatten wieder Pech mit dreimal Pfosten und Latte. Wichtig war nat\u00fcrlich das zu Null und dass wir im 15. Spiel noch keine Rote Karte erhalten haben. Eigentlich war es ein tolles Spiel mit Tempo und noch mal Respekt an den Gegner. Zweite Halbzeit haben wir sehr aufgedreht. 2:0 &#8211; Sieg ist Sieg. Wir machen weiter und haben die n\u00e4chsten Wochen schwere Spiele. Unabh\u00e4ngig von der Gesamtkollektive hat Visar Gashi den R\u00f6delheimer Ali Osman ausgeschaltet.&#8220;<\/p>\n<p>RFC-Pressesprecher Volker Flauaus hatte das erste Tor als Knackpunkt ausgemacht: &#8222;Unserem ansonsten zuverl\u00e4ssigen Torwart Daniel Gude rutschte ein Kullerball aus 25 Metern auf dem Acker am Fernsehturm durch die Hosentr\u00e4ger. Wir erholten uns davon nicht und hatten nur noch eine Chance bis Spielende. Kosova dagegen hatte noch 6-7 gute Chancen und gewann verdient.&#8220; Zum Ende der Hinrunde tritt Kosova am Sonntag bei Hubermans Ex-Verein SV Griesheim Tarik an (14.30 Uhr). Zeitgleich erwartet R\u00f6delheim den VfL Germania 94.<\/p>\n<blockquote>\n<h4>Schiedsrichter: Carl Gei\u00dfler (Offenbach). Zuschauer: 180.<\/h4>\n<h4>Tore: 1:0 Raisi Zalla (62.), 2:0 Flakron Thaci (79.).<\/h4>\n<\/blockquote>\n","protected":false},"excerpt":{"rendered":"<p>Der FC Kosova ist nach dem 2:0-Heimsieg gegen den R\u00f6delheimer FC und der gleichzeitigen \u00fcberraschenden 0:2-Heimniederlage des TuS Makkabi gegen Germania Enkheim nach Punkten mit dem Konkurrenten um die Meisterschaft gleichgezogen. In der Tordifferenz sind die Kosovaren zwar besser, aber die Tabelle f\u00fchrt das gewonnene Hinspiel der Makkab\u00e4er (4:3) als Kriterium f\u00fcr die Platzierung. FC [&hellip;]<\/p>\n","protected":false},"author":1,"featured_media":22325,"comment_status":"closed","ping_status":"closed","sticky":true,"template":"","format":"standard","meta":{"footnotes":""},"categories":[2],"tags":[],"class_list":["post-22324","post","type-post","status-publish","format-standard","has-post-thumbnail","hentry","category-kreisoberliga-frankfurt"],"_links":{"self":[{"href":"https:\/\/insideamateurfussball-ffm.de\/index.php?rest_route=\/wp\/v2\/posts\/22324","targetHints":{"allow":["GET"]}}],"collection":[{"href":"https:\/\/insideamateurfussball-ffm.de\/index.php?rest_route=\/wp\/v2\/posts"}],"about":[{"href":"https:\/\/insideamateurfussball-ffm.de\/index.php?rest_route=\/wp\/v2\/types\/post"}],"author":[{"embeddable":true,"href":"https:\/\/insideamateurfussball-ffm.de\/index.php?rest_route=\/wp\/v2\/users\/1"}],"replies":[{"embeddable":true,"href":"https:\/\/insideamateurfussball-ffm.de\/index.php?rest_route=%2Fwp%2Fv2%2Fcomments&post=22324"}],"version-history":[{"count":2,"href":"https:\/\/insideamateurfussball-ffm.de\/index.php?rest_route=\/wp\/v2\/posts\/22324\/revisions"}],"predecessor-version":[{"id":22327,"href":"https:\/\/insideamateurfussball-ffm.de\/index.php?rest_route=\/wp\/v2\/posts\/22324\/revisions\/22327"}],"wp:featuredmedia":[{"embeddable":true,"href":"https:\/\/insideamateurfussball-ffm.de\/index.php?rest_route=\/wp\/v2\/media\/22325"}],"wp:attachment":[{"href":"https:\/\/insideamateurfussball-ffm.de\/index.php?rest_route=%2Fwp%2Fv2%2Fmedia&parent=22324"}],"wp:term":[{"taxonomy":"category","embeddable":true,"href":"https:\/\/insideamateurfussball-ffm.de\/index.php?rest_route=%2Fwp%2Fv2%2Fcategories&post=22324"},{"taxonomy":"post_tag","embeddable":true,"href":"https:\/\/insideamateurfussball-ffm.de\/index.php?rest_route=%2Fwp%2Fv2%2Ftags&post=22324"}],"curies":[{"name":"wp","href":"https:\/\/api.w.org\/{rel}","templated":true}]}}