{"id":22321,"date":"2024-11-04T23:12:15","date_gmt":"2024-11-04T21:12:15","guid":{"rendered":"https:\/\/insideamateurfussball-ffm.de\/?p=22321"},"modified":"2024-11-04T23:12:15","modified_gmt":"2024-11-04T21:12:15","slug":"bornheim-ii-distanziert-viktoria-preussen","status":"publish","type":"post","link":"https:\/\/insideamateurfussball-ffm.de\/?p=22321","title":{"rendered":"Bornheim II distanziert Viktoria Preu\u00dfen"},"content":{"rendered":"<h4>Mit dem f\u00fcnften Saisonsieg konnte die SG Bornheim\/Gr\u00fcn-Wei\u00df II in der Kreisoberliga einen direkten Konkurrenten im Abstiegskampf distanzieren. Nach dem 2:0-Heimsieg weist die Bornheimer Zweitvertretung f\u00fcnf Punkte mehr als der SV Viktoria Preu\u00dfen auf, der derzeit einen direkten Abstiegsplatz belegt.<\/h4>\n<figure id=\"attachment_22322\" aria-describedby=\"caption-attachment-22322\" style=\"width: 1122px\" class=\"wp-caption alignnone\"><img loading=\"lazy\" decoding=\"async\" class=\"wp-image-22322 size-full\" src=\"http:\/\/insideamateurfussball-ffm.de\/wp-content\/uploads\/2024\/11\/SGB-FCA04DA-241103-6.jpg\" alt=\"\" width=\"1122\" height=\"748\" srcset=\"https:\/\/insideamateurfussball-ffm.de\/wp-content\/uploads\/2024\/11\/SGB-FCA04DA-241103-6.jpg 1122w, https:\/\/insideamateurfussball-ffm.de\/wp-content\/uploads\/2024\/11\/SGB-FCA04DA-241103-6-300x200.jpg 300w, https:\/\/insideamateurfussball-ffm.de\/wp-content\/uploads\/2024\/11\/SGB-FCA04DA-241103-6-1024x683.jpg 1024w, https:\/\/insideamateurfussball-ffm.de\/wp-content\/uploads\/2024\/11\/SGB-FCA04DA-241103-6-768x512.jpg 768w\" sizes=\"auto, (max-width: 1122px) 100vw, 1122px\" \/><figcaption id=\"caption-attachment-22322\" class=\"wp-caption-text\">Die Anzeigetafel neben Preu\u00dfen-Trainer Cem Caput informiert \u00fcber das Endergebnis. Foto: Andre Sturmeit.\u00a0<\/figcaption><\/figure>\n<h4>SG Bornheim\/Gr\u00fcn-Wei\u00df II &#8211; SV Viktoria Preu\u00dfen 2:0 (0:0)<\/h4>\n<p><img loading=\"lazy\" decoding=\"async\" class=\"alignnone size-full wp-image-119\" src=\"http:\/\/insideamateurfussball-ffm.de\/wp-content\/uploads\/2022\/05\/Bornheim.jpg\" alt=\"\" width=\"80\" height=\"80\" \/><img loading=\"lazy\" decoding=\"async\" class=\"alignnone size-full wp-image-12\" src=\"http:\/\/insideamateurfussball-ffm.de\/wp-content\/uploads\/2021\/11\/preussen.jpg\" alt=\"\" width=\"72\" height=\"80\" \/><\/p>\n<p>&#8222;Es war insgesamt ein sehr zerfahrenes Spiel mit wenig fu\u00dfballerischer Qualit\u00e4t von beiden Seiten&#8220;, urteilte Bornheims Trainer Lucas Milbredt. Das ganze Spiel habe sich zwischen den Sechzehnern abgespielt, so resultierten wenige Torchancen auf beiden Seiten. Zwar hatten die G\u00e4ste von der H\u00fcgelstra\u00dfe nach einer halben Stunde eine gef\u00e4hrliche Doppelchance, aber ansonsten bekamen die wenigen Zuschauer im Vorspiel um 13 Uhr wenig geboten. Nach dem Seitenwechsel war es zun\u00e4chst ein \u00e4hnliches Bild, wobei sich Bornheim dann doch einige M\u00f6glichkeiten erarbeitete und daraus auch zwei in Tore umm\u00fcnzte.<\/p>\n<p>Die Gastgeber nutzten zwei Gelegenheiten zum trockenen Sieg. Dabei lie\u00df G\u00e4stekeeper Cedric Wohlgemuth einen Distanzschuss nach vorne abprallen. Ali Hakemi staubte zum 1:0 ab (60.). Yeman Kelati sorgte mit dem 2:0 schon f\u00fcr die Entscheidung (73.). &#8222;Wir h\u00e4tten auch noch ein drittes Tor erzielen k\u00f6nnen, w\u00e4hrend die Preu\u00dfen kaum Torabschl\u00fcsse hatten. Wir haben gut verteidigt.&#8220; Kurz vor Schluss erhielten die G\u00e4ste einen fragw\u00fcrdigen Foulelfmeter zugesprochen, den Preu\u00dfen-Kapit\u00e4n Isaiah Adu am Tor vorbei schoss (86.).<\/p>\n<blockquote>\n<h4>&#8222;In meinen Augen eine unn\u00f6tige Niederlage&#8220; (Preu\u00dfen-Trainer Cem Caput)<\/h4>\n<\/blockquote>\n<p>&#8222;Das war gut f\u00fcr uns. Wir haben dann das 2:0 \u00fcber die Zeit gebracht und aufgrund der zweiten Halbzeit verdient gewonnen. Das war ein Arbeitssieg und sehr wichtig f\u00fcr die tabellarische Situation&#8220;, f\u00fcgte Milbredt an. Preu\u00dfen-Trainer Cem Caput hatte eine &#8222;in meinen Augen unn\u00f6tige Niederlage&#8220; registriert. &#8222;Wir h\u00e4tten durchaus in der ersten Halbzeit mit 2:0 in F\u00fchrung gehen k\u00f6nnen. Dann gab es eine ungl\u00fcckliche Entscheidung vom Schiedsrichter, der einen klaren Elfmeter nicht gegeben hat. Unser Spieler wurde im Sechzehner ganz klar gefoult, das hat der Schiri nicht geahndet. Im gro\u00dfen und ganzen ist die Leistung so weit okay. Damit k\u00f6nnen wir leben. Die Niederlage haben wir so nicht verdient&#8220;, res\u00fcmierte Caput.<\/p>\n<p>Am letzten Spieltag der Hinrunde komplettiert Bornheim II die Halbserie mit dem Gastspiel bei der Spvgg. 02 Griesheim (15 Uhr). Viktoria Preu\u00dfen erwartet zum Kellerduell den Tabellenletzten FC Croatia zur gleichen Zeit. Vor rund einem Jahr war dieses Duell noch ein Spitzenspiel und endete Ende Oktober 2023 1:1.<\/p>\n<blockquote>\n<h4>Schiedsrichter: Davut Yigit (Ayyildizspor W\u00e4chtersbach). Zuschauer: 40.<\/h4>\n<h4>Tore: 1:0 Ali Hakemi (60.), 2:0 Yeman Kelati (73.).<\/h4>\n<\/blockquote>\n","protected":false},"excerpt":{"rendered":"<p>Mit dem f\u00fcnften Saisonsieg konnte die SG Bornheim\/Gr\u00fcn-Wei\u00df II in der Kreisoberliga einen direkten Konkurrenten im Abstiegskampf distanzieren. Nach dem 2:0-Heimsieg weist die Bornheimer Zweitvertretung f\u00fcnf Punkte mehr als der SV Viktoria Preu\u00dfen auf, der derzeit einen direkten Abstiegsplatz belegt. SG Bornheim\/Gr\u00fcn-Wei\u00df II &#8211; SV Viktoria Preu\u00dfen 2:0 (0:0) &#8222;Es war insgesamt ein sehr zerfahrenes [&hellip;]<\/p>\n","protected":false},"author":1,"featured_media":22322,"comment_status":"closed","ping_status":"closed","sticky":true,"template":"","format":"standard","meta":{"footnotes":""},"categories":[2],"tags":[],"class_list":["post-22321","post","type-post","status-publish","format-standard","has-post-thumbnail","hentry","category-kreisoberliga-frankfurt"],"_links":{"self":[{"href":"https:\/\/insideamateurfussball-ffm.de\/index.php?rest_route=\/wp\/v2\/posts\/22321","targetHints":{"allow":["GET"]}}],"collection":[{"href":"https:\/\/insideamateurfussball-ffm.de\/index.php?rest_route=\/wp\/v2\/posts"}],"about":[{"href":"https:\/\/insideamateurfussball-ffm.de\/index.php?rest_route=\/wp\/v2\/types\/post"}],"author":[{"embeddable":true,"href":"https:\/\/insideamateurfussball-ffm.de\/index.php?rest_route=\/wp\/v2\/users\/1"}],"replies":[{"embeddable":true,"href":"https:\/\/insideamateurfussball-ffm.de\/index.php?rest_route=%2Fwp%2Fv2%2Fcomments&post=22321"}],"version-history":[{"count":1,"href":"https:\/\/insideamateurfussball-ffm.de\/index.php?rest_route=\/wp\/v2\/posts\/22321\/revisions"}],"predecessor-version":[{"id":22323,"href":"https:\/\/insideamateurfussball-ffm.de\/index.php?rest_route=\/wp\/v2\/posts\/22321\/revisions\/22323"}],"wp:featuredmedia":[{"embeddable":true,"href":"https:\/\/insideamateurfussball-ffm.de\/index.php?rest_route=\/wp\/v2\/media\/22322"}],"wp:attachment":[{"href":"https:\/\/insideamateurfussball-ffm.de\/index.php?rest_route=%2Fwp%2Fv2%2Fmedia&parent=22321"}],"wp:term":[{"taxonomy":"category","embeddable":true,"href":"https:\/\/insideamateurfussball-ffm.de\/index.php?rest_route=%2Fwp%2Fv2%2Fcategories&post=22321"},{"taxonomy":"post_tag","embeddable":true,"href":"https:\/\/insideamateurfussball-ffm.de\/index.php?rest_route=%2Fwp%2Fv2%2Ftags&post=22321"}],"curies":[{"name":"wp","href":"https:\/\/api.w.org\/{rel}","templated":true}]}}