{"id":22311,"date":"2024-11-04T22:34:52","date_gmt":"2024-11-04T20:34:52","guid":{"rendered":"https:\/\/insideamateurfussball-ffm.de\/?p=22311"},"modified":"2024-11-04T22:34:52","modified_gmt":"2024-11-04T20:34:52","slug":"viertes-remis-so-kommen-die-speuzer-unten-nicht-raus","status":"publish","type":"post","link":"https:\/\/insideamateurfussball-ffm.de\/?p=22311","title":{"rendered":"Viertes Remis! So kommen die Speuzer unten nicht raus"},"content":{"rendered":"<h4>Der langersehnte Dreier und damit der erste Saisonsieg war m\u00f6glich, aber es reichte f\u00fcr Gruppenliga-Schlusslicht FFV Sportfreunde 04 nur zu einem 2:2 gegen Aufsteiger Spvgg. 05\/99 Bomber Bad Homburg. Mit dem vierten Punkt bleibt der Verbandsliga-Absteiger damit weiter im freien Fall Richtung Kreisoberliga.\u00a0<\/h4>\n<figure id=\"attachment_22312\" aria-describedby=\"caption-attachment-22312\" style=\"width: 895px\" class=\"wp-caption alignnone\"><img loading=\"lazy\" decoding=\"async\" class=\"wp-image-22312\" src=\"http:\/\/insideamateurfussball-ffm.de\/wp-content\/uploads\/2024\/11\/sportf-badh4.jpg\" alt=\"\" width=\"895\" height=\"684\" srcset=\"https:\/\/insideamateurfussball-ffm.de\/wp-content\/uploads\/2024\/11\/sportf-badh4.jpg 886w, https:\/\/insideamateurfussball-ffm.de\/wp-content\/uploads\/2024\/11\/sportf-badh4-300x229.jpg 300w, https:\/\/insideamateurfussball-ffm.de\/wp-content\/uploads\/2024\/11\/sportf-badh4-768x587.jpg 768w\" sizes=\"auto, (max-width: 895px) 100vw, 895px\" \/><figcaption id=\"caption-attachment-22312\" class=\"wp-caption-text\">Der &#8222;Speuzer&#8220; Shamseldin Miss stellt sich dem &#8222;Bomber&#8220; Sulayman Jarjusey entgegen. Foto: Mithat G\u00fcrser.<\/figcaption><\/figure>\n<h4>FFV Sportfreunde 04 &#8211; Spvgg. 05\/99 Bomber Bad Homburg 2:2 (1:1)<\/h4>\n<p><img loading=\"lazy\" decoding=\"async\" class=\"alignnone size-full wp-image-141\" src=\"http:\/\/insideamateurfussball-ffm.de\/wp-content\/uploads\/2022\/05\/Speuzer.jpg\" alt=\"\" width=\"80\" height=\"80\" \/><img loading=\"lazy\" decoding=\"async\" class=\"alignnone size-full wp-image-1287\" src=\"http:\/\/insideamateurfussball-ffm.de\/wp-content\/uploads\/2022\/07\/HeaderLogoSpvgg1-80x80-1.png\" alt=\"\" width=\"80\" height=\"80\" \/><\/p>\n<p>Die Gastgeber hatten sich nach den Fortschritten der letzten Wochen fest vorgenommen, erstmals seit dem 3. Oktober 2023 wieder ein Ligaspiel zu gewinnen. Seinerzeit hatten die &#8222;Speuzer&#8220; noch unter der Regie von Trainer Ramzi Kallel in der Verbandsliga S\u00fcd mit 1:0 gegen die Sportfreunde Seligenstadt den einzigen Saisonsieg geschafft. Exakt 13 Monate danach bleibt der Tabellenletzte eine Etage tiefer sieglos und musste sich im Heimspiel gegen den Aufsteiger aus dem Hochtaunuskreis mit dem vierten Punkt begn\u00fcgen.<\/p>\n<p>Eine von Trainer Lamine Kaiser als &#8222;gravierende Fehlentscheidung&#8220; beschriebene Situation f\u00fchrte zum R\u00fcckstand. Ein Foulspiel an einem Spieler der Sportfreunde ahndete der Schiedsrichter nicht. Der Spieler fiel auf den Ball, woraufhin auf Handspiel entschieden wurde. Den f\u00e4lligen Freisto\u00df f\u00fchrte Bad Homburg schnell aus und traf durch Niklas Pluder zum 0:1 (17.).<\/p>\n<blockquote>\n<h4>Bad Homburg egalisiert mit Konter<\/h4>\n<\/blockquote>\n<p>&#8222;Wir haben das Spiel danach kontrolliert&#8220;, meinte Kaiser. Kurz vor der Pause k\u00f6pfte der Japaner Yuta Kawachi nach einer Ecke zum 1:1 aus (42.). Nach dem Seitenwechsel markierte Seni Facinet Sylla auf Zuspiel von Baldreldin Miss das 2:1 f\u00fcr das Schlusslicht (57.). Doch die G\u00e4ste spielten einen Konter klasse aus und egalisierten durch Sekou Kourouma (73.). &#8222;Danach war es ein offener Schlagabtausch&#8220;, sagte Kaiser.<\/p>\n<p>&#8222;Der Dreier h\u00e4tte uns zugestanden. Mit Unentschieden kommen wir unten nicht raus. Wir haben eine gro\u00dfe Chance verpasst&#8220;, bedauerte Kaiser. Am n\u00e4chsten Sonntag endet die Hinrunde mit dem Gastspiel beim T\u00fcrkischen SV Bad Nauheim (15.30 Uhr). Dann kommt es zum Wiedersehen mit Ex-Trainer Mehmet Tunay Somun, der die Speuzer einst von der Kreisoberliga bis in die Verbandsliga f\u00fchrte. Momentan befinden sich die Sportfreunde sozusagen buchst\u00e4blich auf dem R\u00fcckweg.\u00a0<\/p>\n<blockquote>\n<h4>Schiedsrichter: Wolfgang Geipel (Wiesbaden). Zuschauer: 80.\u00a0<\/h4>\n<h4>Tore: 0:1 Niklas Pluder (17.), 1:1 Yuta Kawachi (42.), 2:1 Seni Facinet Sylla (57.), 2:2 Sekou Kourouma (73.).<\/h4>\n<h4>Bildergalerie: Mithat G\u00fcrser machte bei seiner Gallus-Tour nach der Ackermannwiese an der Mainzer Landstra\u00dfe Station. Vielen Dank!\u00a0<\/h4>\n<\/blockquote>\n\n\n<figure class=\"wp-block-image size-full is-style-rounded\"><img loading=\"lazy\" decoding=\"async\" width=\"886\" height=\"636\" src=\"https:\/\/insideamateurfussball-ffm.de\/wp-content\/uploads\/2024\/11\/sportf-badh-1.jpg\" alt=\"\" class=\"wp-image-22313\" srcset=\"https:\/\/insideamateurfussball-ffm.de\/wp-content\/uploads\/2024\/11\/sportf-badh-1.jpg 886w, https:\/\/insideamateurfussball-ffm.de\/wp-content\/uploads\/2024\/11\/sportf-badh-1-300x215.jpg 300w, https:\/\/insideamateurfussball-ffm.de\/wp-content\/uploads\/2024\/11\/sportf-badh-1-768x551.jpg 768w\" sizes=\"auto, (max-width: 886px) 100vw, 886px\" \/><\/figure>\n\n\n\n<figure class=\"wp-block-gallery has-nested-images columns-default is-cropped wp-block-gallery-1 is-layout-flex wp-block-gallery-is-layout-flex\">\n<figure class=\"wp-block-image size-large is-style-rounded\"><img loading=\"lazy\" decoding=\"async\" width=\"886\" height=\"609\" data-id=\"22315\" src=\"https:\/\/insideamateurfussball-ffm.de\/wp-content\/uploads\/2024\/11\/sportf-badh-4-1.jpg\" alt=\"\" class=\"wp-image-22315\" srcset=\"https:\/\/insideamateurfussball-ffm.de\/wp-content\/uploads\/2024\/11\/sportf-badh-4-1.jpg 886w, https:\/\/insideamateurfussball-ffm.de\/wp-content\/uploads\/2024\/11\/sportf-badh-4-1-300x206.jpg 300w, https:\/\/insideamateurfussball-ffm.de\/wp-content\/uploads\/2024\/11\/sportf-badh-4-1-768x528.jpg 768w\" sizes=\"auto, (max-width: 886px) 100vw, 886px\" \/><\/figure>\n<\/figure>\n\n\n\n<figure class=\"wp-block-image size-full is-style-rounded\"><img loading=\"lazy\" decoding=\"async\" width=\"886\" height=\"663\" src=\"https:\/\/insideamateurfussball-ffm.de\/wp-content\/uploads\/2024\/11\/sportf-badh2.jpg\" alt=\"\" class=\"wp-image-22316\" srcset=\"https:\/\/insideamateurfussball-ffm.de\/wp-content\/uploads\/2024\/11\/sportf-badh2.jpg 886w, https:\/\/insideamateurfussball-ffm.de\/wp-content\/uploads\/2024\/11\/sportf-badh2-300x224.jpg 300w, https:\/\/insideamateurfussball-ffm.de\/wp-content\/uploads\/2024\/11\/sportf-badh2-768x575.jpg 768w\" sizes=\"auto, (max-width: 886px) 100vw, 886px\" \/><\/figure>\n\n\n\n<figure class=\"wp-block-gallery has-nested-images columns-default is-cropped wp-block-gallery-2 is-layout-flex wp-block-gallery-is-layout-flex\">\n<figure class=\"wp-block-image size-large is-style-rounded\"><img loading=\"lazy\" decoding=\"async\" width=\"886\" height=\"622\" data-id=\"22317\" src=\"https:\/\/insideamateurfussball-ffm.de\/wp-content\/uploads\/2024\/11\/sportf-badh7.jpg\" alt=\"\" class=\"wp-image-22317\" srcset=\"https:\/\/insideamateurfussball-ffm.de\/wp-content\/uploads\/2024\/11\/sportf-badh7.jpg 886w, https:\/\/insideamateurfussball-ffm.de\/wp-content\/uploads\/2024\/11\/sportf-badh7-300x211.jpg 300w, https:\/\/insideamateurfussball-ffm.de\/wp-content\/uploads\/2024\/11\/sportf-badh7-768x539.jpg 768w\" sizes=\"auto, (max-width: 886px) 100vw, 886px\" \/><\/figure>\n<\/figure>\n\n\n\n<figure class=\"wp-block-gallery has-nested-images columns-default is-cropped wp-block-gallery-3 is-layout-flex wp-block-gallery-is-layout-flex\">\n<figure class=\"wp-block-image size-large is-style-rounded\"><img loading=\"lazy\" decoding=\"async\" width=\"886\" height=\"641\" data-id=\"22318\" src=\"https:\/\/insideamateurfussball-ffm.de\/wp-content\/uploads\/2024\/11\/sportf-badh3.jpg\" alt=\"\" class=\"wp-image-22318\" srcset=\"https:\/\/insideamateurfussball-ffm.de\/wp-content\/uploads\/2024\/11\/sportf-badh3.jpg 886w, https:\/\/insideamateurfussball-ffm.de\/wp-content\/uploads\/2024\/11\/sportf-badh3-300x217.jpg 300w, https:\/\/insideamateurfussball-ffm.de\/wp-content\/uploads\/2024\/11\/sportf-badh3-768x556.jpg 768w\" sizes=\"auto, (max-width: 886px) 100vw, 886px\" \/><\/figure>\n<\/figure>\n\n\n\n<figure class=\"wp-block-gallery has-nested-images columns-default is-cropped wp-block-gallery-4 is-layout-flex wp-block-gallery-is-layout-flex\">\n<figure class=\"wp-block-image size-large is-style-rounded\"><img loading=\"lazy\" decoding=\"async\" width=\"886\" height=\"619\" data-id=\"22319\" src=\"https:\/\/insideamateurfussball-ffm.de\/wp-content\/uploads\/2024\/11\/sportrf-homb-6.jpg\" alt=\"\" class=\"wp-image-22319\" srcset=\"https:\/\/insideamateurfussball-ffm.de\/wp-content\/uploads\/2024\/11\/sportrf-homb-6.jpg 886w, https:\/\/insideamateurfussball-ffm.de\/wp-content\/uploads\/2024\/11\/sportrf-homb-6-300x210.jpg 300w, https:\/\/insideamateurfussball-ffm.de\/wp-content\/uploads\/2024\/11\/sportrf-homb-6-768x537.jpg 768w\" sizes=\"auto, (max-width: 886px) 100vw, 886px\" \/><\/figure>\n<\/figure>\n","protected":false},"excerpt":{"rendered":"<p>Der langersehnte Dreier und damit der erste Saisonsieg war m\u00f6glich, aber es reichte f\u00fcr Gruppenliga-Schlusslicht FFV Sportfreunde 04 nur zu einem 2:2 gegen Aufsteiger Spvgg. 05\/99 Bomber Bad Homburg. Mit dem vierten Punkt bleibt der Verbandsliga-Absteiger damit weiter im freien Fall Richtung Kreisoberliga.\u00a0 FFV Sportfreunde 04 &#8211; Spvgg. 05\/99 Bomber Bad Homburg 2:2 (1:1) Die [&hellip;]<\/p>\n","protected":false},"author":1,"featured_media":22312,"comment_status":"closed","ping_status":"closed","sticky":true,"template":"","format":"standard","meta":{"footnotes":""},"categories":[13],"tags":[],"class_list":["post-22311","post","type-post","status-publish","format-standard","has-post-thumbnail","hentry","category-gruppenliga-frankfurt-west"],"_links":{"self":[{"href":"https:\/\/insideamateurfussball-ffm.de\/index.php?rest_route=\/wp\/v2\/posts\/22311","targetHints":{"allow":["GET"]}}],"collection":[{"href":"https:\/\/insideamateurfussball-ffm.de\/index.php?rest_route=\/wp\/v2\/posts"}],"about":[{"href":"https:\/\/insideamateurfussball-ffm.de\/index.php?rest_route=\/wp\/v2\/types\/post"}],"author":[{"embeddable":true,"href":"https:\/\/insideamateurfussball-ffm.de\/index.php?rest_route=\/wp\/v2\/users\/1"}],"replies":[{"embeddable":true,"href":"https:\/\/insideamateurfussball-ffm.de\/index.php?rest_route=%2Fwp%2Fv2%2Fcomments&post=22311"}],"version-history":[{"count":1,"href":"https:\/\/insideamateurfussball-ffm.de\/index.php?rest_route=\/wp\/v2\/posts\/22311\/revisions"}],"predecessor-version":[{"id":22320,"href":"https:\/\/insideamateurfussball-ffm.de\/index.php?rest_route=\/wp\/v2\/posts\/22311\/revisions\/22320"}],"wp:featuredmedia":[{"embeddable":true,"href":"https:\/\/insideamateurfussball-ffm.de\/index.php?rest_route=\/wp\/v2\/media\/22312"}],"wp:attachment":[{"href":"https:\/\/insideamateurfussball-ffm.de\/index.php?rest_route=%2Fwp%2Fv2%2Fmedia&parent=22311"}],"wp:term":[{"taxonomy":"category","embeddable":true,"href":"https:\/\/insideamateurfussball-ffm.de\/index.php?rest_route=%2Fwp%2Fv2%2Fcategories&post=22311"},{"taxonomy":"post_tag","embeddable":true,"href":"https:\/\/insideamateurfussball-ffm.de\/index.php?rest_route=%2Fwp%2Fv2%2Ftags&post=22311"}],"curies":[{"name":"wp","href":"https:\/\/api.w.org\/{rel}","templated":true}]}}