{"id":22287,"date":"2024-11-04T20:31:20","date_gmt":"2024-11-04T18:31:20","guid":{"rendered":"https:\/\/insideamateurfussball-ffm.de\/?p=22287"},"modified":"2024-11-04T20:31:20","modified_gmt":"2024-11-04T18:31:20","slug":"bosnien-mit-10-im-fuer-mustafic-besonderem-spiel","status":"publish","type":"post","link":"https:\/\/insideamateurfussball-ffm.de\/?p=22287","title":{"rendered":"Bosnien mit 1:0 im f\u00fcr Mustafic besonderem Spiel"},"content":{"rendered":"<h4>Im Spiel gegen den langj\u00e4hrigen Ex-Verein von Trainer Amir Mustafic gelang dem SV Bosnien\/Herzegowina ein 1:0-Sieg gegen den FV Bad Vilbel. Es war der zweite Sieg in Folge f\u00fcr das Team von der Ackermannwiese.\u00a0<\/h4>\n<figure id=\"attachment_22288\" aria-describedby=\"caption-attachment-22288\" style=\"width: 897px\" class=\"wp-caption alignnone\"><img loading=\"lazy\" decoding=\"async\" class=\"wp-image-22288\" src=\"http:\/\/insideamateurfussball-ffm.de\/wp-content\/uploads\/2024\/11\/bosn-wilbel4.jpg\" alt=\"\" width=\"897\" height=\"596\" srcset=\"https:\/\/insideamateurfussball-ffm.de\/wp-content\/uploads\/2024\/11\/bosn-wilbel4.jpg 886w, https:\/\/insideamateurfussball-ffm.de\/wp-content\/uploads\/2024\/11\/bosn-wilbel4-300x199.jpg 300w, https:\/\/insideamateurfussball-ffm.de\/wp-content\/uploads\/2024\/11\/bosn-wilbel4-768x511.jpg 768w\" sizes=\"auto, (max-width: 897px) 100vw, 897px\" \/><figcaption id=\"caption-attachment-22288\" class=\"wp-caption-text\">Strafraumszene aus der Partie Bosnien\/Herzegowina &#8211; Bad Vilbel. Foto: Mithat G\u00fcrser.\u00a0<\/figcaption><\/figure>\n<h4>SV Bosnien\/Herzegowina &#8211; FV Bad Vilbel 1:0 (1:0)<\/h4>\n<p><img loading=\"lazy\" decoding=\"async\" class=\"alignnone size-full wp-image-139\" src=\"http:\/\/insideamateurfussball-ffm.de\/wp-content\/uploads\/2022\/05\/Bosnien.jpg\" alt=\"\" width=\"79\" height=\"80\" \/><img loading=\"lazy\" decoding=\"async\" class=\"alignnone size-full wp-image-146\" src=\"http:\/\/insideamateurfussball-ffm.de\/wp-content\/uploads\/2022\/05\/FV-Bad-Vilbel.jpg\" alt=\"\" width=\"80\" height=\"80\" \/><\/p>\n<p>Elf Jahre war Amir Mustafic Trainer beim FV Bad Vilbel, f\u00fchrte den Verein vom Niddasportfeld 2018 zur\u00fcck in die Hessenliga und war die pr\u00e4gende Figur der Wetterauer in dieser Zeit. Erstmals trifft Mustafic als gegnerischer Trainer auf die Vilbeler, die zuletzt mit drei Siegen in Folge deutlich im Aufwind waren.<\/p>\n<p>Das f\u00fchrte dazu, dass beide Teams sich punktgleich mit 18 Z\u00e4hlern auf Augenh\u00f6he an der Ackermannwiese begegneten. Der Treffer von Hamza Reko per Freisto\u00df (26.) reichte den Bosniern in diesem f\u00fcr Trainer Amir Mustafic so besonderen Spiel gegen seinen langj\u00e4hrigen Ex-Verein zum Sieg.<\/p>\n<blockquote>\n<h4>G\u00e4stecoach Cavalera mit der Roten Karte bedacht\u00a0<\/h4>\n<\/blockquote>\n<p>&#8222;Das Resultat ist zu knapp ausgefallen und entspricht nicht dem Spielverlauf. Der Sieg war ungef\u00e4hrdet&#8220;, sagte Pressesprecher Admir Malohodzic. Nach dem Abpfiff konnte sich Bad Vilbels Dominik Emmel nicht beruhigen und erhielt noch die Gelb-Rote Karte.<\/p>\n<p>Auch G\u00e4stecoach Alessandro Cavalera warf dem Schiedsrichter unpassende Worte an den Kopf und erhielt daf\u00fcr die Rote Karte. N\u00e4chsten Sonntag gastieren die Bosnier zum Balkan-Derby an der Ginnheimer Woogwiese beim FC Tempo (14.30 Uhr).\u00a0<\/p>\n<blockquote>\n<h4>Schiedsrichter: Keine Angabe. Zuschauer: 115.\u00a0<\/h4>\n<h4>Tor: 1:0 Hamza Reko (26.).<\/h4>\n<h4>Bildergalerie: Mithat G\u00fcrser war wieder mit seiner traditionellen Gallus-Tour im Einsatz. Vielen Dank!\u00a0<\/h4>\n<\/blockquote>\n\n\n<figure class=\"wp-block-image size-full is-resized is-style-rounded\"><img loading=\"lazy\" decoding=\"async\" width=\"886\" height=\"619\" src=\"https:\/\/insideamateurfussball-ffm.de\/wp-content\/uploads\/2024\/11\/bosn-wilbel8.jpg\" alt=\"\" class=\"wp-image-22289\" style=\"width:840px;height:auto\" srcset=\"https:\/\/insideamateurfussball-ffm.de\/wp-content\/uploads\/2024\/11\/bosn-wilbel8.jpg 886w, https:\/\/insideamateurfussball-ffm.de\/wp-content\/uploads\/2024\/11\/bosn-wilbel8-300x210.jpg 300w, https:\/\/insideamateurfussball-ffm.de\/wp-content\/uploads\/2024\/11\/bosn-wilbel8-768x537.jpg 768w\" sizes=\"auto, (max-width: 886px) 100vw, 886px\" \/><\/figure>\n\n\n\n<figure class=\"wp-block-image size-full is-style-rounded\"><img loading=\"lazy\" decoding=\"async\" width=\"886\" height=\"589\" src=\"https:\/\/insideamateurfussball-ffm.de\/wp-content\/uploads\/2024\/11\/bosn-wilbel3.jpg\" alt=\"\" class=\"wp-image-22290\" srcset=\"https:\/\/insideamateurfussball-ffm.de\/wp-content\/uploads\/2024\/11\/bosn-wilbel3.jpg 886w, https:\/\/insideamateurfussball-ffm.de\/wp-content\/uploads\/2024\/11\/bosn-wilbel3-300x199.jpg 300w, https:\/\/insideamateurfussball-ffm.de\/wp-content\/uploads\/2024\/11\/bosn-wilbel3-768x511.jpg 768w\" sizes=\"auto, (max-width: 886px) 100vw, 886px\" \/><\/figure>\n\n\n\n<figure class=\"wp-block-gallery has-nested-images columns-default is-cropped wp-block-gallery-1 is-layout-flex wp-block-gallery-is-layout-flex\">\n<figure class=\"wp-block-image size-large is-style-rounded\"><img loading=\"lazy\" decoding=\"async\" width=\"886\" height=\"589\" data-id=\"22291\" src=\"https:\/\/insideamateurfussball-ffm.de\/wp-content\/uploads\/2024\/11\/bosn-wilbel7.jpg\" alt=\"\" class=\"wp-image-22291\" srcset=\"https:\/\/insideamateurfussball-ffm.de\/wp-content\/uploads\/2024\/11\/bosn-wilbel7.jpg 886w, https:\/\/insideamateurfussball-ffm.de\/wp-content\/uploads\/2024\/11\/bosn-wilbel7-300x199.jpg 300w, https:\/\/insideamateurfussball-ffm.de\/wp-content\/uploads\/2024\/11\/bosn-wilbel7-768x511.jpg 768w\" sizes=\"auto, (max-width: 886px) 100vw, 886px\" \/><\/figure>\n<\/figure>\n\n\n\n<figure class=\"wp-block-gallery has-nested-images columns-default is-cropped wp-block-gallery-2 is-layout-flex wp-block-gallery-is-layout-flex\">\n<figure class=\"wp-block-image size-large is-style-rounded\"><img loading=\"lazy\" decoding=\"async\" width=\"886\" height=\"589\" data-id=\"22292\" src=\"https:\/\/insideamateurfussball-ffm.de\/wp-content\/uploads\/2024\/11\/bosn-wilbel2.jpg\" alt=\"\" class=\"wp-image-22292\" srcset=\"https:\/\/insideamateurfussball-ffm.de\/wp-content\/uploads\/2024\/11\/bosn-wilbel2.jpg 886w, https:\/\/insideamateurfussball-ffm.de\/wp-content\/uploads\/2024\/11\/bosn-wilbel2-300x199.jpg 300w, https:\/\/insideamateurfussball-ffm.de\/wp-content\/uploads\/2024\/11\/bosn-wilbel2-768x511.jpg 768w\" sizes=\"auto, (max-width: 886px) 100vw, 886px\" \/><\/figure>\n<\/figure>\n\n\n\n<figure class=\"wp-block-gallery has-nested-images columns-default is-cropped wp-block-gallery-3 is-layout-flex wp-block-gallery-is-layout-flex\">\n<figure class=\"wp-block-image size-large is-style-rounded\"><img loading=\"lazy\" decoding=\"async\" width=\"886\" height=\"608\" data-id=\"22293\" src=\"https:\/\/insideamateurfussball-ffm.de\/wp-content\/uploads\/2024\/11\/bosn-wilbel6.jpg\" alt=\"\" class=\"wp-image-22293\" srcset=\"https:\/\/insideamateurfussball-ffm.de\/wp-content\/uploads\/2024\/11\/bosn-wilbel6.jpg 886w, https:\/\/insideamateurfussball-ffm.de\/wp-content\/uploads\/2024\/11\/bosn-wilbel6-300x206.jpg 300w, https:\/\/insideamateurfussball-ffm.de\/wp-content\/uploads\/2024\/11\/bosn-wilbel6-768x527.jpg 768w\" sizes=\"auto, (max-width: 886px) 100vw, 886px\" \/><\/figure>\n<\/figure>\n\n\n\n<figure class=\"wp-block-gallery has-nested-images columns-default is-cropped wp-block-gallery-4 is-layout-flex wp-block-gallery-is-layout-flex\">\n<figure class=\"wp-block-image size-large is-style-rounded\"><img loading=\"lazy\" decoding=\"async\" width=\"886\" height=\"604\" data-id=\"22294\" src=\"https:\/\/insideamateurfussball-ffm.de\/wp-content\/uploads\/2024\/11\/bosn-wilbel1.jpg\" alt=\"\" class=\"wp-image-22294\" srcset=\"https:\/\/insideamateurfussball-ffm.de\/wp-content\/uploads\/2024\/11\/bosn-wilbel1.jpg 886w, https:\/\/insideamateurfussball-ffm.de\/wp-content\/uploads\/2024\/11\/bosn-wilbel1-300x205.jpg 300w, https:\/\/insideamateurfussball-ffm.de\/wp-content\/uploads\/2024\/11\/bosn-wilbel1-768x524.jpg 768w\" sizes=\"auto, (max-width: 886px) 100vw, 886px\" \/><\/figure>\n<\/figure>\n\n\n\n<figure class=\"wp-block-gallery has-nested-images columns-default is-cropped wp-block-gallery-5 is-layout-flex wp-block-gallery-is-layout-flex\">\n<figure class=\"wp-block-image size-large is-style-rounded\"><img loading=\"lazy\" decoding=\"async\" width=\"886\" height=\"589\" data-id=\"22295\" src=\"https:\/\/insideamateurfussball-ffm.de\/wp-content\/uploads\/2024\/11\/bosn-wilbel5.jpg\" alt=\"\" class=\"wp-image-22295\" srcset=\"https:\/\/insideamateurfussball-ffm.de\/wp-content\/uploads\/2024\/11\/bosn-wilbel5.jpg 886w, https:\/\/insideamateurfussball-ffm.de\/wp-content\/uploads\/2024\/11\/bosn-wilbel5-300x199.jpg 300w, https:\/\/insideamateurfussball-ffm.de\/wp-content\/uploads\/2024\/11\/bosn-wilbel5-768x511.jpg 768w\" sizes=\"auto, (max-width: 886px) 100vw, 886px\" \/><\/figure>\n<\/figure>\n\n\n\n<figure class=\"wp-block-gallery has-nested-images columns-default is-cropped wp-block-gallery-6 is-layout-flex wp-block-gallery-is-layout-flex\">\n<figure class=\"wp-block-image size-large is-style-rounded\"><img loading=\"lazy\" decoding=\"async\" width=\"886\" height=\"592\" data-id=\"22296\" src=\"https:\/\/insideamateurfussball-ffm.de\/wp-content\/uploads\/2024\/11\/bosn-wilbel9.jpg\" alt=\"\" class=\"wp-image-22296\" srcset=\"https:\/\/insideamateurfussball-ffm.de\/wp-content\/uploads\/2024\/11\/bosn-wilbel9.jpg 886w, https:\/\/insideamateurfussball-ffm.de\/wp-content\/uploads\/2024\/11\/bosn-wilbel9-300x200.jpg 300w, https:\/\/insideamateurfussball-ffm.de\/wp-content\/uploads\/2024\/11\/bosn-wilbel9-768x513.jpg 768w\" sizes=\"auto, (max-width: 886px) 100vw, 886px\" \/><\/figure>\n<\/figure>\n","protected":false},"excerpt":{"rendered":"<p>Im Spiel gegen den langj\u00e4hrigen Ex-Verein von Trainer Amir Mustafic gelang dem SV Bosnien\/Herzegowina ein 1:0-Sieg gegen den FV Bad Vilbel. Es war der zweite Sieg in Folge f\u00fcr das Team von der Ackermannwiese.\u00a0 SV Bosnien\/Herzegowina &#8211; FV Bad Vilbel 1:0 (1:0) Elf Jahre war Amir Mustafic Trainer beim FV Bad Vilbel, f\u00fchrte den Verein [&hellip;]<\/p>\n","protected":false},"author":1,"featured_media":22288,"comment_status":"closed","ping_status":"closed","sticky":true,"template":"","format":"standard","meta":{"footnotes":""},"categories":[13],"tags":[],"class_list":["post-22287","post","type-post","status-publish","format-standard","has-post-thumbnail","hentry","category-gruppenliga-frankfurt-west"],"_links":{"self":[{"href":"https:\/\/insideamateurfussball-ffm.de\/index.php?rest_route=\/wp\/v2\/posts\/22287","targetHints":{"allow":["GET"]}}],"collection":[{"href":"https:\/\/insideamateurfussball-ffm.de\/index.php?rest_route=\/wp\/v2\/posts"}],"about":[{"href":"https:\/\/insideamateurfussball-ffm.de\/index.php?rest_route=\/wp\/v2\/types\/post"}],"author":[{"embeddable":true,"href":"https:\/\/insideamateurfussball-ffm.de\/index.php?rest_route=\/wp\/v2\/users\/1"}],"replies":[{"embeddable":true,"href":"https:\/\/insideamateurfussball-ffm.de\/index.php?rest_route=%2Fwp%2Fv2%2Fcomments&post=22287"}],"version-history":[{"count":1,"href":"https:\/\/insideamateurfussball-ffm.de\/index.php?rest_route=\/wp\/v2\/posts\/22287\/revisions"}],"predecessor-version":[{"id":22297,"href":"https:\/\/insideamateurfussball-ffm.de\/index.php?rest_route=\/wp\/v2\/posts\/22287\/revisions\/22297"}],"wp:featuredmedia":[{"embeddable":true,"href":"https:\/\/insideamateurfussball-ffm.de\/index.php?rest_route=\/wp\/v2\/media\/22288"}],"wp:attachment":[{"href":"https:\/\/insideamateurfussball-ffm.de\/index.php?rest_route=%2Fwp%2Fv2%2Fmedia&parent=22287"}],"wp:term":[{"taxonomy":"category","embeddable":true,"href":"https:\/\/insideamateurfussball-ffm.de\/index.php?rest_route=%2Fwp%2Fv2%2Fcategories&post=22287"},{"taxonomy":"post_tag","embeddable":true,"href":"https:\/\/insideamateurfussball-ffm.de\/index.php?rest_route=%2Fwp%2Fv2%2Ftags&post=22287"}],"curies":[{"name":"wp","href":"https:\/\/api.w.org\/{rel}","templated":true}]}}