{"id":22283,"date":"2024-11-04T20:06:31","date_gmt":"2024-11-04T18:06:31","guid":{"rendered":"https:\/\/insideamateurfussball-ffm.de\/?p=22283"},"modified":"2024-11-04T20:06:31","modified_gmt":"2024-11-04T18:06:31","slug":"fechenheim-gegen-neu-anspach-wie-aus-einem-guss","status":"publish","type":"post","link":"https:\/\/insideamateurfussball-ffm.de\/?p=22283","title":{"rendered":"Fechenheim gegen Neu-Anspach &#8222;wie aus einem Guss&#8220;"},"content":{"rendered":"<h4>Mit dem \u00fcberraschend deutlichen 4:0-Sieg gegen den FC Neu-Anspach sorgte die Spvgg. 03 Fechenheim daf\u00fcr, dass die G\u00e4ste den zweiten Platz an die FG Seckbach abtreten mussten. Gleichzeitig reduzierten die Fechenheimer den Abstand zu Rang zwei auf vier Punkte.<\/h4>\n<figure id=\"attachment_22284\" aria-describedby=\"caption-attachment-22284\" style=\"width: 955px\" class=\"wp-caption alignnone\"><img loading=\"lazy\" decoding=\"async\" class=\"wp-image-22284\" src=\"http:\/\/insideamateurfussball-ffm.de\/wp-content\/uploads\/2024\/11\/bosn3-1.jpg\" alt=\"\" width=\"955\" height=\"694\" srcset=\"https:\/\/insideamateurfussball-ffm.de\/wp-content\/uploads\/2024\/11\/bosn3-1.jpg 945w, https:\/\/insideamateurfussball-ffm.de\/wp-content\/uploads\/2024\/11\/bosn3-1-300x218.jpg 300w, https:\/\/insideamateurfussball-ffm.de\/wp-content\/uploads\/2024\/11\/bosn3-1-768x558.jpg 768w\" sizes=\"auto, (max-width: 955px) 100vw, 955px\" \/><figcaption id=\"caption-attachment-22284\" class=\"wp-caption-text\">Fechenheims Sportdirektor Asghar Ali-Jaali. Foto: Archiv Mithat G\u00fcrser.<\/figcaption><\/figure>\n<h4>Spvgg. 03 Fechenheim &#8211; FC Neu-Anspach 4:0 (2:0)<\/h4>\n<p><img loading=\"lazy\" decoding=\"async\" class=\"alignnone size-full wp-image-603\" src=\"http:\/\/insideamateurfussball-ffm.de\/wp-content\/uploads\/2022\/06\/Fech03.jpg\" alt=\"\" width=\"52\" height=\"80\" \/><img loading=\"lazy\" decoding=\"async\" class=\"alignnone size-full wp-image-16512\" src=\"http:\/\/insideamateurfussball-ffm.de\/wp-content\/uploads\/2024\/01\/logo-neu-anspach.jpeg\" alt=\"\" width=\"80\" height=\"79\" \/><\/p>\n<p>Trotz personeller Probleme agierte Fechenheim hochkonzentriert und lie\u00df in der Defensive nichts zu. &#8222;Wir haben wie aus einem Guss gespielt. An diesem Tag gibt es dank einer cleveren Spielweise nichts auszusetzen. Der Sieg ist auch in der H\u00f6he verdient&#8220;, meinte Fechenheims Sportdirektor Asghar Ali-Jaali.<\/p>\n<p>Felix Casalino (30.) und Yassin Chaouki (37.) sorgten f\u00fcr die Pausenf\u00fchrung. G\u00e4stetrainer Salvatore Cirrincione nahm noch vor dem Seitenwechsel drei Spielerwechsel vor.<\/p>\n<blockquote>\n<h4>&#8222;Wir haben die Qualit\u00e4t, aber um oben dabei zu bleiben, fehlt uns noch etwas die Konstanz&#8220; (Fechenheims Sportdirektor Asghar Ali-Jaali)<\/h4>\n<\/blockquote>\n<p>Dennoch h\u00f6rten die Gastgeber nicht auf zu st\u00fcrmen, sondern erzielten durch Giovanbattista Pedace das 3:0 (63.). Wegen wiederholten Foulspiels wurde der Fechenheimer Anas El Allaoui mit der Gelb-Roten Karte vom Platz gestellt (68.).<\/p>\n<p>In Unterzahl gelang Fechenheim durch den \u00fcberragenden Casalino noch das 4:0 (77.). &#8222;Wir haben die Qualit\u00e4t, aber um oben dabei zu bleiben, fehlt uns noch etwas die Konstanz&#8220;, deutete Ali-Jaali an. Am letzten Hinrunden-Spieltag fahren die Fechenheimer am Sonntag zum FSV Friedrichsdorf (14.30 Uhr).<\/p>\n<blockquote>\n<h4>Schiedsrichter: Lukas Noah Tauber (SG Modau). Zuschauer: 50.<\/h4>\n<h4>Tore: 1:0 Felix Casalino (30.), 2:0 Yassin Chaouki (37.), 3:0 Giovanbattista Pedace (63.), 4:0 Felix Casalino (77.).<\/h4>\n<\/blockquote>\n","protected":false},"excerpt":{"rendered":"<p>Mit dem \u00fcberraschend deutlichen 4:0-Sieg gegen den FC Neu-Anspach sorgte die Spvgg. 03 Fechenheim daf\u00fcr, dass die G\u00e4ste den zweiten Platz an die FG Seckbach abtreten mussten. Gleichzeitig reduzierten die Fechenheimer den Abstand zu Rang zwei auf vier Punkte. Spvgg. 03 Fechenheim &#8211; FC Neu-Anspach 4:0 (2:0) Trotz personeller Probleme agierte Fechenheim hochkonzentriert und lie\u00df [&hellip;]<\/p>\n","protected":false},"author":1,"featured_media":22284,"comment_status":"closed","ping_status":"closed","sticky":true,"template":"","format":"standard","meta":{"footnotes":""},"categories":[13],"tags":[],"class_list":["post-22283","post","type-post","status-publish","format-standard","has-post-thumbnail","hentry","category-gruppenliga-frankfurt-west"],"_links":{"self":[{"href":"https:\/\/insideamateurfussball-ffm.de\/index.php?rest_route=\/wp\/v2\/posts\/22283","targetHints":{"allow":["GET"]}}],"collection":[{"href":"https:\/\/insideamateurfussball-ffm.de\/index.php?rest_route=\/wp\/v2\/posts"}],"about":[{"href":"https:\/\/insideamateurfussball-ffm.de\/index.php?rest_route=\/wp\/v2\/types\/post"}],"author":[{"embeddable":true,"href":"https:\/\/insideamateurfussball-ffm.de\/index.php?rest_route=\/wp\/v2\/users\/1"}],"replies":[{"embeddable":true,"href":"https:\/\/insideamateurfussball-ffm.de\/index.php?rest_route=%2Fwp%2Fv2%2Fcomments&post=22283"}],"version-history":[{"count":1,"href":"https:\/\/insideamateurfussball-ffm.de\/index.php?rest_route=\/wp\/v2\/posts\/22283\/revisions"}],"predecessor-version":[{"id":22285,"href":"https:\/\/insideamateurfussball-ffm.de\/index.php?rest_route=\/wp\/v2\/posts\/22283\/revisions\/22285"}],"wp:featuredmedia":[{"embeddable":true,"href":"https:\/\/insideamateurfussball-ffm.de\/index.php?rest_route=\/wp\/v2\/media\/22284"}],"wp:attachment":[{"href":"https:\/\/insideamateurfussball-ffm.de\/index.php?rest_route=%2Fwp%2Fv2%2Fmedia&parent=22283"}],"wp:term":[{"taxonomy":"category","embeddable":true,"href":"https:\/\/insideamateurfussball-ffm.de\/index.php?rest_route=%2Fwp%2Fv2%2Fcategories&post=22283"},{"taxonomy":"post_tag","embeddable":true,"href":"https:\/\/insideamateurfussball-ffm.de\/index.php?rest_route=%2Fwp%2Fv2%2Ftags&post=22283"}],"curies":[{"name":"wp","href":"https:\/\/api.w.org\/{rel}","templated":true}]}}