{"id":22207,"date":"2024-10-30T19:19:25","date_gmt":"2024-10-30T17:19:25","guid":{"rendered":"https:\/\/insideamateurfussball-ffm.de\/?p=22207"},"modified":"2024-10-30T19:21:27","modified_gmt":"2024-10-30T17:21:27","slug":"fv-hausen-reyschmidt-loest-sayar-ab","status":"publish","type":"post","link":"https:\/\/insideamateurfussball-ffm.de\/?p=22207","title":{"rendered":"FV Hausen: Reyschmidt l\u00f6st Sayar ab"},"content":{"rendered":"<h4>Der FV Hausen vermeldet einen Trainerwechsel. Der in die Kreisliga A abgestiegene Verein von der M\u00fchlwiese hat sich vom erst im Sommer verpflichteten Trainer Ilker Sayar getrennt. Bis zum Jahresende \u00fcbernimmt Martin Reyschmidt das Traineramt, der 2017 mit den Lila-Wei\u00dfen in die Gruppenliga Frankfurt West aufstieg.<\/h4>\n<figure id=\"attachment_22208\" aria-describedby=\"caption-attachment-22208\" style=\"width: 928px\" class=\"wp-caption alignnone\"><img loading=\"lazy\" decoding=\"async\" class=\"wp-image-22208\" src=\"http:\/\/insideamateurfussball-ffm.de\/wp-content\/uploads\/2024\/10\/inen-trainer1.jpg\" alt=\"\" width=\"928\" height=\"755\" srcset=\"https:\/\/insideamateurfussball-ffm.de\/wp-content\/uploads\/2024\/10\/inen-trainer1.jpg 919w, https:\/\/insideamateurfussball-ffm.de\/wp-content\/uploads\/2024\/10\/inen-trainer1-300x244.jpg 300w, https:\/\/insideamateurfussball-ffm.de\/wp-content\/uploads\/2024\/10\/inen-trainer1-768x625.jpg 768w\" sizes=\"auto, (max-width: 928px) 100vw, 928px\" \/><figcaption id=\"caption-attachment-22208\" class=\"wp-caption-text\">Martin Reyschmidt &#8211; hier noch im Trainerteam des Verbandsligisten Spvgg. Neu-Isenburg &#8211; kehrt an die M\u00fchlwiese zur\u00fcck. Foto: Archiv Mithat G\u00fcrser.<\/figcaption><\/figure>\n<p><img loading=\"lazy\" decoding=\"async\" class=\"alignnone size-full wp-image-12700\" src=\"http:\/\/insideamateurfussball-ffm.de\/wp-content\/uploads\/2023\/09\/Hausen.jpg\" alt=\"\" width=\"80\" height=\"60\" \/><\/p>\n<p>Nach dem unerwarteten Abstieg aus der Kreisoberliga hat sich der FV Hausen eine Klasse tiefer noch nicht gefunden. Mit 18 Punkten steht der Fu\u00dfball-Verein auf Rang zehn, ein direkter Wiederaufstieg war angesichts der personellen Fluktuation im Sommer und der starken Konkurrenz nie ein Thema. Mit Ilker Sayar kam vor der Runde ein im Kreis unbeschriebenes Blatt an die M\u00fchlwiese. Zudem mussten die Heimspiele wegen des Umbaus des Kunstrasenplatzes im &#8222;Exil&#8220; in Niederursel ausgetragen werden. &#8222;Das Training unter Sayar ist zuletzt bei den Spielern nicht so gut angekommen und hat auch nicht den gew\u00fcnschten Erfolg gebracht&#8220;, begr\u00fcndete der Hausener Spielausschuss-Chef Peter Schl\u00fc\u00dfmann die Entlassung des Trainers. Schon am letzten Sonntag beim 3:0-Ausw\u00e4rtssieg beim Tabellenletzten FV 09 Eschersheim wurde das Team vom erfahrenen Spieler Tobias Neugebauer betreut.<\/p>\n<p>Nun hat der Vorstand um Pr\u00e4sidentin Claudia Fleckenstein eine L\u00f6sung bis zur Winterpause pr\u00e4sentiert und den ehemaligen Cheftrainer Martin Reyschmidt zur\u00fcckgeholt. Der ehemalige Abwehrspieler kam in der Winterpause der Saison 2015\/16 vom damaligen Gruppenligisten Spvgg. 02 Griesheim zum FV Hausen und agierte zun\u00e4chst als Spieler. In der Fr\u00fchphase der folgenden Saison 2016\/17 \u00fcbernahm Reyschmidt das Traineramt von Kristian Seremet und f\u00fchrte den FVH zur Vizemeisterschaft und in der anschlie\u00dfenden Aufstiegsrunde zum erstmaligen Aufstieg der Lila-Wei\u00dfen in die Gruppenliga. Doch f\u00fcr kleine Stadtteilvereine ohne gro\u00dfe Sponsoren wie Hausen ist der Aufenthalt in der h\u00f6heren Spielklasse meist von kurzer Dauer.<\/p>\n<blockquote>\n<h4>&#8222;Pr\u00e4sidentin Claudia Fleckenstein hat mich angerufen und gefragt, ob ich dem FV Hausen in dieser schwierigen Situation helfen kann.&#8220; (Hausens neuer Trainer Martin Reyschmidt)<\/h4>\n<\/blockquote>\n<p>Gelang in der ersten Saison noch der Klassenerhalt, so mussten die Hausener ein Jahr sp\u00e4ter in den sauren Apfel bei\u00dfen und zur\u00fcck in die angestammte Kreisoberliga absteigen. In der Saison 2019\/20, kurz nach der Aussetzung des Spielbetriebes infolge des ersten Corona-Lockdowns, gab Reyschmidt seinen R\u00fccktritt bekannt und \u00fcbergab das Zepter an Federico da Costa Coutinho, der bis kurz vor dem Abstieg rund vier Jahre die Verantwortung trug. Wie kam es nun zur R\u00fcckkehr Reyschmidts an die M\u00fchlwiese und warum nur befristet bis zur Winterpause? Reyschmidt war bis zum Sommer im Trainerteam vom Verbandsligisten Spvgg. 03 Neu-Isenburg und musste dort zum Saisonende infolge von Neuwahlen des Vorstandes gemeinsam mit Trainerpartner Nick Janovsky gehen.<\/p>\n<p>&#8222;Pr\u00e4sidentin Claudia Fleckenstein hat mich angerufen und gefragt, ob ich dem FV Hausen in dieser schwierigen Situation helfen kann. Ich habe zugesagt, weil ich dem Verein viel zu verdanken habe, da dieser mir meine erste Trainerstelle erm\u00f6glichte&#8220;, erkl\u00e4rt Reyschmidt. Der 45-j\u00e4hrige gibt am Donnerstagabend an der fertiggestellten M\u00fchlwiese sein Deb\u00fct im Nachholspiel gegen den SV Blau-Gelb (20 Uhr). &#8222;Ich m\u00f6chte in diesen sechs Spielen bis zur Winterpause das Teamgef\u00fcge formen und Erfolg haben. Wir wollen Punkte sammeln&#8220;, nennt der Coach die kurzfristigen Ziele. Dar\u00fcber hinaus wird Reyschmidt nicht zur Verf\u00fcgung stehen, das hat er dem Verein klar deutlich gemacht: &#8222;Ich betrachte es als Freundschaftsdienst f\u00fcr den Verein. Letztlich w\u00fcrde ich aber schon gerne mit Janovsky wieder einen h\u00f6herklassigen Verein \u00fcbernehmen.&#8220;<\/p>\n","protected":false},"excerpt":{"rendered":"<p>Der FV Hausen vermeldet einen Trainerwechsel. Der in die Kreisliga A abgestiegene Verein von der M\u00fchlwiese hat sich vom erst im Sommer verpflichteten Trainer Ilker Sayar getrennt. Bis zum Jahresende \u00fcbernimmt Martin Reyschmidt das Traineramt, der 2017 mit den Lila-Wei\u00dfen in die Gruppenliga Frankfurt West aufstieg. Nach dem unerwarteten Abstieg aus der Kreisoberliga hat sich [&hellip;]<\/p>\n","protected":false},"author":1,"featured_media":22208,"comment_status":"closed","ping_status":"closed","sticky":true,"template":"","format":"standard","meta":{"footnotes":""},"categories":[12],"tags":[],"class_list":["post-22207","post","type-post","status-publish","format-standard","has-post-thumbnail","hentry","category-kreisliga-a1"],"_links":{"self":[{"href":"https:\/\/insideamateurfussball-ffm.de\/index.php?rest_route=\/wp\/v2\/posts\/22207","targetHints":{"allow":["GET"]}}],"collection":[{"href":"https:\/\/insideamateurfussball-ffm.de\/index.php?rest_route=\/wp\/v2\/posts"}],"about":[{"href":"https:\/\/insideamateurfussball-ffm.de\/index.php?rest_route=\/wp\/v2\/types\/post"}],"author":[{"embeddable":true,"href":"https:\/\/insideamateurfussball-ffm.de\/index.php?rest_route=\/wp\/v2\/users\/1"}],"replies":[{"embeddable":true,"href":"https:\/\/insideamateurfussball-ffm.de\/index.php?rest_route=%2Fwp%2Fv2%2Fcomments&post=22207"}],"version-history":[{"count":2,"href":"https:\/\/insideamateurfussball-ffm.de\/index.php?rest_route=\/wp\/v2\/posts\/22207\/revisions"}],"predecessor-version":[{"id":22210,"href":"https:\/\/insideamateurfussball-ffm.de\/index.php?rest_route=\/wp\/v2\/posts\/22207\/revisions\/22210"}],"wp:featuredmedia":[{"embeddable":true,"href":"https:\/\/insideamateurfussball-ffm.de\/index.php?rest_route=\/wp\/v2\/media\/22208"}],"wp:attachment":[{"href":"https:\/\/insideamateurfussball-ffm.de\/index.php?rest_route=%2Fwp%2Fv2%2Fmedia&parent=22207"}],"wp:term":[{"taxonomy":"category","embeddable":true,"href":"https:\/\/insideamateurfussball-ffm.de\/index.php?rest_route=%2Fwp%2Fv2%2Fcategories&post=22207"},{"taxonomy":"post_tag","embeddable":true,"href":"https:\/\/insideamateurfussball-ffm.de\/index.php?rest_route=%2Fwp%2Fv2%2Ftags&post=22207"}],"curies":[{"name":"wp","href":"https:\/\/api.w.org\/{rel}","templated":true}]}}