{"id":222,"date":"2022-05-14T22:20:13","date_gmt":"2022-05-14T22:20:13","guid":{"rendered":"http:\/\/insideamateurfussball-ffm.de\/?p=222"},"modified":"2024-12-17T12:44:04","modified_gmt":"2024-12-17T10:44:04","slug":"bad-vilbels-chancen-sinken-auf-ein-minimum","status":"publish","type":"post","link":"https:\/\/insideamateurfussball-ffm.de\/?p=222","title":{"rendered":"Bad Vilbels Chancen sinken auf ein Minimum"},"content":{"rendered":"<h5>Hessenliga Abstiegsrunde:\u00a0<\/h5>\n<p><img loading=\"lazy\" decoding=\"async\" class=\"alignnone size-medium wp-image-224\" src=\"http:\/\/insideamateurfussball-ffm.de\/wp-content\/uploads\/2022\/05\/IMG_0060-2-300x200.jpg\" alt=\"\" width=\"300\" height=\"200\" \/><\/p>\n<h5>FV Bad Vilbel &#8211; 1. Hanauer FC 1893 0:0<\/h5>\n<p><img loading=\"lazy\" decoding=\"async\" class=\"alignnone size-full wp-image-146\" src=\"http:\/\/insideamateurfussball-ffm.de\/wp-content\/uploads\/2022\/05\/FV-Bad-Vilbel.jpg\" alt=\"\" width=\"80\" height=\"80\" \/><img loading=\"lazy\" decoding=\"async\" class=\"alignnone size-full wp-image-223\" src=\"http:\/\/insideamateurfussball-ffm.de\/wp-content\/uploads\/2022\/05\/hanau93.jpg\" alt=\"\" width=\"80\" height=\"60\" \/><\/p>\n<h5>Die Chancen des FV Bad Vilbel auf den Klassenerhalt in der Fu\u00dfball-Hessenliga sind nach dem 0:0 gegen den 1. Hanauer FC auf ein Minimum gesunken. In der taktisch gepr\u00e4gten und hektisch gef\u00fchrten Abstiegsrundenpartie gelang es den Brunnenst\u00e4dtern trotz einer druckvoll gef\u00fchrten zweiten Spielh\u00e4lfte nicht, das erl\u00f6sende Tor zu erzielen, welches die Situation im Kampf um den Klassenerhalt entscheidend verbessert h\u00e4tte.<\/h5>\n<p>Immerhin stimmte die Kulisse am Niddasportfeld. Rund 270 Zuschauer, davon eine Vielzahl an Hanauer Supporter, sorgten f\u00fcr eine Saisonrekordkulisse. &#8222;Es war ein zerfahrenes Spiel. Man hat gemerkt, was auf dem Spiel steht. Wir wollten unbedingt diesen einen Punkt mitnehmen&#8220;, unterstrich Hanaus Co-Trainer Alexander Konjevic. Dementsprechend gab es im ersten Abschnitt noch wenige Torm\u00f6glichkeiten und mit zunehmender Spieldauer wurde die Begegnung auf und neben dem Platz immer hektischer. Diskussionen auf dem Spielfeld, aber auch zwischen den Trainerb\u00e4nken nahmen in der Folge zu. Nach dem Seitenwechsel dr\u00fcckte Bad Vilbel auf das Siegtor und kam Mitte der zweiten Halbzeit zu einigen guten M\u00f6glichkeiten.<\/p>\n<blockquote>\n<p>Wir wollten unbedingt diesen einen Punkt mitnehmen (Hanaus Co-Trainer Alexander Konjevic)<\/p>\n<\/blockquote>\n<p>Zun\u00e4chst scheiterte der eingewechselte Filip Cirpaci am Hanauer Torh\u00fcter Armend Brao (53.), dann rettete G\u00e4steakteur Tarik Sejdovic einen Cirpaci-Schuss von der Torlinie (66.). Eine Minute sp\u00e4ter setzte Kaito Shimoda einen Kopfball am Tor vorbei (67.). Hanau machte den Eindruck, den Punkt halten zu wollen, um den Abstand von sechs Punkten zu den Vilbelern zu halten. Teilweise konnten sich die 93er kaum vom Druck der Gastgeber befreien. In der Nachspielzeit lagen dann die Nerven auf beiden Seiten blank. Der Vilbeler Cirpaci und der Hanauer Kristijan Bejic waren in eine Rudelbildung verwickelt und sahen f\u00fcr T\u00e4tlichkeiten jeweils die Rote Karte (90.+2).<\/p>\n<blockquote>\n<p>Wir haben ein packendes Spiel gezeigt, jedoch wie so oft vorne das Tor nicht getroffen (Bad Vilbels Trainer Amir Mustafic<\/p>\n<\/blockquote>\n<p>Zudem beklagten die G\u00e4ste die aus ihrer Sicht r\u00fcde Gangart der Wetterauer und insgesamt drei verletzte Akteure. Hinterher entschuldigte sich Konjevic auf der Pressekonferenzen f\u00fcr die &#8222;Turbulenzen an der Seitenlinie. Wir k\u00f6nnen mit dem 0:0 definitiv besser leben.&#8220; FV-Trainer Amir Mustafic bedauerte nach dem Abpfiff: &#8222;Wir haben alles gegeben und ein packendes Spiel gezeigt, jedoch wie so oft vorne das Tor nicht getroffen. Das ist ein Spiegelbild der ganzen Saison. Es war unsere letzte Chance in den Kampf um den Klassenerhalt einzugreifen und die haben wir nicht genutzt. Den Abstiegskampf haben wir zu sp\u00e4t angenommen.&#8220; Rechnerisch abgestiegen ist Bad Vilbel selbst bei einem Friedberger Sieg gegen H\u00fcnfeld am Samstag noch nicht. Denn trotz sechs Punkten auf Hanauer wurde ja der direkte Vergleich mit den 93ern gewonnen, denen freilich nur noch ein Z\u00e4hler zum Klassenerhalt fehlt.<\/p>\n<p>Den Vorwurf der Hanauer Anh\u00e4nger, wonach Spieler absichtlich verletzt worden seien, wies Mustafic kategorisch zur\u00fcck: &#8222;Im Fu\u00dfball k\u00f6nnen Verletzungen immer passieren, da ist keine Absicht im Spiel.&#8220; Schiedsrichter Florian Tesch hatte kurz vor dem Abpfiff die Positionierung von zwei Ordnern vor dem Hanauer Fanblock verlangt, um die aufgebrachten Anh\u00e4nger der G\u00e4ste zu beschwichtigen.<\/p>\n<div><strong>FV Bad Vilbel: Orband &#8211; B\u00f6ger, Gashi, Safaridis, Okuno &#8211; Embaye (60. Ushiyama), Shimoda, Shuteriqi, Lahchaychi (51. Cirpaci) &#8211; Bauscher, Thielmann (83. Emmel).<\/strong><\/div>\n<div><strong>1. Hanauer FC: Brao &#8211; Kovjenic, Sent\u00fcrk, Sejdovic, Abdel-Ghani &#8211; Ljubicic, Biehrer &#8211; Calabrese, Cetin, Gogol (26. Topcu\/78. Tokic) &#8211; Bejic.<\/strong><\/div>\n<div><strong>Schiedsrichter: Florian Tesch (Dieburg). Zuschauer: 271.<\/strong><\/div>\n<div><strong>Rote Karten: Cirpaci (Bad Vilbel\/90.+2), Bejic (Hanau\/90.+2), beide T\u00e4tlichkeit.<\/strong><\/div>\n<div>\u00a0<\/div>\n<div>Text: Pedro Acebes<\/div>\n<div>Fotos: Jan W.<\/div>\n<div>\u00a0<\/div>\n<div>\u00a0<\/div>\n<p>\u00a0<\/p>\n<p>\u00a0<\/p>\n\n\n<figure class=\"wp-block-gallery has-nested-images columns-2 is-cropped wp-block-gallery-1 is-layout-flex wp-block-gallery-is-layout-flex\">\n<figure class=\"wp-block-image size-large\"><img decoding=\"async\" data-id=\"225\" src=\"http:\/\/insideamateurfussball-ffm.de\/wp-content\/uploads\/2022\/05\/BV-H93-1-1024x683.jpg\" alt=\"\" class=\"wp-image-225\"\/><\/figure>\n\n\n\n<figure class=\"wp-block-image size-large\"><img decoding=\"async\" data-id=\"226\" src=\"http:\/\/insideamateurfussball-ffm.de\/wp-content\/uploads\/2022\/05\/BV-H93-2-1024x683.jpg\" alt=\"\" class=\"wp-image-226\"\/><\/figure>\n\n\n\n<figure class=\"wp-block-image size-large\"><img decoding=\"async\" data-id=\"227\" src=\"http:\/\/insideamateurfussball-ffm.de\/wp-content\/uploads\/2022\/05\/BV-H93-3-1024x683.jpg\" alt=\"\" class=\"wp-image-227\"\/><\/figure>\n\n\n\n<figure class=\"wp-block-image size-large\"><img decoding=\"async\" data-id=\"228\" src=\"http:\/\/insideamateurfussball-ffm.de\/wp-content\/uploads\/2022\/05\/BV-H93-4-1024x683.jpg\" alt=\"\" class=\"wp-image-228\"\/><\/figure>\n<\/figure>\n","protected":false},"excerpt":{"rendered":"<p>Hessenliga Abstiegsrunde:\u00a0 FV Bad Vilbel &#8211; 1. Hanauer FC 1893 0:0 Die Chancen des FV Bad Vilbel auf den Klassenerhalt in der Fu\u00dfball-Hessenliga sind nach dem 0:0 gegen den 1. Hanauer FC auf ein Minimum gesunken. In der taktisch gepr\u00e4gten und hektisch gef\u00fchrten Abstiegsrundenpartie gelang es den Brunnenst\u00e4dtern trotz einer druckvoll gef\u00fchrten zweiten Spielh\u00e4lfte nicht, [&hellip;]<\/p>\n","protected":false},"author":1,"featured_media":0,"comment_status":"open","ping_status":"open","sticky":false,"template":"","format":"standard","meta":{"footnotes":""},"categories":[8],"tags":[],"class_list":["post-222","post","type-post","status-publish","format-standard","hentry","category-hessenliga"],"_links":{"self":[{"href":"https:\/\/insideamateurfussball-ffm.de\/index.php?rest_route=\/wp\/v2\/posts\/222","targetHints":{"allow":["GET"]}}],"collection":[{"href":"https:\/\/insideamateurfussball-ffm.de\/index.php?rest_route=\/wp\/v2\/posts"}],"about":[{"href":"https:\/\/insideamateurfussball-ffm.de\/index.php?rest_route=\/wp\/v2\/types\/post"}],"author":[{"embeddable":true,"href":"https:\/\/insideamateurfussball-ffm.de\/index.php?rest_route=\/wp\/v2\/users\/1"}],"replies":[{"embeddable":true,"href":"https:\/\/insideamateurfussball-ffm.de\/index.php?rest_route=%2Fwp%2Fv2%2Fcomments&post=222"}],"version-history":[{"count":1,"href":"https:\/\/insideamateurfussball-ffm.de\/index.php?rest_route=\/wp\/v2\/posts\/222\/revisions"}],"predecessor-version":[{"id":229,"href":"https:\/\/insideamateurfussball-ffm.de\/index.php?rest_route=\/wp\/v2\/posts\/222\/revisions\/229"}],"wp:attachment":[{"href":"https:\/\/insideamateurfussball-ffm.de\/index.php?rest_route=%2Fwp%2Fv2%2Fmedia&parent=222"}],"wp:term":[{"taxonomy":"category","embeddable":true,"href":"https:\/\/insideamateurfussball-ffm.de\/index.php?rest_route=%2Fwp%2Fv2%2Fcategories&post=222"},{"taxonomy":"post_tag","embeddable":true,"href":"https:\/\/insideamateurfussball-ffm.de\/index.php?rest_route=%2Fwp%2Fv2%2Ftags&post=222"}],"curies":[{"name":"wp","href":"https:\/\/api.w.org\/{rel}","templated":true}]}}