{"id":22199,"date":"2024-10-29T00:29:24","date_gmt":"2024-10-28T22:29:24","guid":{"rendered":"https:\/\/insideamateurfussball-ffm.de\/?p=22199"},"modified":"2024-10-29T00:29:24","modified_gmt":"2024-10-28T22:29:24","slug":"90-7-daemmer-rettet-bornheim-ii-einen-punkt","status":"publish","type":"post","link":"https:\/\/insideamateurfussball-ffm.de\/?p=22199","title":{"rendered":"90.+7! D\u00e4mmer rettet Bornheim II einen Punkt"},"content":{"rendered":"<h5><span style=\"font-size: 16px;\">Der SV Griesheim Tarik stand kurz vor dem Heimsieg, der dem Team von der L\u00e4rchenstra\u00dfe aber in der langen Nachspielzeit noch entrissen wurde. Die Gastgeber mussten sich gegen die SG Bornheim\/Gr\u00fcn-Wei\u00df II mit einem 2:2 begn\u00fcgen und machen damit in Sachen Unentschieden der SG Harheim Konkurrenz. Es war bereits das siebte Remis der Saison.\u00a0<\/span><\/h5>\n<figure id=\"attachment_18240\" aria-describedby=\"caption-attachment-18240\" style=\"width: 150px\" class=\"wp-caption alignleft\"><img loading=\"lazy\" decoding=\"async\" class=\"wp-image-18240 size-thumbnail\" src=\"http:\/\/insideamateurfussball-ffm.de\/wp-content\/uploads\/2024\/04\/bornheim-2a-150x150.jpg\" alt=\"\" width=\"150\" height=\"150\" \/><figcaption id=\"caption-attachment-18240\" class=\"wp-caption-text\">Die Bornheimer Reserve glich bei Tarik sp\u00e4t aus. Foto: Archiv Andre Sturmeit.\u00a0<\/figcaption><\/figure>\n<h5><span style=\"font-size: 16px;\">SV Griesheim Tarik &#8211; SG Bornheim\/Gr\u00fcn-Wei\u00df II 2:2 (0:1)<\/span><\/h5>\n<p><img loading=\"lazy\" decoding=\"async\" class=\"alignnone size-full wp-image-34\" src=\"http:\/\/insideamateurfussball-ffm.de\/wp-content\/uploads\/2021\/11\/Tarik.jpg\" alt=\"\" width=\"80\" height=\"80\" \/><img loading=\"lazy\" decoding=\"async\" class=\"alignnone size-full wp-image-119\" src=\"http:\/\/insideamateurfussball-ffm.de\/wp-content\/uploads\/2022\/05\/Bornheim.jpg\" alt=\"\" width=\"80\" height=\"80\" \/><\/p>\n<p><span style=\"font-size: 16px;\">Die G\u00e4ste f\u00fchrten lange durch Jan Freisinger (20.). In der letzten Viertelstunde kamen die Hausherren auf, glichen erst mit Mourad Aboulmakarim aus (75.) und gingen sogar dank Anas Ouakil in F\u00fchrung (79.). Und obwohl der Bornheimer Yeman Kelati zu Beginn der Nachspielzeit mit der Zeitstrafe runter musste (90.+1) erzwangen die G\u00e4ste nach einem Abwehrfehler der Griesheimer noch das sp\u00e4te 2:2 durch Ben D\u00e4mmer (90.+7). <\/span><\/p>\n<p><span style=\"font-size: 16px;\">Sportdirektor Hamza Azaoum, der sich in den letzten drei Wochen im Urlaub befand, fand eine Mannschaft vor, &#8222;bei der momentan leider Abstiegskampf angesagt ist. Wir werden uns zusammen setzen und gucken, was das beste ist. Es wird am Mittwoch eine Krisensitzung geben, dann werden wir sehen, wie wir die n\u00e4chsten Spiele gestalten. Die Ergebnisse haben nicht gestimmt, auch das Auftreten gegen Bornheim war nicht das, was wir uns erw\u00fcnscht haben. Wir m\u00fcssen alles hinterfragen und schauen wie es weiter geht.&#8220;<\/span><\/p>\n<ul>\n<li><strong><span style=\"font-size: 16px;\">&#8222;Es war sehr extrem&#8220; (Bornheims Trainer Lucas Milbredt zur Schiedsrichterleistung)<\/span><\/strong><\/li>\n<\/ul>\n<p><span style=\"font-size: 16px;\">Bornheims Trainer Lucas Milbredt erfasste das 2:2 als &#8222;leistungsgerechtes Unentschieden. Beide Mannschaften hatten ihre M\u00f6glichkeiten. Ein Gegentor resultierte aus einer falschen Einwurfentscheidung. Der Schiedsrichter hat eine sehr schwache Leistung gezeigt, hat alles f\u00fcr Tarik gepfiffen. Es war sehr extrem, aufgrund dessen haben wir auch eine Zeitstrafe bekommen.&#8220; <\/span><\/p>\n<p><span style=\"font-size: 16px;\">So geht es f\u00fcr beide Teams weiter: Tarik f\u00e4hrt zum FC Croatia &#8211; Bornheim II erwartet die Preu\u00dfen.\u00a0 <\/span><\/p>\n<ul>\n<li><span style=\"font-size: 16px;\"><strong>Schiedsrichter: Mike Kantz (TV Idstein). <\/strong><\/span><\/li>\n<li><span style=\"font-size: 16px;\"><strong>Zuschauer: 45. <\/strong><\/span><\/li>\n<li><span style=\"font-size: 16px;\"><strong>Tore: 0:1 Jan Freisinger (20.), 1:1 Mourad Aboulmakarim (75.), 2:1 Anas Ouakil (78.), 2:2 Ben D\u00e4mmer (90.\/+7).<\/strong>\u00a0\u00a0<\/span><\/li>\n<\/ul>\n","protected":false},"excerpt":{"rendered":"<p>Der SV Griesheim Tarik stand kurz vor dem Heimsieg, der dem Team von der L\u00e4rchenstra\u00dfe aber in der langen Nachspielzeit noch entrissen wurde. Die Gastgeber mussten sich gegen die SG Bornheim\/Gr\u00fcn-Wei\u00df II mit einem 2:2 begn\u00fcgen und machen damit in Sachen Unentschieden der SG Harheim Konkurrenz. Es war bereits das siebte Remis der Saison.\u00a0 SV [&hellip;]<\/p>\n","protected":false},"author":1,"featured_media":18240,"comment_status":"closed","ping_status":"closed","sticky":true,"template":"","format":"standard","meta":{"footnotes":""},"categories":[2],"tags":[],"class_list":["post-22199","post","type-post","status-publish","format-standard","has-post-thumbnail","hentry","category-kreisoberliga-frankfurt"],"_links":{"self":[{"href":"https:\/\/insideamateurfussball-ffm.de\/index.php?rest_route=\/wp\/v2\/posts\/22199","targetHints":{"allow":["GET"]}}],"collection":[{"href":"https:\/\/insideamateurfussball-ffm.de\/index.php?rest_route=\/wp\/v2\/posts"}],"about":[{"href":"https:\/\/insideamateurfussball-ffm.de\/index.php?rest_route=\/wp\/v2\/types\/post"}],"author":[{"embeddable":true,"href":"https:\/\/insideamateurfussball-ffm.de\/index.php?rest_route=\/wp\/v2\/users\/1"}],"replies":[{"embeddable":true,"href":"https:\/\/insideamateurfussball-ffm.de\/index.php?rest_route=%2Fwp%2Fv2%2Fcomments&post=22199"}],"version-history":[{"count":1,"href":"https:\/\/insideamateurfussball-ffm.de\/index.php?rest_route=\/wp\/v2\/posts\/22199\/revisions"}],"predecessor-version":[{"id":22200,"href":"https:\/\/insideamateurfussball-ffm.de\/index.php?rest_route=\/wp\/v2\/posts\/22199\/revisions\/22200"}],"wp:featuredmedia":[{"embeddable":true,"href":"https:\/\/insideamateurfussball-ffm.de\/index.php?rest_route=\/wp\/v2\/media\/18240"}],"wp:attachment":[{"href":"https:\/\/insideamateurfussball-ffm.de\/index.php?rest_route=%2Fwp%2Fv2%2Fmedia&parent=22199"}],"wp:term":[{"taxonomy":"category","embeddable":true,"href":"https:\/\/insideamateurfussball-ffm.de\/index.php?rest_route=%2Fwp%2Fv2%2Fcategories&post=22199"},{"taxonomy":"post_tag","embeddable":true,"href":"https:\/\/insideamateurfussball-ffm.de\/index.php?rest_route=%2Fwp%2Fv2%2Ftags&post=22199"}],"curies":[{"name":"wp","href":"https:\/\/api.w.org\/{rel}","templated":true}]}}