{"id":22196,"date":"2024-10-29T00:01:00","date_gmt":"2024-10-28T22:01:00","guid":{"rendered":"https:\/\/insideamateurfussball-ffm.de\/?p=22196"},"modified":"2024-10-29T00:01:00","modified_gmt":"2024-10-28T22:01:00","slug":"preussen-ernten-im-herbst-die-fruechte","status":"publish","type":"post","link":"https:\/\/insideamateurfussball-ffm.de\/?p=22196","title":{"rendered":"Preu\u00dfen ernten im Herbst die Fr\u00fcchte"},"content":{"rendered":"<h5><span style=\"font-size: 16px;\">Mit dem zweiten 3:2-Sieg in Folge best\u00e4tigte der SV Viktoria Preu\u00dfen seinen Aufw\u00e4rtstrend und \u00fcberholte den direkten Konkurrenten FC Gudesding in der Tabelle. Die Gastgeber sind nun Drittletzter, die &#8222;Guden&#8220; Vorletzter.\u00a0<\/span><\/h5>\n<figure id=\"attachment_22197\" aria-describedby=\"caption-attachment-22197\" style=\"width: 652px\" class=\"wp-caption alignleft\"><img loading=\"lazy\" decoding=\"async\" class=\"wp-image-22197\" src=\"http:\/\/insideamateurfussball-ffm.de\/wp-content\/uploads\/2024\/10\/pok2-3-1024x743.jpg\" alt=\"\" width=\"652\" height=\"473\" srcset=\"https:\/\/insideamateurfussball-ffm.de\/wp-content\/uploads\/2024\/10\/pok2-3-1024x743.jpg 1024w, https:\/\/insideamateurfussball-ffm.de\/wp-content\/uploads\/2024\/10\/pok2-3-300x218.jpg 300w, https:\/\/insideamateurfussball-ffm.de\/wp-content\/uploads\/2024\/10\/pok2-3-768x557.jpg 768w, https:\/\/insideamateurfussball-ffm.de\/wp-content\/uploads\/2024\/10\/pok2-3.jpg 1031w\" sizes=\"auto, (max-width: 652px) 100vw, 652px\" \/><figcaption id=\"caption-attachment-22197\" class=\"wp-caption-text\">Die Arbeit von Trainer Cem Caput tr\u00e4gt bei den Preu\u00dfen langsam Fr\u00fcchte. Foto: Archiv Mithat G\u00fcrser.\u00a0\u00a0<\/figcaption><\/figure>\n<h5><span style=\"font-size: 16px;\">SV Viktoria Preu\u00dfen &#8211; FC Gudesding 3:2 (1:1)<\/span><\/h5>\n<p><img loading=\"lazy\" decoding=\"async\" class=\"alignnone size-full wp-image-12\" src=\"http:\/\/insideamateurfussball-ffm.de\/wp-content\/uploads\/2021\/11\/preussen.jpg\" alt=\"\" width=\"72\" height=\"80\" \/><img loading=\"lazy\" decoding=\"async\" class=\"alignnone size-full wp-image-10\" src=\"http:\/\/insideamateurfussball-ffm.de\/wp-content\/uploads\/2021\/11\/Gudesding.jpg\" alt=\"\" width=\"64\" height=\"80\" \/><\/p>\n<p><span style=\"font-size: 16px;\">Preu\u00dfen-Trainer Cem Caput freute sich \u00fcber den ersten Heimsieg, obwohl sein Team beim 0:1 durch Modibo Kone schlecht am Sechzehner verteidigte (12.). <\/span><\/p>\n<p><span style=\"font-size: 16px;\">&#8222;Das war ein gl\u00fcckliches Tor f\u00fcr den Gegner, das zieht sich bei uns wie ein roter Faden durch die Saison&#8220;, sagte Caput.<\/span><\/p>\n<ul>\n<li><strong><span style=\"font-size: 16px;\">&#8222;Wir haben das gut verteidigt.&#8220; (Preu\u00dfen-Trainer Cem Caput)<\/span><\/strong><\/li>\n<\/ul>\n<p><span style=\"font-size: 16px;\">Die Gastgeber kamen aber zur\u00fcck und zeigten eine sehr gute Moral, die zum Ausgleich vor der Pause durch Muhammet Kalkisim f\u00fchrte (40.). Johannes Wiedemann &#8211; einer der wenigen verbliebenen Spieler aus der letzten Saison &#8211; markierte nach dem Seitenwechsel das 2:1 (53.). Christian Trulli, ebenfalls an der H\u00fcgelstra\u00dfe geblieben, sorgte mit einem Abpraller vom Pfosten f\u00fcr das 3:1 (76.). Gudesding verk\u00fcrzte noch durch Arne Kuhrs (78.). &#8222;Wir haben das gut verteidigt. Jetzt kommen langsam die Fr\u00fcchte zutage. Der Sieg geht in Ordnung und ist voll verdient&#8220;, meinte Caput.<\/span><\/p>\n<p><span style=\"font-size: 16px;\"> Gudesdings Co-Trainer Paul Weiss res\u00fcmierte: &#8222;Eine sehr, sehr bittere Niederlage. Wir m\u00fcssen uns jetzt sortieren, austauschen und das spielfreie Wochenende nutzen. Es ist noch nichts verloren, die Mannschaft ist intakt, sportlich leider seit einiger Zeit ungl\u00fccklich, das merkt man in gewissen Situationen. Preu\u00dfen war eine gute Mannschaft, es war phasenweise von beiden Mannschaften ein gutes KOL-Spiel.&#8220; Viktoria Preu\u00dfen tritt am Sonntag um 13 Uhr bei der SG Bornheim\/Gr\u00fcn-Wei\u00df II an, w\u00e4hrend Gudesding spielfrei aussetzt.\u00a0<\/span><\/p>\n<ul>\n<li><strong><span style=\"font-size: 16px;\">Schiedsrichter: Emre Akyol (Germania Horbach).\u00a0<\/span><\/strong><\/li>\n<li><strong><span style=\"font-size: 16px;\">Zuschauer: 70.\u00a0<\/span><\/strong><\/li>\n<li><strong><span style=\"font-size: 16px;\">Tore: 0:1 Modibo Kone (12.), 1:1 Muhammet Kalkisim (40.), 2:1 Johannes Wiedemann (53.), 3:1 Christian Trulli (76.), 3:2 Arne Kuhrs (78.).\u00a0\u00a0<\/span><\/strong><\/li>\n<\/ul>\n","protected":false},"excerpt":{"rendered":"<p>Mit dem zweiten 3:2-Sieg in Folge best\u00e4tigte der SV Viktoria Preu\u00dfen seinen Aufw\u00e4rtstrend und \u00fcberholte den direkten Konkurrenten FC Gudesding in der Tabelle. Die Gastgeber sind nun Drittletzter, die &#8222;Guden&#8220; Vorletzter.\u00a0 SV Viktoria Preu\u00dfen &#8211; FC Gudesding 3:2 (1:1) Preu\u00dfen-Trainer Cem Caput freute sich \u00fcber den ersten Heimsieg, obwohl sein Team beim 0:1 durch Modibo [&hellip;]<\/p>\n","protected":false},"author":1,"featured_media":22197,"comment_status":"closed","ping_status":"closed","sticky":true,"template":"","format":"standard","meta":{"footnotes":""},"categories":[2],"tags":[],"class_list":["post-22196","post","type-post","status-publish","format-standard","has-post-thumbnail","hentry","category-kreisoberliga-frankfurt"],"_links":{"self":[{"href":"https:\/\/insideamateurfussball-ffm.de\/index.php?rest_route=\/wp\/v2\/posts\/22196","targetHints":{"allow":["GET"]}}],"collection":[{"href":"https:\/\/insideamateurfussball-ffm.de\/index.php?rest_route=\/wp\/v2\/posts"}],"about":[{"href":"https:\/\/insideamateurfussball-ffm.de\/index.php?rest_route=\/wp\/v2\/types\/post"}],"author":[{"embeddable":true,"href":"https:\/\/insideamateurfussball-ffm.de\/index.php?rest_route=\/wp\/v2\/users\/1"}],"replies":[{"embeddable":true,"href":"https:\/\/insideamateurfussball-ffm.de\/index.php?rest_route=%2Fwp%2Fv2%2Fcomments&post=22196"}],"version-history":[{"count":1,"href":"https:\/\/insideamateurfussball-ffm.de\/index.php?rest_route=\/wp\/v2\/posts\/22196\/revisions"}],"predecessor-version":[{"id":22198,"href":"https:\/\/insideamateurfussball-ffm.de\/index.php?rest_route=\/wp\/v2\/posts\/22196\/revisions\/22198"}],"wp:featuredmedia":[{"embeddable":true,"href":"https:\/\/insideamateurfussball-ffm.de\/index.php?rest_route=\/wp\/v2\/media\/22197"}],"wp:attachment":[{"href":"https:\/\/insideamateurfussball-ffm.de\/index.php?rest_route=%2Fwp%2Fv2%2Fmedia&parent=22196"}],"wp:term":[{"taxonomy":"category","embeddable":true,"href":"https:\/\/insideamateurfussball-ffm.de\/index.php?rest_route=%2Fwp%2Fv2%2Fcategories&post=22196"},{"taxonomy":"post_tag","embeddable":true,"href":"https:\/\/insideamateurfussball-ffm.de\/index.php?rest_route=%2Fwp%2Fv2%2Ftags&post=22196"}],"curies":[{"name":"wp","href":"https:\/\/api.w.org\/{rel}","templated":true}]}}