{"id":22192,"date":"2024-10-28T23:33:22","date_gmt":"2024-10-28T21:33:22","guid":{"rendered":"https:\/\/insideamateurfussball-ffm.de\/?p=22192"},"modified":"2024-10-28T23:33:22","modified_gmt":"2024-10-28T21:33:22","slug":"harheim-beendet-negativserie-mit-30-gegen-union","status":"publish","type":"post","link":"https:\/\/insideamateurfussball-ffm.de\/?p=22192","title":{"rendered":"Harheim beendet Negativserie mit 3:0 gegen Union"},"content":{"rendered":"<h5><span style=\"font-size: 16px;\">Nach acht sieglosen Spielen in Folge und zuletzt drei Niederlagen am St\u00fcck beendete die SG Harheim die Negativserie mit einem deutlichen 3:0-Heimsieg \u00fcber den Tabellenf\u00fcnften Union Niederrad.\u00a0<\/span><\/h5>\n<figure id=\"attachment_22193\" aria-describedby=\"caption-attachment-22193\" style=\"width: 150px\" class=\"wp-caption alignleft\"><img loading=\"lazy\" decoding=\"async\" class=\"wp-image-22193 size-thumbnail\" src=\"http:\/\/insideamateurfussball-ffm.de\/wp-content\/uploads\/2024\/10\/DSC_0440-3-150x150.jpg\" alt=\"\" width=\"150\" height=\"150\" \/><figcaption id=\"caption-attachment-22193\" class=\"wp-caption-text\">Harheims Trainer Christian Balzer. Foto: Archiv J\u00f6rg Schulz.\u00a0<\/figcaption><\/figure>\n<h5><span style=\"font-size: 16px;\">SG Harheim &#8211; FC Union Niederrad 3:0 (2:0)<\/span><\/h5>\n<p><img loading=\"lazy\" decoding=\"async\" class=\"alignnone size-full wp-image-284\" src=\"http:\/\/insideamateurfussball-ffm.de\/wp-content\/uploads\/2022\/05\/Harheim.jpg\" alt=\"\" width=\"78\" height=\"80\" \/><img loading=\"lazy\" decoding=\"async\" class=\"alignnone size-full wp-image-38\" src=\"http:\/\/insideamateurfussball-ffm.de\/wp-content\/uploads\/2021\/11\/Union-Niederrad.jpg\" alt=\"\" width=\"80\" height=\"80\" \/><\/p>\n<p><span style=\"font-size: 16px;\">&#8222;Das war vom Spielverlauf absolut verdient. Wir haben gegen agile Niederr\u00e4der gut dagegen gehalten. Die Einstellung hat gestimmt&#8220;, freute sich Harheims Trainer Christian Balzer. Nach der F\u00fchrung durch Patrick K\u00f6nig (16.) legte Yafet Tsighe das 2:0 nach (34.). Nach der Pause markierte der 18-j\u00e4hrige Giosue Conte, der aus der A-Jugend des FC Kalbach kommt, sein erstes Seniorentor (73.), nachdem zuvor Union-Torj\u00e4ger Emir Drino eine Zeitstrafe bekam (65.).<\/span><\/p>\n<p><span style=\"font-size: 16px;\">Balzer lobte den Schiedsrichter und das Auftreten der Niederr\u00e4der G\u00e4ste: &#8222;Das sind vom Trainer Henrique Amaral zu den Funktion\u00e4ren und den Spielern faire Sportsleute. Es macht Freude, sich mit dem Gegner nach dem Spiel noch zusammenzusetzen.&#8220;<\/span><\/p>\n<ul>\n<li><strong><span style=\"font-size: 16px;\">Harheim zum BSC &#8211; Union erwartet Concordia\u00a0<\/span><\/strong><\/li>\n<\/ul>\n<p><span style=\"font-size: 16px;\">Die G\u00e4ste hatten in der spielfreien Zeit eine Testpartie gegen den B-Ligisten SV Eritrea mit 7:2 gewonnen. Union-Vorsitzender Khalid Lamjahed meinte: &#8222;Wir waren optisch \u00fcberlegen \u00fcber die gesamte Spielzeit. Zweite Halbzeit rannten wir an, ohne uns nennenswerte Chancen zu erspielen. In den letzten vier Ligaspielen haben wir nur ein Tor erzielt. Harheim hat es clever gespielt.&#8220; <\/span><\/p>\n<p><span style=\"font-size: 16px;\">F\u00fcr Harheim geht es n\u00e4chsten Sonntag zum Aufsteiger BSC Schwarz-Wei\u00df 19. Union Niederrad erwartet Concordia Eschersheim.\u00a0<\/span><\/p>\n<ul>\n<li><span style=\"font-size: 16px;\"><strong>Schiedsrichter: Andreas Heim (Eddersheim).<\/strong><\/span><\/li>\n<li><span style=\"font-size: 16px;\"><strong>Zuschauer: 80. <\/strong><\/span><\/li>\n<li><span style=\"font-size: 16px;\"><strong>Tore: 1:0 Patrick K\u00f6nig (16.), 2:0 Yafet Tsighe (34.), 3:0 Giosue Conte (73.).<\/strong>\u00a0<\/span><\/li>\n<\/ul>\n","protected":false},"excerpt":{"rendered":"<p>Nach acht sieglosen Spielen in Folge und zuletzt drei Niederlagen am St\u00fcck beendete die SG Harheim die Negativserie mit einem deutlichen 3:0-Heimsieg \u00fcber den Tabellenf\u00fcnften Union Niederrad.\u00a0 SG Harheim &#8211; FC Union Niederrad 3:0 (2:0) &#8222;Das war vom Spielverlauf absolut verdient. Wir haben gegen agile Niederr\u00e4der gut dagegen gehalten. Die Einstellung hat gestimmt&#8220;, freute sich [&hellip;]<\/p>\n","protected":false},"author":1,"featured_media":22193,"comment_status":"closed","ping_status":"closed","sticky":true,"template":"","format":"standard","meta":{"footnotes":""},"categories":[2],"tags":[],"class_list":["post-22192","post","type-post","status-publish","format-standard","has-post-thumbnail","hentry","category-kreisoberliga-frankfurt"],"_links":{"self":[{"href":"https:\/\/insideamateurfussball-ffm.de\/index.php?rest_route=\/wp\/v2\/posts\/22192","targetHints":{"allow":["GET"]}}],"collection":[{"href":"https:\/\/insideamateurfussball-ffm.de\/index.php?rest_route=\/wp\/v2\/posts"}],"about":[{"href":"https:\/\/insideamateurfussball-ffm.de\/index.php?rest_route=\/wp\/v2\/types\/post"}],"author":[{"embeddable":true,"href":"https:\/\/insideamateurfussball-ffm.de\/index.php?rest_route=\/wp\/v2\/users\/1"}],"replies":[{"embeddable":true,"href":"https:\/\/insideamateurfussball-ffm.de\/index.php?rest_route=%2Fwp%2Fv2%2Fcomments&post=22192"}],"version-history":[{"count":1,"href":"https:\/\/insideamateurfussball-ffm.de\/index.php?rest_route=\/wp\/v2\/posts\/22192\/revisions"}],"predecessor-version":[{"id":22194,"href":"https:\/\/insideamateurfussball-ffm.de\/index.php?rest_route=\/wp\/v2\/posts\/22192\/revisions\/22194"}],"wp:featuredmedia":[{"embeddable":true,"href":"https:\/\/insideamateurfussball-ffm.de\/index.php?rest_route=\/wp\/v2\/media\/22193"}],"wp:attachment":[{"href":"https:\/\/insideamateurfussball-ffm.de\/index.php?rest_route=%2Fwp%2Fv2%2Fmedia&parent=22192"}],"wp:term":[{"taxonomy":"category","embeddable":true,"href":"https:\/\/insideamateurfussball-ffm.de\/index.php?rest_route=%2Fwp%2Fv2%2Fcategories&post=22192"},{"taxonomy":"post_tag","embeddable":true,"href":"https:\/\/insideamateurfussball-ffm.de\/index.php?rest_route=%2Fwp%2Fv2%2Ftags&post=22192"}],"curies":[{"name":"wp","href":"https:\/\/api.w.org\/{rel}","templated":true}]}}