{"id":2206,"date":"2022-08-23T17:08:21","date_gmt":"2022-08-23T15:08:21","guid":{"rendered":"http:\/\/insideamateurfussball-ffm.de\/?p=2206"},"modified":"2025-01-08T14:26:05","modified_gmt":"2025-01-08T13:26:05","slug":"90-kosova-jetzt-internationaler","status":"publish","type":"post","link":"https:\/\/insideamateurfussball-ffm.de\/?p=2206","title":{"rendered":"9:0! Kosova jetzt internationaler"},"content":{"rendered":"<h4>Der FC Kosova fertigte im &#8222;Balkan-Duell&#8220; den ans Tabellenende abgest\u00fcrzten FC Posavina mit 9:0 ab. Nach einem gem\u00e4\u00dfigten Start mit dem 2:2 gegen Concordia Eschersheim und der 2:3-Niederlage bei Aufsteiger Bornheim II, hatte das Team von Trainer Alvaro Zalla keine M\u00fche mit dem desolaten Gegner. Posavina hatte lediglich ein Testspiel absolviert, f\u00fcr den Kreispokal nicht gemeldet und war am 1. Spieltag bei TuS Makkabi nicht angetreten. Schon in der Vorwoche waren die Kroaten bei Concordia Eschersheim mit 2:9 unter die R\u00e4der geraten und weisen nach drei Spieltagen punktlos 2:21 Tore auf.<\/h4>\n<figure id=\"attachment_2207\" aria-describedby=\"caption-attachment-2207\" style=\"width: 309px\" class=\"wp-caption alignnone\"><img loading=\"lazy\" decoding=\"async\" class=\"wp-image-2207\" src=\"http:\/\/insideamateurfussball-ffm.de\/wp-content\/uploads\/2022\/08\/ko-bo-8-300x219.jpg\" alt=\"\" width=\"309\" height=\"226\" \/><figcaption id=\"caption-attachment-2207\" class=\"wp-caption-text\"><strong>Hielt seinen Kasten sauber: Kosovas Torh\u00fcter Murati Erjol. Foto: Mithat G\u00fcrser.<\/strong><\/figcaption><\/figure>\n<h4>FC Kosova &#8211; FC Posavina 9:0 (6:0)<\/h4>\n<p><img loading=\"lazy\" decoding=\"async\" class=\"alignnone size-full wp-image-9\" src=\"http:\/\/insideamateurfussball-ffm.de\/wp-content\/uploads\/2021\/11\/Kosova.jpg\" alt=\"\" width=\"65\" height=\"80\" \/><img loading=\"lazy\" decoding=\"async\" class=\"alignnone size-full wp-image-22\" src=\"http:\/\/insideamateurfussball-ffm.de\/wp-content\/uploads\/2021\/11\/posavina.jpg\" alt=\"\" width=\"63\" height=\"80\" \/><\/p>\n<p><span style=\"color: #003300;\">&#8222;Wir waren hoch\u00fcberlegen und widmen den Sieg unseren im Alter von nur 46 Jahren verstorbenen ehemaligen Spieler Adnan Hyseni&#8220;, sagte Kosovas Spielausschuss-Vorsitzender Rudi Statovci nach dem Kantersieg gegen die Kroaten, dessen beste Spieler sich immer noch im Heimaturlaub befinden. &#8222;Wir haben unsere Mannschaft mit jungen Leuten neu strukturiert&#8220;, erkl\u00e4rte Statovci. In dieser Saison spielen nicht nur mehr Kosovaren an der Wilhelm-Epstein-Stra\u00dfe. <\/span><\/p>\n<p><span style=\"color: #003300;\">Mit Mostafa El Aadmi ist der ehemalige Spielmacher von Griesheim Tarik gekommen, dazu weitere Afrikaner wie Prince Kodom Berko, Gabriel Aduafoh Dapaah und Prince Agyei Baffour. Bis zur Pause stand es bereits 6:0, Mateo Hyskay (2.\/11.), Raisi Zalla (13.\/45.), El Aadmi (18.) und Berko (33.) hatten den wie in der Endphase der Vorsaison im Tor stehenden FCP-Pressewart Danijel Pavic sechs mal \u00fcberwunden. Dessen Gegen\u00fcber Murati Erjol hatte hingegen einen ruhigen Nachmittag verlebt, es kam kaum ein Ball auf ihn zu.<\/span><\/p>\n<blockquote>\n<h4>&#8222;Der Schiri h\u00e4tte es ihm noch mal erkl\u00e4ren k\u00f6nnen, statt gleich Rot zu z\u00fccken&#8220; (Kosovas Spielausschuss-Chef Rudi Statovci)<\/h4>\n<\/blockquote>\n<p><span style=\"color: #003300;\">In der 40. Minute hatte Berko bei den Gastgebern eine Zeitstrafe erhalten, stand aber zum Wiederanpfiff wieder auf dem Feld und erhielt vom Schiedsrichter die Rote Karte. &#8222;Der Junge spricht kein Deutsch und hat das nicht verstanden. Er dachte, die Zeitstrafe w\u00e4re w\u00e4hrend der Halbzeit abgelaufen. Der Schiri h\u00e4tte es ihm noch mal erkl\u00e4ren k\u00f6nnen, statt gleich Rot zu z\u00fccken&#8220;, meinte Statovci zu dieser Anekdote. Da sich auch die G\u00e4ste eine Zeitstrafe einhandelten, spielten zun\u00e4chst zehn gegen zehn weiter. <\/span><\/p>\n<p><span style=\"color: #003300;\">Als der Posavina-Akteur wieder rein durfte, war Kosova ab der 59. Minute bis zur 69. Minute im Zuge einer weiteren Zeitstrafe nur noch zu neunt gegen elf G\u00e4ste auf dem Feld. Danach &#8211; dann wieder zu zehnt &#8211; legte Kosova trotz Unterzahl noch drei Tore nach. Leon Dashi (75.), ein Eigentor von Goran Petricevic (84.) und El Aadmi machten &#8222;alle Neune&#8220; f\u00fcr den FC Kosova perfekt.\u00a0<\/span><\/p>\n<h4>Schiedsrichter: Rene Thijs Hennemann (Ro\u00dfdorf). Zuschauer: 60.<\/h4>\n<h4>Tore: 1:0, 2:0 Mateo Hyskay (2.\/11.), 3:0 Raisi Zalla (13.), 4:0 Mostafa El Aadmi (18.), 5:0 Prince Kodom Berko (33.), 6:0 Raisi Zalla (45.), 7:0 Leon Dashi (75.), 8:0 Goran Petricevic (84.\/Eigentor), 9:0 Mostafa El Aadmi (88.).<\/h4>\n","protected":false},"excerpt":{"rendered":"<p>Der FC Kosova fertigte im &#8222;Balkan-Duell&#8220; den ans Tabellenende abgest\u00fcrzten FC Posavina mit 9:0 ab. Nach einem gem\u00e4\u00dfigten Start mit dem 2:2 gegen Concordia Eschersheim und der 2:3-Niederlage bei Aufsteiger Bornheim II, hatte das Team von Trainer Alvaro Zalla keine M\u00fche mit dem desolaten Gegner. Posavina hatte lediglich ein Testspiel absolviert, f\u00fcr den Kreispokal nicht [&hellip;]<\/p>\n","protected":false},"author":1,"featured_media":0,"comment_status":"open","ping_status":"open","sticky":false,"template":"","format":"standard","meta":{"footnotes":""},"categories":[2],"tags":[],"class_list":["post-2206","post","type-post","status-publish","format-standard","hentry","category-kreisoberliga-frankfurt"],"_links":{"self":[{"href":"https:\/\/insideamateurfussball-ffm.de\/index.php?rest_route=\/wp\/v2\/posts\/2206","targetHints":{"allow":["GET"]}}],"collection":[{"href":"https:\/\/insideamateurfussball-ffm.de\/index.php?rest_route=\/wp\/v2\/posts"}],"about":[{"href":"https:\/\/insideamateurfussball-ffm.de\/index.php?rest_route=\/wp\/v2\/types\/post"}],"author":[{"embeddable":true,"href":"https:\/\/insideamateurfussball-ffm.de\/index.php?rest_route=\/wp\/v2\/users\/1"}],"replies":[{"embeddable":true,"href":"https:\/\/insideamateurfussball-ffm.de\/index.php?rest_route=%2Fwp%2Fv2%2Fcomments&post=2206"}],"version-history":[{"count":1,"href":"https:\/\/insideamateurfussball-ffm.de\/index.php?rest_route=\/wp\/v2\/posts\/2206\/revisions"}],"predecessor-version":[{"id":2208,"href":"https:\/\/insideamateurfussball-ffm.de\/index.php?rest_route=\/wp\/v2\/posts\/2206\/revisions\/2208"}],"wp:attachment":[{"href":"https:\/\/insideamateurfussball-ffm.de\/index.php?rest_route=%2Fwp%2Fv2%2Fmedia&parent=2206"}],"wp:term":[{"taxonomy":"category","embeddable":true,"href":"https:\/\/insideamateurfussball-ffm.de\/index.php?rest_route=%2Fwp%2Fv2%2Fcategories&post=2206"},{"taxonomy":"post_tag","embeddable":true,"href":"https:\/\/insideamateurfussball-ffm.de\/index.php?rest_route=%2Fwp%2Fv2%2Ftags&post=2206"}],"curies":[{"name":"wp","href":"https:\/\/api.w.org\/{rel}","templated":true}]}}