{"id":22054,"date":"2024-10-28T18:16:31","date_gmt":"2024-10-28T16:16:31","guid":{"rendered":"https:\/\/insideamateurfussball-ffm.de\/?p=22054"},"modified":"2024-10-28T18:16:31","modified_gmt":"2024-10-28T16:16:31","slug":"bosnier-siegen-bei-dezimiertem-tuerkguecue","status":"publish","type":"post","link":"https:\/\/insideamateurfussball-ffm.de\/?p=22054","title":{"rendered":"Bosnier siegen bei dezimiertem T\u00fcrkg\u00fcc\u00fc"},"content":{"rendered":"<h4>Der SV Bosnien\/Herzegowina konnte sich klar mit 4:1 bei T\u00fcrkg\u00fcc\u00fc Frankfurt durchsetzen, die die beiden letzten Tore in doppelter Unterzahl kassierten und weiter im abstiegsbedrohten Bereich bleiben.<\/h4>\n<figure id=\"attachment_20236\" aria-describedby=\"caption-attachment-20236\" style=\"width: 945px\" class=\"wp-caption alignnone\"><img loading=\"lazy\" decoding=\"async\" class=\"wp-image-20236 size-full\" src=\"http:\/\/insideamateurfussball-ffm.de\/wp-content\/uploads\/2024\/08\/bos2.jpg\" alt=\"\" width=\"945\" height=\"596\" srcset=\"https:\/\/insideamateurfussball-ffm.de\/wp-content\/uploads\/2024\/08\/bos2.jpg 945w, https:\/\/insideamateurfussball-ffm.de\/wp-content\/uploads\/2024\/08\/bos2-300x189.jpg 300w, https:\/\/insideamateurfussball-ffm.de\/wp-content\/uploads\/2024\/08\/bos2-768x484.jpg 768w\" sizes=\"auto, (max-width: 945px) 100vw, 945px\" \/><figcaption id=\"caption-attachment-20236\" class=\"wp-caption-text\">Die bosnische Mannschaft konnte eine Ausw\u00e4rtssieg feiern. Foto: Archiv Mithat G\u00fcrser<\/figcaption><\/figure>\n<h4>T\u00fcrkg\u00fcc\u00fc Frankfurt &#8211; SV Bosnien\/Herzegowina 1:4 (1:1)<\/h4>\n<p><img loading=\"lazy\" decoding=\"async\" class=\"alignnone size-full wp-image-17\" src=\"http:\/\/insideamateurfussball-ffm.de\/wp-content\/uploads\/2021\/11\/Tuerkguecue.jpg\" alt=\"\" width=\"72\" height=\"80\" \/><img loading=\"lazy\" decoding=\"async\" class=\"alignnone size-full wp-image-139\" src=\"http:\/\/insideamateurfussball-ffm.de\/wp-content\/uploads\/2022\/05\/Bosnien.jpg\" alt=\"\" width=\"79\" height=\"80\" \/><\/p>\n<p>Nach dem Pokalaus gegen Fechenheim wollte sich T\u00fcrkg\u00fcc\u00fc Frankfurt im Spiel gegen den SV Bosnien\/Herzegowina wieder von ihrer besten Seite zeigen und drei Punkte holen, doch schlussendlich verloren die Gastgeber nicht nur drei Punkte, sondern auch zwei Spieler durch Platzverweise. Dabei begann das Spiel f\u00fcr T\u00fcrkg\u00fcc\u00fc hervorragend, bereits in der 3.Minute brachte Mete Nakipoglu die Gastgeber mit 1:0 in F\u00fchrung. Die erste Viertelstunde geh\u00f6rte den Gastgebern, doch danach drehte sich das Spiel. T\u00fcrkg\u00fcc\u00fcs Trainer Hakan Tekin: \u201ewir sind mit dem fr\u00fchen Tor gut ins Spiel gestartet, doch danach haben wir den Faden verloren. Bosnien war zwar nicht besonders gef\u00e4hrlich, aber wir haben sie mit individuellen Fehlern zu den Toren eingeladen.\u201c<\/p>\n<p>Auch Bosniens Pressesprecher Admir Malohodzic meinte dazu: \u201ewir brauchten eine Viertelstunde, bis wir uns an die Platzverh\u00e4ltnisse gew\u00f6hnt haben, es war ein holpriger Start, wir sind schnell in R\u00fcckstand geraten und hatten noch Gl\u00fcck bei einem Lattentreffer von T\u00fcrkg\u00fcc\u00fc.\u201c Die Bosnier machten nach 15 Minuten etwas mehr Druck und kamen in der 34.Minute durch ein Tor von Safet Mujkic zum 1:1-Ausgleich, mit diesem Resultat ging es dann auch in die Pause. In der zweiten H\u00e4lfte war es dann T\u00fcrkg\u00fcc\u00fc, die die Bosnier zum 1:2 einluden, Torwart Marco Nauber wollte den Ball wegschlagen, sein Versuch wurde aber vom Gegner abgeblockt und Hamza Reko hatte dann keine M\u00fche, den Ball zur F\u00fchrung f\u00fcr die Bosnier ins leere Tor zu schieben.<\/p>\n<p>In der 60.Minute schw\u00e4chten sich die Gastgeber dann selbst, nach einem harten Einsteigen von Aleksandar Sasa Matovic erhielt dieser vom Schiedsrichter die rote Karte, f\u00fcr Trainer Tekin \u201eeine sehr harte Entscheidung\u201c. \u00a0In der 80.Minute dann die endg\u00fcltige Entscheidung, nach einem Foul von Torwart Nauber gab es Elfmeter f\u00fcr die G\u00e4ste. Viel schlimmer f\u00fcr die Gastgeber aber, was sich dann abspielte. Nauber erhielt f\u00fcr dein Foul die gelbe Karte, als er in Vorbereitung auf den Elfmeter sich selbst motivierte und beim Hochspringen an die Latte klatschte, erhielt er zur \u00dcberraschung aller die gelb-rote Karte. Wie Trainer Tekin nachher vom Schiedsrichtergespann erfuhr, gibt es seit dieser Saison eine neue Regel, die diese Aktion mit einer gelben Karte bestraft.<\/p>\n<p>Reahan Mahmood ging jetzt ins Tor der Gastgeber, und in der 83.Minute verwandelte Adis Hasecic den Elfmeter zur Vorentscheidung zum 3:1. In doppelter Unterzahl hatte T\u00fcrkg\u00fcc\u00fc nichts mehr entgegensetzen und die Bosnier erzielten in der ersten Minute der Nachspielzeit sogar noch das 4:1 durch Ryo Nishiyama. Tekin gratulierte den Bosniern zum \u201everdienter Sieg\u201c. Am n\u00e4chsten Wochenende geht es f\u00fcr beide Mannschaften weiter, T\u00fcrkg\u00fcc\u00fc tritt den schweren Gang zum FC Karben an, w\u00e4hrend die Bosnier den FV Bad Vilbel erwarten.<\/p>\n<h4>Schiedsrichter: Bastian Sch\u00e4fer (SG Dornheim). Zuschauer: 160.<\/h4>\n<h4>Tore: 1:0 Mete Nakipoglu (3.), 1:1 Safet Mujkic (34.), 1:2 Hamza Reko (56.), 1:3 Adis Hasecic (83., Elfmeter), 1:4 Ryo Nishiyama (90.+1)<\/h4>\n","protected":false},"excerpt":{"rendered":"<p>Der SV Bosnien\/Herzegowina konnte sich klar mit 4:1 bei T\u00fcrkg\u00fcc\u00fc Frankfurt durchsetzen, die die beiden letzten Tore in doppelter Unterzahl kassierten und weiter im abstiegsbedrohten Bereich bleiben. T\u00fcrkg\u00fcc\u00fc Frankfurt &#8211; SV Bosnien\/Herzegowina 1:4 (1:1) Nach dem Pokalaus gegen Fechenheim wollte sich T\u00fcrkg\u00fcc\u00fc Frankfurt im Spiel gegen den SV Bosnien\/Herzegowina wieder von ihrer besten Seite zeigen [&hellip;]<\/p>\n","protected":false},"author":3,"featured_media":20236,"comment_status":"closed","ping_status":"open","sticky":true,"template":"","format":"standard","meta":{"footnotes":""},"categories":[13],"tags":[],"class_list":["post-22054","post","type-post","status-publish","format-standard","has-post-thumbnail","hentry","category-gruppenliga-frankfurt-west"],"_links":{"self":[{"href":"https:\/\/insideamateurfussball-ffm.de\/index.php?rest_route=\/wp\/v2\/posts\/22054","targetHints":{"allow":["GET"]}}],"collection":[{"href":"https:\/\/insideamateurfussball-ffm.de\/index.php?rest_route=\/wp\/v2\/posts"}],"about":[{"href":"https:\/\/insideamateurfussball-ffm.de\/index.php?rest_route=\/wp\/v2\/types\/post"}],"author":[{"embeddable":true,"href":"https:\/\/insideamateurfussball-ffm.de\/index.php?rest_route=\/wp\/v2\/users\/3"}],"replies":[{"embeddable":true,"href":"https:\/\/insideamateurfussball-ffm.de\/index.php?rest_route=%2Fwp%2Fv2%2Fcomments&post=22054"}],"version-history":[{"count":2,"href":"https:\/\/insideamateurfussball-ffm.de\/index.php?rest_route=\/wp\/v2\/posts\/22054\/revisions"}],"predecessor-version":[{"id":22058,"href":"https:\/\/insideamateurfussball-ffm.de\/index.php?rest_route=\/wp\/v2\/posts\/22054\/revisions\/22058"}],"wp:featuredmedia":[{"embeddable":true,"href":"https:\/\/insideamateurfussball-ffm.de\/index.php?rest_route=\/wp\/v2\/media\/20236"}],"wp:attachment":[{"href":"https:\/\/insideamateurfussball-ffm.de\/index.php?rest_route=%2Fwp%2Fv2%2Fmedia&parent=22054"}],"wp:term":[{"taxonomy":"category","embeddable":true,"href":"https:\/\/insideamateurfussball-ffm.de\/index.php?rest_route=%2Fwp%2Fv2%2Fcategories&post=22054"},{"taxonomy":"post_tag","embeddable":true,"href":"https:\/\/insideamateurfussball-ffm.de\/index.php?rest_route=%2Fwp%2Fv2%2Ftags&post=22054"}],"curies":[{"name":"wp","href":"https:\/\/api.w.org\/{rel}","templated":true}]}}