{"id":22050,"date":"2024-10-28T16:30:00","date_gmt":"2024-10-28T14:30:00","guid":{"rendered":"https:\/\/insideamateurfussball-ffm.de\/?p=22050"},"modified":"2024-10-28T18:11:39","modified_gmt":"2024-10-28T16:11:39","slug":"zeilsheim-bleibt-trotz-11-in-waldbrunn-spitze","status":"publish","type":"post","link":"https:\/\/insideamateurfussball-ffm.de\/?p=22050","title":{"rendered":"Zeilsheim bleibt trotz 1:1 in Waldbrunn Spitze"},"content":{"rendered":"<h5><span style=\"font-size: 16px;\">Beim Tabellenachten FC Waldbrunn kam der SV Zeilsheim nicht \u00fcber ein 1:1 hinaus, bleibt aber an der Spitze der Verbandsliga Mitte.\u00a0<\/span><\/h5>\n<figure id=\"attachment_22051\" aria-describedby=\"caption-attachment-22051\" style=\"width: 150px\" class=\"wp-caption alignleft\"><img loading=\"lazy\" decoding=\"async\" class=\"wp-image-22051 size-thumbnail\" src=\"http:\/\/insideamateurfussball-ffm.de\/wp-content\/uploads\/2024\/10\/13-Jonatan-Tesfaldet-kam-frueh-den-verletzten-Andre-Fliess-150x150.jpg\" alt=\"\" width=\"150\" height=\"150\" \/><figcaption id=\"caption-attachment-22051\" class=\"wp-caption-text\">Jonatan Tesfaldet kam f\u00fcr den verletzten Andre Flie\u00df. Foto: Peter Strauch.\u00a0\u00a0<\/figcaption><\/figure>\n<h5><span style=\"font-size: 16px;\">FC Waldbrunn &#8211; SV Zeilsheim 1:1 (1:1)<\/span><\/h5>\n<p><img loading=\"lazy\" decoding=\"async\" class=\"alignnone size-full wp-image-2769\" src=\"http:\/\/insideamateurfussball-ffm.de\/wp-content\/uploads\/2022\/09\/Waldbrunn.jpg\" alt=\"\" width=\"80\" height=\"80\" \/><img loading=\"lazy\" decoding=\"async\" class=\"alignnone size-full wp-image-1153\" src=\"http:\/\/insideamateurfussball-ffm.de\/wp-content\/uploads\/2022\/07\/SVZe.jpg\" alt=\"\" width=\"68\" height=\"80\" \/><\/p>\n<p><span style=\"font-size: 16px;\">Im Top-Spiel zwischen dem Tabellenf\u00fchrer der Verbandsliga Mitte SV Zeilsheim und dem FC Waldbrunn kam es zu einem 1:1. F\u00fcr den SV ist es das dritte Remis in der laufenden Saison. Gl\u00fcck f\u00fcr die Zeilsheimer, dass auch der direkte Verfolger Biebrich Punkte liegen lie\u00df. Somit baut der SV seinen Vorsprung an der Spitze um einen Z\u00e4hler aus. <\/span><\/p>\n<p><span style=\"font-size: 16px;\">&#8222;Im Endeffekt geht das Ergebnis in Ordnung&#8220;, fasst Zeilsheim-Co-Trainer Benjamin Apidopoulos, das 1:1-Remis zusammen. &#8222;In der ersten Halbzeit haben wir noch zwei gro\u00dfe Torchancen durch Leo Bianco und Dorian Miric liegen lassen. Dummerweise mussten wir schon nach 19 Minuten verletzungsbedingt wechseln, und dann macht Waldbrunn auch noch mit der ersten Torchance\u00a0 das 1:0. Kurz vor dem Halbzeitpfiff erzielen wir dann durch einen Handelfmeter verdienterma\u00dfen den 1:1-Ausgleich&#8220;, erkl\u00e4rt Apidopoulos, die beiden Schl\u00fcsselszenen des Spiels.<\/span><\/p>\n<ul>\n<li><strong><span style=\"font-size: 16px;\">&#8222;Rund um die 70. Minute hatte Dominik Ortega Tapia dann noch eine gute M\u00f6glichkeit \u2013 wenn wir die genutzt h\u00e4tten, w\u00fcrde das Ganze jetzt anders aussehen.&#8220; (Zeilsheims Co-Trainer Benjamin Apidopoulos)<\/span><\/strong><\/li>\n<\/ul>\n<p><span style=\"font-size: 16px;\">Das 1:1 durch Samed G\u00fcrsoy sei eine Genugtuung f\u00fcr den Einsatz, den man in Waldbrunn gezeigt habe, sagt der Coach weiter. Andr\u00e9 Flie\u00df musste verletzt runter, f\u00fcr ihn kam Jonatan Tesfaldet. &#8222;In der 2. \u00a0Halbzeit war es ein ausgeglichenes Spiel mit Chancen auf beiden Seiten. F\u00fcr die wirklich zwingenden Chancen hat uns heute der letzte Ball gefehlt. Rund um die 70. Minute hatte Dominik Ortega Tapia dann noch eine gute M\u00f6glichkeit \u2013 wenn wir die genutzt h\u00e4tten, w\u00fcrde das Ganze jetzt anders aussehen. Ich muss aber ehrlich gestehen, dass auch Waldbrunn auch gute Chance hatte, daher k\u00f6nnen wir mit dem 1:1 leben.&#8220;<\/span><\/p>\n<p><span style=\"font-size: 16px;\"> Somit bleiben die \u201eGr\u00fcne\u201c vorerst Tabellenf\u00fchrer. Allerdings sitzt den Zeilsheimern weiterhin der FV Biebrich im Nacken, der mit einem Spiel weniger noch die Chance hat, vorbeizuziehen. Zudem konnten die weiteren Verfolger Germania Okriftel, SV Wiesbaden und TuBa Pohlheim mit ihren Heimsiegen Boden gutmachen. Es bleibt \u00e4u\u00dferst spannend in der Verbandsliga Mitte.<\/span><\/p>\n<ul>\n<li><strong><span style=\"font-size: 16px;\">Schiedsrichter: Dominik Br\u00e4unche (TSV Bicken).<\/span><\/strong><\/li>\n<li><strong><span style=\"font-size: 16px;\">Zuschauer: 200.<\/span><\/strong><\/li>\n<li><strong><span style=\"font-size: 16px;\">Tore: 1:0 Louis R\u00f6der (35.), 1:1 Abdussamed G\u00fcrsoy (45.\/Foulelfmeter).<\/span><\/strong><\/li>\n<\/ul>\n","protected":false},"excerpt":{"rendered":"<p>Beim Tabellenachten FC Waldbrunn kam der SV Zeilsheim nicht \u00fcber ein 1:1 hinaus, bleibt aber an der Spitze der Verbandsliga Mitte.\u00a0 FC Waldbrunn &#8211; SV Zeilsheim 1:1 (1:1) Im Top-Spiel zwischen dem Tabellenf\u00fchrer der Verbandsliga Mitte SV Zeilsheim und dem FC Waldbrunn kam es zu einem 1:1. F\u00fcr den SV ist es das dritte Remis [&hellip;]<\/p>\n","protected":false},"author":1,"featured_media":22051,"comment_status":"closed","ping_status":"closed","sticky":true,"template":"","format":"standard","meta":{"footnotes":""},"categories":[32],"tags":[],"class_list":["post-22050","post","type-post","status-publish","format-standard","has-post-thumbnail","hentry","category-verbandsliga-mitte"],"_links":{"self":[{"href":"https:\/\/insideamateurfussball-ffm.de\/index.php?rest_route=\/wp\/v2\/posts\/22050","targetHints":{"allow":["GET"]}}],"collection":[{"href":"https:\/\/insideamateurfussball-ffm.de\/index.php?rest_route=\/wp\/v2\/posts"}],"about":[{"href":"https:\/\/insideamateurfussball-ffm.de\/index.php?rest_route=\/wp\/v2\/types\/post"}],"author":[{"embeddable":true,"href":"https:\/\/insideamateurfussball-ffm.de\/index.php?rest_route=\/wp\/v2\/users\/1"}],"replies":[{"embeddable":true,"href":"https:\/\/insideamateurfussball-ffm.de\/index.php?rest_route=%2Fwp%2Fv2%2Fcomments&post=22050"}],"version-history":[{"count":1,"href":"https:\/\/insideamateurfussball-ffm.de\/index.php?rest_route=\/wp\/v2\/posts\/22050\/revisions"}],"predecessor-version":[{"id":22056,"href":"https:\/\/insideamateurfussball-ffm.de\/index.php?rest_route=\/wp\/v2\/posts\/22050\/revisions\/22056"}],"wp:featuredmedia":[{"embeddable":true,"href":"https:\/\/insideamateurfussball-ffm.de\/index.php?rest_route=\/wp\/v2\/media\/22051"}],"wp:attachment":[{"href":"https:\/\/insideamateurfussball-ffm.de\/index.php?rest_route=%2Fwp%2Fv2%2Fmedia&parent=22050"}],"wp:term":[{"taxonomy":"category","embeddable":true,"href":"https:\/\/insideamateurfussball-ffm.de\/index.php?rest_route=%2Fwp%2Fv2%2Fcategories&post=22050"},{"taxonomy":"post_tag","embeddable":true,"href":"https:\/\/insideamateurfussball-ffm.de\/index.php?rest_route=%2Fwp%2Fv2%2Ftags&post=22050"}],"curies":[{"name":"wp","href":"https:\/\/api.w.org\/{rel}","templated":true}]}}