{"id":22049,"date":"2024-10-28T18:05:54","date_gmt":"2024-10-28T16:05:54","guid":{"rendered":"https:\/\/insideamateurfussball-ffm.de\/?p=22049"},"modified":"2024-10-28T18:05:54","modified_gmt":"2024-10-28T16:05:54","slug":"tempo-holt-wichtigen-sieg-gegen-koenigstein","status":"publish","type":"post","link":"https:\/\/insideamateurfussball-ffm.de\/?p=22049","title":{"rendered":"Tempo holt wichtigen Sieg gegen K\u00f6nigstein"},"content":{"rendered":"<h4>Im Kellerduell konnte sich der FC Tempo dank einer guten Chancenverwertung mit 4:2 gegen den 1.FC-TSG K\u00f6nigstein durchsetzen und sich mit jetzt 17 Punkten auf Platz 11 verbessern.<\/h4>\n<figure id=\"attachment_20736\" aria-describedby=\"caption-attachment-20736\" style=\"width: 640px\" class=\"wp-caption alignnone\"><img loading=\"lazy\" decoding=\"async\" class=\"wp-image-20736 size-full\" src=\"http:\/\/insideamateurfussball-ffm.de\/wp-content\/uploads\/2024\/09\/tempooberrad17.jpg\" alt=\"\" width=\"640\" height=\"480\" srcset=\"https:\/\/insideamateurfussball-ffm.de\/wp-content\/uploads\/2024\/09\/tempooberrad17.jpg 640w, https:\/\/insideamateurfussball-ffm.de\/wp-content\/uploads\/2024\/09\/tempooberrad17-300x225.jpg 300w\" sizes=\"auto, (max-width: 640px) 100vw, 640px\" \/><figcaption id=\"caption-attachment-20736\" class=\"wp-caption-text\">Der Mannschaft von Tempo gelang ein wichtiger Sieg im Abstiegskampf. Foto: Archiv<\/figcaption><\/figure>\n<h4>FC Tempo &#8211; 1.FC-TSG K\u00f6nigstein 4:2 (3:2)<\/h4>\n<p><img loading=\"lazy\" decoding=\"async\" class=\"alignnone size-full wp-image-31\" src=\"http:\/\/insideamateurfussball-ffm.de\/wp-content\/uploads\/2021\/11\/Tempo.jpg\" alt=\"\" width=\"80\" height=\"80\" \/><img loading=\"lazy\" decoding=\"async\" class=\"alignnone size-full wp-image-1396\" src=\"http:\/\/insideamateurfussball-ffm.de\/wp-content\/uploads\/2022\/07\/koenigstein.png\" alt=\"\" width=\"80\" height=\"72\" \/><\/p>\n<p>Der FC Tempo wollte gegen den Tabellenvorletzten unbedingt gewinnen, um sich etwas aus dem Tabellenkeller abzusetzen, am Ende gelang dieses Vorhaben, auch wenn das Spiel der Gastgeber nicht \u00fcberzeugend war, aber mit einer guten Effektivit\u00e4t vor dem gegnerischen Tor konnte man die drei Punkte in Ginnheim behalten. Bemerkenswert, dass es im 14.Spiel bereits das 11.Ausw\u00e4rtsspiel f\u00fcr den 1.FC-TSG K\u00f6nigstein war.<\/p>\n<p>Bereits in der 4.Minute konnten die Gastgeber durch ein Tor von Nikola Radakovic das 1:0 erzielen, doch das brachte keine Ruhe in die eigenen Reihen. Und in der 15.Minute konnten die K\u00f6nigsteiner durch Belal Dashti ausgleichen. In der 24.Minute die erneute F\u00fchrung f\u00fcr Tempo, Ivan Grgic war zum 2:1 erfolgreich, das dann Goran Grijak zum eigentlich beruhigenden 3:1 in der 33.Minute ausbauen konnte.<\/p>\n<p>Doch zu einem ungl\u00fccklichen Zeitpunkt kamen die G\u00e4ste wieder heran, fast mit der letzten Aktion der ersten Spielh\u00e4lfte erzielte Silvio Maden Carreno den 2:3-pausenstand aus Sicht der K\u00f6nigsteiner. Auch in der zweiten Halbzeit war es kein hochklassiges Spiel, doch der FC Tempo war vor dem Tor an diesem Tag eiskalt, in der 61.Minute war es erneut Goran Grijak, der mit dem 4:2 die Vorentscheidung erzielte. Alle weiteren Bem\u00fchungen beider Mannschaften scheiterten bis zum Schlusspfiff, und so kam Tempo zu einem wichtigen Sieg und konnte sich weiter von den Abstiegspl\u00e4tzen absetzen.<\/p>\n<p>Der Kommentar von Tempos Sportlichem Leiter Zoran Marcetic: \u201ees war eine geschlossene Mannschaftsleitung im Kellerduell, wo wir mit wenigen Torchancen den Gegner bestraft haben und eine gute Torausbeute hatten.\u201c Am n\u00e4chsten Wochenende muss der FC Tempo reisen, beim FC Kaichen geht es erneut gegen ein Team aus dem Tabellenkeller, das die letzten 10 Spiele verloren hat.<\/p>\n<h4>Schiedsrichter: Christian Vogel (TuS Kernel). Zuschauer: 110.<\/h4>\n<h4>Tore: 1:0 Nikola Radakovic (4.), 1:1 Belal Dashti (15.), 2:1 Ivan Grgic (24.), 3:1 Goran Grijak (33.), 3:2 Silvio Maden Carreno (45.), 4:2 Goran Grijak (61.)<\/h4>\n","protected":false},"excerpt":{"rendered":"<p>Im Kellerduell konnte sich der FC Tempo dank einer guten Chancenverwertung mit 4:2 gegen den 1.FC-TSG K\u00f6nigstein durchsetzen und sich mit jetzt 17 Punkten auf Platz 11 verbessern. FC Tempo &#8211; 1.FC-TSG K\u00f6nigstein 4:2 (3:2) Der FC Tempo wollte gegen den Tabellenvorletzten unbedingt gewinnen, um sich etwas aus dem Tabellenkeller abzusetzen, am Ende gelang dieses [&hellip;]<\/p>\n","protected":false},"author":3,"featured_media":20736,"comment_status":"closed","ping_status":"open","sticky":true,"template":"","format":"standard","meta":{"footnotes":""},"categories":[13],"tags":[],"class_list":["post-22049","post","type-post","status-publish","format-standard","has-post-thumbnail","hentry","category-gruppenliga-frankfurt-west"],"_links":{"self":[{"href":"https:\/\/insideamateurfussball-ffm.de\/index.php?rest_route=\/wp\/v2\/posts\/22049","targetHints":{"allow":["GET"]}}],"collection":[{"href":"https:\/\/insideamateurfussball-ffm.de\/index.php?rest_route=\/wp\/v2\/posts"}],"about":[{"href":"https:\/\/insideamateurfussball-ffm.de\/index.php?rest_route=\/wp\/v2\/types\/post"}],"author":[{"embeddable":true,"href":"https:\/\/insideamateurfussball-ffm.de\/index.php?rest_route=\/wp\/v2\/users\/3"}],"replies":[{"embeddable":true,"href":"https:\/\/insideamateurfussball-ffm.de\/index.php?rest_route=%2Fwp%2Fv2%2Fcomments&post=22049"}],"version-history":[{"count":2,"href":"https:\/\/insideamateurfussball-ffm.de\/index.php?rest_route=\/wp\/v2\/posts\/22049\/revisions"}],"predecessor-version":[{"id":22053,"href":"https:\/\/insideamateurfussball-ffm.de\/index.php?rest_route=\/wp\/v2\/posts\/22049\/revisions\/22053"}],"wp:featuredmedia":[{"embeddable":true,"href":"https:\/\/insideamateurfussball-ffm.de\/index.php?rest_route=\/wp\/v2\/media\/20736"}],"wp:attachment":[{"href":"https:\/\/insideamateurfussball-ffm.de\/index.php?rest_route=%2Fwp%2Fv2%2Fmedia&parent=22049"}],"wp:term":[{"taxonomy":"category","embeddable":true,"href":"https:\/\/insideamateurfussball-ffm.de\/index.php?rest_route=%2Fwp%2Fv2%2Fcategories&post=22049"},{"taxonomy":"post_tag","embeddable":true,"href":"https:\/\/insideamateurfussball-ffm.de\/index.php?rest_route=%2Fwp%2Fv2%2Ftags&post=22049"}],"curies":[{"name":"wp","href":"https:\/\/api.w.org\/{rel}","templated":true}]}}