{"id":22001,"date":"2024-10-25T11:45:00","date_gmt":"2024-10-25T09:45:00","guid":{"rendered":"https:\/\/insideamateurfussball-ffm.de\/?p=22001"},"modified":"2024-10-27T21:15:18","modified_gmt":"2024-10-27T19:15:18","slug":"roedelheim-setzt-sich-in-bockenheim-zu-hoch-durch","status":"publish","type":"post","link":"https:\/\/insideamateurfussball-ffm.de\/?p=22001","title":{"rendered":"R\u00f6delheim setzt sich in Bockenheim zu hoch durch"},"content":{"rendered":"<h5><span style=\"font-size: 16px;\">Der 1. R\u00f6delheimer FC 02 setzte sich im Achtelfinale des Kreispokals im Nachbarschaftsduell beim in der Kreisliga A angesiedelten VfR Bockenheim mit 5:1 (2:0) durch. Im Viertelfinale erwartet der Kreisoberligist am 15. Februar 2025 den Titelverteidiger und Gruppenliga-Tabellenf\u00fchrer FC Kalbach.\u00a0<\/span><\/h5>\n<figure id=\"attachment_22002\" aria-describedby=\"caption-attachment-22002\" style=\"width: 652px\" class=\"wp-caption alignleft\"><img loading=\"lazy\" decoding=\"async\" class=\"wp-image-22002\" src=\"http:\/\/insideamateurfussball-ffm.de\/wp-content\/uploads\/2024\/10\/roe-bo4-1024x768.jpg\" alt=\"\" width=\"652\" height=\"489\" srcset=\"https:\/\/insideamateurfussball-ffm.de\/wp-content\/uploads\/2024\/10\/roe-bo4-1024x768.jpg 1024w, https:\/\/insideamateurfussball-ffm.de\/wp-content\/uploads\/2024\/10\/roe-bo4-300x225.jpg 300w, https:\/\/insideamateurfussball-ffm.de\/wp-content\/uploads\/2024\/10\/roe-bo4-768x576.jpg 768w, https:\/\/insideamateurfussball-ffm.de\/wp-content\/uploads\/2024\/10\/roe-bo4-1536x1152.jpg 1536w, https:\/\/insideamateurfussball-ffm.de\/wp-content\/uploads\/2024\/10\/roe-bo4.jpg 2048w\" sizes=\"auto, (max-width: 652px) 100vw, 652px\" \/><figcaption id=\"caption-attachment-22002\" class=\"wp-caption-text\">Die Kapit\u00e4ne Gianluca Gioia (R\u00f6delheim\/links) und Norman Syed (Bockenheim\/rechts) mit Schiedsrichter Florian M\u00f6ller bei der Platzwahl. Foto: PA.<\/figcaption><\/figure>\n<h5><span style=\"font-size: 16px;\">VfR Bockenheim &#8211; 1. FC 02 R\u00f6delheim 1:5 (0:2)<\/span><\/h5>\n<p><img loading=\"lazy\" decoding=\"async\" class=\"alignnone size-full wp-image-334\" src=\"http:\/\/insideamateurfussball-ffm.de\/wp-content\/uploads\/2022\/05\/Bockenheim.jpg\" alt=\"\" width=\"78\" height=\"80\" \/><img loading=\"lazy\" decoding=\"async\" class=\"alignnone size-full wp-image-932\" src=\"http:\/\/insideamateurfussball-ffm.de\/wp-content\/uploads\/2022\/06\/Roedelheim.jpg\" alt=\"\" width=\"80\" height=\"73\" \/><\/p>\n<p><span style=\"font-size: 16px;\">Die Pokalpartie begann bereits um 19 Uhr, weil auf der Bezirkssportanlage West ein st\u00e4dtischer Platzwart t\u00e4tig ist. Auf dem aus vereinshistorischer Sicht Karl-Reichel-Sportst\u00e4tte genannten Sportplatz ging der Favorit fr\u00fch nach einer Flanke von der rechten Seite durch Jakob Nobbe in F\u00fchrung (5.). <\/span><\/p>\n<p><span style=\"font-size: 16px;\">Danach \u00fcbernahm der Au\u00dfenseiter die Initiative, kam zu einer dicken Chancen durch Kapit\u00e4n Norman Syed (10.). Kurz darauf lief ein Jugendspieler einfach quer \u00fcber den Platz und nahm die Rolle eines Flitzers ein. Beide Teams und Schiedsrichter Florian M\u00f6ller nahmen es mit Humor. Die Gastgeber waren bis zum Pausentee weiter tonangebend, hatten einen Freisto\u00df von Georgios Nasios \u00fcber das Tor. Kurz darauf rettete der R\u00f6delheimer Mohamed Elidrissi Errahhali auf der Torlinie. Das Trainerteam der G\u00e4ste mit Arazm Saghafi und Matthias Przerwok reagierte nach 37 Minuten, brachte mit Niklas Vogt und Adam Zazoua zwei neue Offensivkr\u00e4fte. Kurz vor der Pause traf Syed per Kopfball die Latte, der Nachschuss ging vorbei. Bockenheim h\u00e4tte sich den Ausgleich verdient gehabt. Stattdessen kam der RFC in der Nachspielzeit des ersten Durchgangs durch Errahhali zum schmeichelhaften 2:0 (45.\/+1). Nach dem Seitenwechsel fiel dann nach einer Ecke der Anschlusstreffer durch Viet Khanh Nguyen (56.). Postwendend aber gab R\u00f6delheim die Antwort durch Zazoua (58.) und Vogt erh\u00f6hte auf 4:1 (60.).<\/span><\/p>\n<ul>\n<li><strong><span style=\"font-size: 16px;\"> &#8222;In der ersten Halbzeit waren wir klar die bessere Mannschaft.&#8220; (Bockenheims Trainer Marko Motika)<\/span><\/strong><\/li>\n<\/ul>\n<p><span style=\"font-size: 16px;\">Damit war das Spiel zwar entschieden, aber Bockenheim gab nie auf und spielte weiter nach vorne. Aufgrund der Zeitstrafe gegen RFC-Akteur Jun Sub Byun (ab 72.) war der VfR f\u00fcr zehn Minuten in \u00dcberzahl. Letztlich reichte es aber nicht zu einem zweiten Treffer f\u00fcr den Tabellenf\u00fcnften der A-Klasse 1. Stattdessen setzte R\u00f6delheim noch einen Konter und schraubte das Resultat durch Mert \u00d6zbek auf ein viel zu hohes 5:1 (90.\/+3). VfR-Trainer Marko Motika war mit dem Auftritt seines Teams sehr zufrieden: &#8222;In der ersten Halbzeit waren wir klar die bessere Mannschaft. Individuelle Fehler haben uns in den R\u00fcckstand geraten lassen. R\u00f6delheim hatte keine Antwort gegen unser Pressing am Sechzehner. Die haben versucht hinten raus zu spielen, aber wir haben sie mit unserem Mittelfeld zugestellt. Leider haben wir die Vielzahl an Chancen nicht gemacht. Das hat man auch gleich in der zweiten Halbzeit nach dem 1:2 gemerkt, denn der Gegner hat brutal seine f\u00fcnf Torsch\u00fcsse rein gemacht.&#8220; Motika, der die Mannschaft vor der Runde \u00fcbernahm, f\u00fcgte an: &#8222;Mein Ziel war es in der Liga, die Defensive zu stabilisieren. Im Vergleich zum letzten Jahr haben wir 32 Saisontore weniger kassiert nach 14 Spielen. Unsere Ergebnisse sind Fu\u00dfball-Ergebnisse geworden. Das klare Ziel ist ein einstelliger Tabellenplatz. Wir bauen hier was auf und wollen in den n\u00e4chsten zwei bis drei Jahren in die KOL zur\u00fcckkehren.&#8220; <\/span><\/p>\n<p><span style=\"font-size: 16px;\">R\u00f6delheims Trainer Arazm Saghafi zog folgendes Fazit: &#8222;Ich fand den Gegner sehr engagiert und mit einem klaren Plan gespielt. Da hatten wir anfangs mit dem hohen Pressing Probleme. In der zweiten Halbzeit haben wir uns individuell gesteigert. Unseren Plan haben wir dann besser durchgezogen, haben uns nicht mehr so reindr\u00e4ngen lassen. Durch sehr gute Leistungen von Mo Elidrissi zum Beispiel haben wir den verdienten Sieg geholt. In der ersten Halbzeit war der Gegner besser, aber in der Summe durch unsere bessere zweite Halbzeit finde ich den Sieg in Ordnung.&#8220; Saghafi freut sich \u00fcber den Einzug ins Viertelfinale: &#8222;Wir sind so weit gekommen und nehmen den Pokal so ernst es geht. Mit dem Kader, den wir zur Verf\u00fcgung haben, versuchen wir etwas zu rotieren, aber trotzdem ernst zu spielen. Wir hatten nicht so h\u00e4ufig das Vergn\u00fcgen, so weit zu kommen und im Halbfinale waren wir noch nie, von daher w\u00e4re es sch\u00f6n, das zu erreichen.&#8220; F\u00fcr Bockenheim geht es in der Kreisliga A am Sonntag mit dem Ausw\u00e4rtsspiel beim SV Blau-Gelb weiter (15 Uhr). Zeitgleich gibt R\u00f6delheim in der Kreisoberliga seine Visitenkarte beim SV 07 Heddernheim ab.\u00a0 <\/span><\/p>\n<ul>\n<li><span style=\"font-size: 16px;\"><strong>Schiedsrichter: Florian M\u00f6ller (FC Union Niederrad).<\/strong><\/span><\/li>\n<li><span style=\"font-size: 16px;\"><strong>Zuschauer: 71.<\/strong><\/span><\/li>\n<li><span style=\"font-size: 16px;\"><strong>Tore: 0:1 Jakob Nobbe (5.), 0:2 Mohamed Elidrissi Errahhali (45.\/+1), 1:2 Viet Khanh Nguyen (56.), 1:3 Adam Zazoua (58.), 1:4 Niklas Vogt (60.), 1:5 Mert \u00d6zbek (90.\/+3).<\/strong>\u00a0 \u00a0<\/span><\/li>\n<\/ul>\n\n\n<figure class=\"wp-block-gallery has-nested-images columns-default is-cropped wp-block-gallery-1 is-layout-flex wp-block-gallery-is-layout-flex\">\n<figure class=\"wp-block-image size-large\"><img loading=\"lazy\" decoding=\"async\" width=\"1024\" height=\"768\" data-id=\"22006\" src=\"https:\/\/insideamateurfussball-ffm.de\/wp-content\/uploads\/2024\/10\/roe-bo1-1024x768.jpg\" alt=\"\" class=\"wp-image-22006\" srcset=\"https:\/\/insideamateurfussball-ffm.de\/wp-content\/uploads\/2024\/10\/roe-bo1-1024x768.jpg 1024w, https:\/\/insideamateurfussball-ffm.de\/wp-content\/uploads\/2024\/10\/roe-bo1-300x225.jpg 300w, https:\/\/insideamateurfussball-ffm.de\/wp-content\/uploads\/2024\/10\/roe-bo1-768x576.jpg 768w, https:\/\/insideamateurfussball-ffm.de\/wp-content\/uploads\/2024\/10\/roe-bo1-1536x1152.jpg 1536w, https:\/\/insideamateurfussball-ffm.de\/wp-content\/uploads\/2024\/10\/roe-bo1.jpg 2048w\" sizes=\"auto, (max-width: 1024px) 100vw, 1024px\" \/><\/figure>\n<\/figure>\n\n\n\n<figure class=\"wp-block-gallery has-nested-images columns-default is-cropped wp-block-gallery-2 is-layout-flex wp-block-gallery-is-layout-flex\">\n<figure class=\"wp-block-image size-large\"><img loading=\"lazy\" decoding=\"async\" width=\"1024\" height=\"768\" data-id=\"22007\" src=\"https:\/\/insideamateurfussball-ffm.de\/wp-content\/uploads\/2024\/10\/roe-bo2-1024x768.jpg\" alt=\"\" class=\"wp-image-22007\" srcset=\"https:\/\/insideamateurfussball-ffm.de\/wp-content\/uploads\/2024\/10\/roe-bo2-1024x768.jpg 1024w, https:\/\/insideamateurfussball-ffm.de\/wp-content\/uploads\/2024\/10\/roe-bo2-300x225.jpg 300w, https:\/\/insideamateurfussball-ffm.de\/wp-content\/uploads\/2024\/10\/roe-bo2-768x576.jpg 768w, https:\/\/insideamateurfussball-ffm.de\/wp-content\/uploads\/2024\/10\/roe-bo2-1536x1152.jpg 1536w, https:\/\/insideamateurfussball-ffm.de\/wp-content\/uploads\/2024\/10\/roe-bo2.jpg 2048w\" sizes=\"auto, (max-width: 1024px) 100vw, 1024px\" \/><\/figure>\n<\/figure>\n\n\n\n<figure class=\"wp-block-gallery has-nested-images columns-default is-cropped wp-block-gallery-3 is-layout-flex wp-block-gallery-is-layout-flex\">\n<figure class=\"wp-block-image size-large\"><img loading=\"lazy\" decoding=\"async\" width=\"1024\" height=\"768\" data-id=\"22008\" src=\"https:\/\/insideamateurfussball-ffm.de\/wp-content\/uploads\/2024\/10\/roe-bo3-1024x768.jpg\" alt=\"\" class=\"wp-image-22008\" srcset=\"https:\/\/insideamateurfussball-ffm.de\/wp-content\/uploads\/2024\/10\/roe-bo3-1024x768.jpg 1024w, https:\/\/insideamateurfussball-ffm.de\/wp-content\/uploads\/2024\/10\/roe-bo3-300x225.jpg 300w, https:\/\/insideamateurfussball-ffm.de\/wp-content\/uploads\/2024\/10\/roe-bo3-768x576.jpg 768w, https:\/\/insideamateurfussball-ffm.de\/wp-content\/uploads\/2024\/10\/roe-bo3-1536x1152.jpg 1536w, https:\/\/insideamateurfussball-ffm.de\/wp-content\/uploads\/2024\/10\/roe-bo3.jpg 2048w\" sizes=\"auto, (max-width: 1024px) 100vw, 1024px\" \/><\/figure>\n<\/figure>\n\n\n\n<figure class=\"wp-block-gallery has-nested-images columns-default is-cropped wp-block-gallery-4 is-layout-flex wp-block-gallery-is-layout-flex\">\n<figure class=\"wp-block-image size-large\"><img loading=\"lazy\" decoding=\"async\" width=\"1024\" height=\"768\" data-id=\"22009\" src=\"https:\/\/insideamateurfussball-ffm.de\/wp-content\/uploads\/2024\/10\/roe-bo5-1024x768.jpg\" alt=\"\" class=\"wp-image-22009\" srcset=\"https:\/\/insideamateurfussball-ffm.de\/wp-content\/uploads\/2024\/10\/roe-bo5-1024x768.jpg 1024w, https:\/\/insideamateurfussball-ffm.de\/wp-content\/uploads\/2024\/10\/roe-bo5-300x225.jpg 300w, https:\/\/insideamateurfussball-ffm.de\/wp-content\/uploads\/2024\/10\/roe-bo5-768x576.jpg 768w, https:\/\/insideamateurfussball-ffm.de\/wp-content\/uploads\/2024\/10\/roe-bo5-1536x1152.jpg 1536w, https:\/\/insideamateurfussball-ffm.de\/wp-content\/uploads\/2024\/10\/roe-bo5.jpg 2048w\" sizes=\"auto, (max-width: 1024px) 100vw, 1024px\" \/><\/figure>\n<\/figure>\n\n\n\n<figure class=\"wp-block-gallery has-nested-images columns-default is-cropped wp-block-gallery-5 is-layout-flex wp-block-gallery-is-layout-flex\">\n<figure class=\"wp-block-image size-large\"><img loading=\"lazy\" decoding=\"async\" width=\"1024\" height=\"768\" data-id=\"22010\" src=\"https:\/\/insideamateurfussball-ffm.de\/wp-content\/uploads\/2024\/10\/roe-bo6-1024x768.jpg\" alt=\"\" class=\"wp-image-22010\" srcset=\"https:\/\/insideamateurfussball-ffm.de\/wp-content\/uploads\/2024\/10\/roe-bo6-1024x768.jpg 1024w, https:\/\/insideamateurfussball-ffm.de\/wp-content\/uploads\/2024\/10\/roe-bo6-300x225.jpg 300w, https:\/\/insideamateurfussball-ffm.de\/wp-content\/uploads\/2024\/10\/roe-bo6-768x576.jpg 768w, https:\/\/insideamateurfussball-ffm.de\/wp-content\/uploads\/2024\/10\/roe-bo6-1536x1152.jpg 1536w, https:\/\/insideamateurfussball-ffm.de\/wp-content\/uploads\/2024\/10\/roe-bo6.jpg 2048w\" sizes=\"auto, (max-width: 1024px) 100vw, 1024px\" \/><\/figure>\n<\/figure>\n","protected":false},"excerpt":{"rendered":"<p>Der 1. R\u00f6delheimer FC 02 setzte sich im Achtelfinale des Kreispokals im Nachbarschaftsduell beim in der Kreisliga A angesiedelten VfR Bockenheim mit 5:1 (2:0) durch. Im Viertelfinale erwartet der Kreisoberligist am 15. Februar 2025 den Titelverteidiger und Gruppenliga-Tabellenf\u00fchrer FC Kalbach.\u00a0 VfR Bockenheim &#8211; 1. FC 02 R\u00f6delheim 1:5 (0:2) Die Pokalpartie begann bereits um 19 [&hellip;]<\/p>\n","protected":false},"author":1,"featured_media":22002,"comment_status":"closed","ping_status":"closed","sticky":true,"template":"","format":"standard","meta":{"footnotes":""},"categories":[9],"tags":[],"class_list":["post-22001","post","type-post","status-publish","format-standard","has-post-thumbnail","hentry","category-kreispokal"],"_links":{"self":[{"href":"https:\/\/insideamateurfussball-ffm.de\/index.php?rest_route=\/wp\/v2\/posts\/22001","targetHints":{"allow":["GET"]}}],"collection":[{"href":"https:\/\/insideamateurfussball-ffm.de\/index.php?rest_route=\/wp\/v2\/posts"}],"about":[{"href":"https:\/\/insideamateurfussball-ffm.de\/index.php?rest_route=\/wp\/v2\/types\/post"}],"author":[{"embeddable":true,"href":"https:\/\/insideamateurfussball-ffm.de\/index.php?rest_route=\/wp\/v2\/users\/1"}],"replies":[{"embeddable":true,"href":"https:\/\/insideamateurfussball-ffm.de\/index.php?rest_route=%2Fwp%2Fv2%2Fcomments&post=22001"}],"version-history":[{"count":3,"href":"https:\/\/insideamateurfussball-ffm.de\/index.php?rest_route=\/wp\/v2\/posts\/22001\/revisions"}],"predecessor-version":[{"id":22016,"href":"https:\/\/insideamateurfussball-ffm.de\/index.php?rest_route=\/wp\/v2\/posts\/22001\/revisions\/22016"}],"wp:featuredmedia":[{"embeddable":true,"href":"https:\/\/insideamateurfussball-ffm.de\/index.php?rest_route=\/wp\/v2\/media\/22002"}],"wp:attachment":[{"href":"https:\/\/insideamateurfussball-ffm.de\/index.php?rest_route=%2Fwp%2Fv2%2Fmedia&parent=22001"}],"wp:term":[{"taxonomy":"category","embeddable":true,"href":"https:\/\/insideamateurfussball-ffm.de\/index.php?rest_route=%2Fwp%2Fv2%2Fcategories&post=22001"},{"taxonomy":"post_tag","embeddable":true,"href":"https:\/\/insideamateurfussball-ffm.de\/index.php?rest_route=%2Fwp%2Fv2%2Ftags&post=22001"}],"curies":[{"name":"wp","href":"https:\/\/api.w.org\/{rel}","templated":true}]}}