{"id":2200,"date":"2022-08-23T15:56:58","date_gmt":"2022-08-23T13:56:58","guid":{"rendered":"http:\/\/insideamateurfussball-ffm.de\/?p=2200"},"modified":"2025-01-08T14:26:12","modified_gmt":"2025-01-08T13:26:12","slug":"hausen-erledigt-westend-in-halber-stunde","status":"publish","type":"post","link":"https:\/\/insideamateurfussball-ffm.de\/?p=2200","title":{"rendered":"Hausen erledigt Westend in halber Stunde"},"content":{"rendered":"<h4>Der FV Hausen ist mit sieben Punkten aus drei Spielen gut in die neue Saison gestartet und belegt nach dem glatten 3:0-Sieg bei Gruppenliga-Absteiger SG Westend punktgleich mit Tabellenf\u00fchrer Concordia Eschersheim den zweiten Tabellenplatz. Der 35-j\u00e4hrige neue St\u00fcrmer Lukas H\u00f6ll schn\u00fcrte einen Doppelpack und hat bereits f\u00fcnf Treffer auf seinem Konto.<\/h4>\n<figure id=\"attachment_2201\" aria-describedby=\"caption-attachment-2201\" style=\"width: 310px\" class=\"wp-caption alignnone\"><img loading=\"lazy\" decoding=\"async\" class=\"wp-image-2201\" src=\"http:\/\/insideamateurfussball-ffm.de\/wp-content\/uploads\/2022\/08\/hau-4-1-300x205.jpg\" alt=\"\" width=\"310\" height=\"212\" \/><figcaption id=\"caption-attachment-2201\" class=\"wp-caption-text\">Ein Teamfoto aus der letzten Saison, in der Hausen nicht ganz so erfolgreich war wie aktuell. Foto: Mithat G\u00fcrser.<\/figcaption><\/figure>\n<h4>SG Westend &#8211; FV Hausen 0:3 (0:3)<\/h4>\n<p><img loading=\"lazy\" decoding=\"async\" class=\"alignnone size-full wp-image-611\" src=\"http:\/\/insideamateurfussball-ffm.de\/wp-content\/uploads\/2022\/06\/Westend.png\" alt=\"\" width=\"69\" height=\"80\" \/><img loading=\"lazy\" decoding=\"async\" class=\"alignnone size-full wp-image-28\" src=\"http:\/\/insideamateurfussball-ffm.de\/wp-content\/uploads\/2021\/11\/Hausen.jpg\" alt=\"\" width=\"80\" height=\"60\" \/><\/p>\n<p><span style=\"color: #003300;\">Nach dem Abstieg aus der Gruppenliga Frankfurt West bekam die SG Westend f\u00fcr das Kreispokalspiel bei Germania Enkheim und das erste Ligaspiel gegen den SV Heddernheim keine Mannschaft zusammen. Es kursierten schon R\u00fcckzugsger\u00fcchte, aber seit dem 2. Spieltag nimmt der Club von der Sondershausenstra\u00dfe wieder am Spielbetrieb der Kreisoberliga teil. Mit dem 3:1-Sieg bei Mitabsteiger TSG Niederrad konnte mit einer stark ver\u00e4nderten Truppe immerhin schon ein Erfolgserlebnis gefeiert werden. Im Heimspiel gegen Hausen setzte es allerdings eine klare 0:3-Heimniederlage. &#8222;Wir haben nun mit Fuad Salihovic einen Spielertrainer und m\u00fcssen uns erstmal einspielen, um ins Rollen zu kommen. Wir wollen Punkte sammeln und keinen Druck aufbauen und dann schauen, wo wir in der Winterpause stehen&#8220;, blickt der Sportliche Leiter Thomas Horn gelassen auf die kommenden Monate voraus. <\/span><\/p>\n<p><span style=\"color: #003300;\">Wichtig ist ihm zu betonen, dass auch k\u00fcnftig mit dem vorhandenen Personal Fu\u00dfball bei der SG Westend gespielt wird. Gegen den FV Hausen war die Partie vor lediglich 20 Zuschauern aber schon nach einer halben Stunde gelaufen. Steffen Pinto de Sousa mit einem Kopfball an die Unterkante der Latte, den er selbst abstaubte (4.) und der aus Praunheim geholte Routinier H\u00f6ll aus kurzer Distanz (8.) legten auf dem gro\u00dfen Rasenplatz einen 2:0-Vorsprung vor, der den Lila-Wei\u00dfen angesichts der hohen Sp\u00e4tsommertemperaturen in die Karten spielte.<\/span><\/p>\n<h4>Hausen l\u00e4sst nach der Pause Westend kommen<\/h4>\n<p><span style=\"color: #003300;\">&#8222;Der Platz war auch gar nicht so schlecht bespielbar wie von uns vermutet&#8220;, schilderte FVH-Coach Federico da Costa Coutinho. &#8222;Der Gegner wirkte in den ersten 20 Minuten sehr unsortiert, als sie sich sortiert hatten stand es schon 3:0 f\u00fcr uns.&#8220; H\u00f6ll hatte einen Foulelfmeter verwandelt (29.). Nach dem Seitenwechsel lie\u00df Hausen die Gastgeber kommen, um Kr\u00e4fte zu sparen. &#8222;Westend hat einige gute Spieler, die mit dem Ball umgehen k\u00f6nnen. Wenn da alle an Bord sind, kann die Mannschaft fu\u00dfballerisch unter die ersten f\u00fcnf kommen. Positiv zu erw\u00e4hnen, dass das Spiel zwar hart, aber mehr als fair war&#8220;, lobte Coutinho den Gegner. <\/span><\/p>\n<p><span style=\"color: #003300;\">&#8222;Wir haben es seri\u00f6s runter gespielt, die Null gehalten, obwohl Westend zweimal Aluminium traf. Alles in allem bin ich mit dem Auftritt sehr zufrieden, denn Westend ist eine sehr unangenehme Mannschaft.&#8220; Die ohne Vorbereitungsspiel versp\u00e4tet in die Runde startete, mit Romal Naziri, Fuad Salihovic und Rejhan Poturovic aber \u00fcber einige routinierte Spieler verf\u00fcgt und nach der Urlaubszeit durchstarten k\u00f6nnte. Erstmals seit langem gelang es zudem, f\u00fcnf 18 bis 19-j\u00e4hrige Spieler vom Main-Taunus-Club DJK Hattersheim an die Sondershausenstra\u00dfe im Gallus zu lotsen.\u00a0 \u00a0<\/span><\/p>\n<h4>Schiedsrichter: Marc Sprenger (Hanau). Zuschauer: 20.<\/h4>\n<h4>Tore: 0:1 Steffen Pinto de Sousa (4.), 0:2, 0:3 Lukas H\u00f6ll (8.\/29., Foulelfmeter).<\/h4>\n","protected":false},"excerpt":{"rendered":"<p>Der FV Hausen ist mit sieben Punkten aus drei Spielen gut in die neue Saison gestartet und belegt nach dem glatten 3:0-Sieg bei Gruppenliga-Absteiger SG Westend punktgleich mit Tabellenf\u00fchrer Concordia Eschersheim den zweiten Tabellenplatz. Der 35-j\u00e4hrige neue St\u00fcrmer Lukas H\u00f6ll schn\u00fcrte einen Doppelpack und hat bereits f\u00fcnf Treffer auf seinem Konto. SG Westend &#8211; FV [&hellip;]<\/p>\n","protected":false},"author":1,"featured_media":0,"comment_status":"open","ping_status":"open","sticky":false,"template":"","format":"standard","meta":{"footnotes":""},"categories":[2],"tags":[],"class_list":["post-2200","post","type-post","status-publish","format-standard","hentry","category-kreisoberliga-frankfurt"],"_links":{"self":[{"href":"https:\/\/insideamateurfussball-ffm.de\/index.php?rest_route=\/wp\/v2\/posts\/2200","targetHints":{"allow":["GET"]}}],"collection":[{"href":"https:\/\/insideamateurfussball-ffm.de\/index.php?rest_route=\/wp\/v2\/posts"}],"about":[{"href":"https:\/\/insideamateurfussball-ffm.de\/index.php?rest_route=\/wp\/v2\/types\/post"}],"author":[{"embeddable":true,"href":"https:\/\/insideamateurfussball-ffm.de\/index.php?rest_route=\/wp\/v2\/users\/1"}],"replies":[{"embeddable":true,"href":"https:\/\/insideamateurfussball-ffm.de\/index.php?rest_route=%2Fwp%2Fv2%2Fcomments&post=2200"}],"version-history":[{"count":2,"href":"https:\/\/insideamateurfussball-ffm.de\/index.php?rest_route=\/wp\/v2\/posts\/2200\/revisions"}],"predecessor-version":[{"id":2203,"href":"https:\/\/insideamateurfussball-ffm.de\/index.php?rest_route=\/wp\/v2\/posts\/2200\/revisions\/2203"}],"wp:attachment":[{"href":"https:\/\/insideamateurfussball-ffm.de\/index.php?rest_route=%2Fwp%2Fv2%2Fmedia&parent=2200"}],"wp:term":[{"taxonomy":"category","embeddable":true,"href":"https:\/\/insideamateurfussball-ffm.de\/index.php?rest_route=%2Fwp%2Fv2%2Fcategories&post=2200"},{"taxonomy":"post_tag","embeddable":true,"href":"https:\/\/insideamateurfussball-ffm.de\/index.php?rest_route=%2Fwp%2Fv2%2Ftags&post=2200"}],"curies":[{"name":"wp","href":"https:\/\/api.w.org\/{rel}","templated":true}]}}