{"id":21987,"date":"2024-10-25T12:33:37","date_gmt":"2024-10-25T10:33:37","guid":{"rendered":"https:\/\/insideamateurfussball-ffm.de\/?p=21987"},"modified":"2024-10-25T15:47:42","modified_gmt":"2024-10-25T13:47:42","slug":"titelverteidiger-kalbach-souveraen-in-naechster-runde","status":"publish","type":"post","link":"https:\/\/insideamateurfussball-ffm.de\/?p=21987","title":{"rendered":"Titelverteidiger Kalbach souver\u00e4n in n\u00e4chster Runde"},"content":{"rendered":"<h4>Der Pokal-Titelverteidiger und Tabellenf\u00fchrer der Gruppenliga FC Kalbach schoss sich souver\u00e4n in das Viertelfinale des Kreispokals und trifft jetzt auf den Kreisoberligisten 1.FC R\u00f6delheim 02, am Ende war das Ergebnis von 8:0 gegen den sich tapfer wehrenden A-Ligisten DJK SW Griesheim etwas zu hoch.<\/h4>\n<figure id=\"attachment_21988\" aria-describedby=\"caption-attachment-21988\" style=\"width: 2016px\" class=\"wp-caption alignnone\"><img loading=\"lazy\" decoding=\"async\" class=\"wp-image-21988 size-full\" src=\"http:\/\/insideamateurfussball-ffm.de\/wp-content\/uploads\/2024\/10\/griesheimkalbach00.jpg\" alt=\"\" width=\"2016\" height=\"1512\" srcset=\"https:\/\/insideamateurfussball-ffm.de\/wp-content\/uploads\/2024\/10\/griesheimkalbach00.jpg 2016w, https:\/\/insideamateurfussball-ffm.de\/wp-content\/uploads\/2024\/10\/griesheimkalbach00-300x225.jpg 300w, https:\/\/insideamateurfussball-ffm.de\/wp-content\/uploads\/2024\/10\/griesheimkalbach00-1024x768.jpg 1024w, https:\/\/insideamateurfussball-ffm.de\/wp-content\/uploads\/2024\/10\/griesheimkalbach00-768x576.jpg 768w, https:\/\/insideamateurfussball-ffm.de\/wp-content\/uploads\/2024\/10\/griesheimkalbach00-1536x1152.jpg 1536w\" sizes=\"auto, (max-width: 2016px) 100vw, 2016px\" \/><figcaption id=\"caption-attachment-21988\" class=\"wp-caption-text\">F\u00fcr DJK SW Griesheim war dieses Jahr erst im Achtelfinale Schluss im Kreispokal. Foto: MZ<\/figcaption><\/figure>\n<h4>DJK SW Griesheim &#8211; FC Kalbach 0:8 (0:4)<\/h4>\n<p><img loading=\"lazy\" decoding=\"async\" class=\"alignnone size-full wp-image-172\" src=\"http:\/\/insideamateurfussball-ffm.de\/wp-content\/uploads\/2022\/05\/DJK-SW-G.jpg\" alt=\"\" width=\"80\" height=\"80\" \/><img loading=\"lazy\" decoding=\"async\" class=\"alignnone size-full wp-image-16\" src=\"http:\/\/insideamateurfussball-ffm.de\/wp-content\/uploads\/2021\/11\/kalbach-wappen.jpg\" alt=\"\" width=\"80\" height=\"80\" \/><\/p>\n<p>Der Aufsteiger und derzeit Tabellenzehnte der Kreisliga A, die DJK SW Griesheim, hatte den Tabellenf\u00fchrer der Gruppenliga Frankfurt West zu Gast, und obwohl der Gruppenligist aus Kalbach auf einigen Positionen rotierte, konnte er trotzdem seine Klasse auf den Platz bringen. Der A-Ligist hielt gut dagegen, war am Ende aber chancenlos.<\/p>\n<p>Kalbach ging bereits in der 9.Minute durch einen Foulelfmeter von Achraf Gara Ali in F\u00fchrung, in der 22.Minute verl\u00e4ngerte Omer Muratovic eine Flanke ins eigene Tor zum 0:2, danach hielten die Griesheimer ihr Tor bis kurz vor der Pause sauber, ehe mit einem Doppelschlag in der 44. und 45. Minute Achraf Gara Ali und Ihab Suleiman mit zwei sch\u00f6n herausgespielten Toren den 4:0-Halbzeitstand zementierten.<\/p>\n<p>In der zweiten Halbzeit hatten die Griesheimer in der 51.Minute die gr\u00f6\u00dfte Chance zum Ehrentreffer, aber ein Lupfer \u00fcber Kalbachs eingewechselten Schlussmann Evangekos Ninos sprang von der Unterkante der Latte wieder ins Spielfeld zur\u00fcck. Nach dem 5:0 in der 65.Minute durch einen aus 20 Metern verwandelten Freisto\u00df von Celil Cetinkaya lie\u00dfen die Kr\u00e4fte beim Kreisligisten nach und Kalbach erzielte schnell das 6:0 durch Fabio Pinta da Silva in der 65.Minute und das 7:0 durch Mostafa Youssef in der 70.Minute. Den Schlusspunkt zum etwas zu hohen 8:0 gegen tapfer k\u00e4mpfende Griesheimer, die einen Ehrentreffer verdient gehabt h\u00e4tten, erzielte Jonas L\u00f6ffler in der 89.Minute. Im Viertelfinale muss Kalbach nun zum Kreisoberligisten 1.FC R\u00f6delheim 02, der sich beim VfR Bockenheim durchsetzte.<\/p>\n<p>Griesheims Trainer \u00d6nder Civelek nach dem Spiel: \u201ewir haben heute gesehen, warum Kalbach Erster in der Gruppenliga ist, es ist wirklich eine Super-Mannschaft. Ich denke, wir haben gut angefangen, aber die ersten beiden Tore waren wirklich sehr ungl\u00fccklich, auch Geschenke. Danach hat Kalbach seine Klasse ausgespielt, Halbzeit 4:0, war meiner Meinung 1-2 Tore zu viel. Zweite Halbzeit, finde ich, haben wir auch wieder sehr gut angefangen und h\u00e4tten auf jeden Fall auch ein Tor verdient gehabt. Leider ist es uns nicht gegl\u00fcckt, dann haben die halt einen Standard reingemacht zum 5:0, dann drei weitere Tore. Meine Spieler hatten Kr\u00e4mpfe, ich konnte nicht mehr wechseln, ich hatte drei Spieler auf der Bank, die verletzt waren, am Ende hat auch ein bisschen die Kraft gefehlt. Aber insgesamt bin ich zufrieden mir dem Spiel selbst, mit dem Ergebnis nat\u00fcrlich nicht, was aber auch viel zu hoch war, aber Kalbach hat verdient gewonnen.&#8220;<\/p>\n<p>Kalbachs Vorstandsmitglied Manni Meyer: \u201ewir sind als Favorit hierhergekommen und haben wie ein Favorit gespielt, haben auch verdient mit 8:0 gewonnen. Trotzdem hat die Mannschaft von Griesheim eine gute l\u00e4uferische Leistung gebracht, auch technisch nicht schlecht, das Ergebnis f\u00fcr die vielleicht ein bisschen zu hoch, aber von unserer Seite fantastisch.\u201c<\/p>\n<p>Am n\u00e4chsten Wochenende sind beide Mannschaften wieder in ihrer Liga gefragt, Tabellenf\u00fchrer FC Kalbach versucht, in Stierstadt die Spitzenposition in der Gruppenliga zu verteidigen, w\u00e4hrend Kreisligist DJK SW Griesheim beim SV Bonames antreten muss.<\/p>\n<h4>Schiedsrichter: Bekir Yalcin (VfR Bockenheim). Zuschauer: 39.<\/h4>\n<h4>Tore: 0:1 Achraf Gara Ali (9., Elfmeter), 0:2 Omer Muratovic (22., Eigentor), 0:3 Achraf Gara Ali (44.), 0:4 Ihab Suleiman (45.), 0:5 Celil Cetinkaya (65.), 0.6 Fabio Pinta da Silva (65.), 0:7 Mostafa Youssef (70.), 0:8 Jonas L\u00f6ffler (89.)<\/h4>\n\n\n<figure class=\"wp-block-image size-large\"><img loading=\"lazy\" decoding=\"async\" width=\"1024\" height=\"768\" src=\"http:\/\/insideamateurfussball-ffm.de\/wp-content\/uploads\/2024\/10\/griesheimkalbach01-1024x768.jpg\" alt=\"\" class=\"wp-image-21989\" srcset=\"https:\/\/insideamateurfussball-ffm.de\/wp-content\/uploads\/2024\/10\/griesheimkalbach01-1024x768.jpg 1024w, https:\/\/insideamateurfussball-ffm.de\/wp-content\/uploads\/2024\/10\/griesheimkalbach01-300x225.jpg 300w, https:\/\/insideamateurfussball-ffm.de\/wp-content\/uploads\/2024\/10\/griesheimkalbach01-768x576.jpg 768w, https:\/\/insideamateurfussball-ffm.de\/wp-content\/uploads\/2024\/10\/griesheimkalbach01-1536x1152.jpg 1536w, https:\/\/insideamateurfussball-ffm.de\/wp-content\/uploads\/2024\/10\/griesheimkalbach01.jpg 2016w\" sizes=\"auto, (max-width: 1024px) 100vw, 1024px\" \/><\/figure>\n\n\n\n<figure class=\"wp-block-image size-large\"><img loading=\"lazy\" decoding=\"async\" width=\"1024\" height=\"768\" src=\"http:\/\/insideamateurfussball-ffm.de\/wp-content\/uploads\/2024\/10\/griesheimkalbach04-1024x768.jpg\" alt=\"\" class=\"wp-image-21992\" srcset=\"https:\/\/insideamateurfussball-ffm.de\/wp-content\/uploads\/2024\/10\/griesheimkalbach04-1024x768.jpg 1024w, https:\/\/insideamateurfussball-ffm.de\/wp-content\/uploads\/2024\/10\/griesheimkalbach04-300x225.jpg 300w, https:\/\/insideamateurfussball-ffm.de\/wp-content\/uploads\/2024\/10\/griesheimkalbach04-768x576.jpg 768w, https:\/\/insideamateurfussball-ffm.de\/wp-content\/uploads\/2024\/10\/griesheimkalbach04-1536x1152.jpg 1536w, https:\/\/insideamateurfussball-ffm.de\/wp-content\/uploads\/2024\/10\/griesheimkalbach04.jpg 2016w\" sizes=\"auto, (max-width: 1024px) 100vw, 1024px\" \/><\/figure>\n\n\n\n<figure class=\"wp-block-image size-large\"><img loading=\"lazy\" decoding=\"async\" width=\"1024\" height=\"768\" src=\"http:\/\/insideamateurfussball-ffm.de\/wp-content\/uploads\/2024\/10\/griesheimkalbach05-1024x768.jpg\" alt=\"\" class=\"wp-image-21993\" srcset=\"https:\/\/insideamateurfussball-ffm.de\/wp-content\/uploads\/2024\/10\/griesheimkalbach05-1024x768.jpg 1024w, https:\/\/insideamateurfussball-ffm.de\/wp-content\/uploads\/2024\/10\/griesheimkalbach05-300x225.jpg 300w, https:\/\/insideamateurfussball-ffm.de\/wp-content\/uploads\/2024\/10\/griesheimkalbach05-768x576.jpg 768w, https:\/\/insideamateurfussball-ffm.de\/wp-content\/uploads\/2024\/10\/griesheimkalbach05-1536x1152.jpg 1536w, https:\/\/insideamateurfussball-ffm.de\/wp-content\/uploads\/2024\/10\/griesheimkalbach05.jpg 2016w\" sizes=\"auto, (max-width: 1024px) 100vw, 1024px\" \/><\/figure>\n\n\n\n<figure class=\"wp-block-image size-large\"><img loading=\"lazy\" decoding=\"async\" width=\"1024\" height=\"768\" src=\"http:\/\/insideamateurfussball-ffm.de\/wp-content\/uploads\/2024\/10\/griesheimkalbach06-1024x768.jpg\" alt=\"\" class=\"wp-image-21994\" srcset=\"https:\/\/insideamateurfussball-ffm.de\/wp-content\/uploads\/2024\/10\/griesheimkalbach06-1024x768.jpg 1024w, https:\/\/insideamateurfussball-ffm.de\/wp-content\/uploads\/2024\/10\/griesheimkalbach06-300x225.jpg 300w, https:\/\/insideamateurfussball-ffm.de\/wp-content\/uploads\/2024\/10\/griesheimkalbach06-768x576.jpg 768w, https:\/\/insideamateurfussball-ffm.de\/wp-content\/uploads\/2024\/10\/griesheimkalbach06-1536x1152.jpg 1536w, https:\/\/insideamateurfussball-ffm.de\/wp-content\/uploads\/2024\/10\/griesheimkalbach06.jpg 2016w\" sizes=\"auto, (max-width: 1024px) 100vw, 1024px\" \/><\/figure>\n\n\n\n<figure class=\"wp-block-image size-large\"><img loading=\"lazy\" decoding=\"async\" width=\"1024\" height=\"768\" src=\"http:\/\/insideamateurfussball-ffm.de\/wp-content\/uploads\/2024\/10\/griesheimkalbach07-1024x768.jpg\" alt=\"\" class=\"wp-image-21995\" srcset=\"https:\/\/insideamateurfussball-ffm.de\/wp-content\/uploads\/2024\/10\/griesheimkalbach07-1024x768.jpg 1024w, https:\/\/insideamateurfussball-ffm.de\/wp-content\/uploads\/2024\/10\/griesheimkalbach07-300x225.jpg 300w, https:\/\/insideamateurfussball-ffm.de\/wp-content\/uploads\/2024\/10\/griesheimkalbach07-768x576.jpg 768w, https:\/\/insideamateurfussball-ffm.de\/wp-content\/uploads\/2024\/10\/griesheimkalbach07-1536x1152.jpg 1536w, https:\/\/insideamateurfussball-ffm.de\/wp-content\/uploads\/2024\/10\/griesheimkalbach07.jpg 2016w\" sizes=\"auto, (max-width: 1024px) 100vw, 1024px\" \/><\/figure>\n\n\n\n<figure class=\"wp-block-image size-large\"><img loading=\"lazy\" decoding=\"async\" width=\"1024\" height=\"768\" src=\"http:\/\/insideamateurfussball-ffm.de\/wp-content\/uploads\/2024\/10\/griesheimkalbach08-1024x768.jpg\" alt=\"\" class=\"wp-image-21996\" srcset=\"https:\/\/insideamateurfussball-ffm.de\/wp-content\/uploads\/2024\/10\/griesheimkalbach08-1024x768.jpg 1024w, https:\/\/insideamateurfussball-ffm.de\/wp-content\/uploads\/2024\/10\/griesheimkalbach08-300x225.jpg 300w, https:\/\/insideamateurfussball-ffm.de\/wp-content\/uploads\/2024\/10\/griesheimkalbach08-768x576.jpg 768w, https:\/\/insideamateurfussball-ffm.de\/wp-content\/uploads\/2024\/10\/griesheimkalbach08-1536x1152.jpg 1536w, https:\/\/insideamateurfussball-ffm.de\/wp-content\/uploads\/2024\/10\/griesheimkalbach08.jpg 2016w\" sizes=\"auto, (max-width: 1024px) 100vw, 1024px\" \/><\/figure>\n\n\n\n<figure class=\"wp-block-image size-large\"><img loading=\"lazy\" decoding=\"async\" width=\"1024\" height=\"768\" src=\"http:\/\/insideamateurfussball-ffm.de\/wp-content\/uploads\/2024\/10\/griesheimkalbach09-1024x768.jpg\" alt=\"\" class=\"wp-image-21997\" srcset=\"https:\/\/insideamateurfussball-ffm.de\/wp-content\/uploads\/2024\/10\/griesheimkalbach09-1024x768.jpg 1024w, https:\/\/insideamateurfussball-ffm.de\/wp-content\/uploads\/2024\/10\/griesheimkalbach09-300x225.jpg 300w, https:\/\/insideamateurfussball-ffm.de\/wp-content\/uploads\/2024\/10\/griesheimkalbach09-768x576.jpg 768w, https:\/\/insideamateurfussball-ffm.de\/wp-content\/uploads\/2024\/10\/griesheimkalbach09-1536x1152.jpg 1536w, https:\/\/insideamateurfussball-ffm.de\/wp-content\/uploads\/2024\/10\/griesheimkalbach09.jpg 2016w\" sizes=\"auto, (max-width: 1024px) 100vw, 1024px\" \/><\/figure>\n\n\n\n<figure class=\"wp-block-image size-large\"><img loading=\"lazy\" decoding=\"async\" width=\"1024\" height=\"768\" src=\"http:\/\/insideamateurfussball-ffm.de\/wp-content\/uploads\/2024\/10\/griesheimkalbach10-1024x768.jpg\" alt=\"\" class=\"wp-image-21998\" srcset=\"https:\/\/insideamateurfussball-ffm.de\/wp-content\/uploads\/2024\/10\/griesheimkalbach10-1024x768.jpg 1024w, https:\/\/insideamateurfussball-ffm.de\/wp-content\/uploads\/2024\/10\/griesheimkalbach10-300x225.jpg 300w, https:\/\/insideamateurfussball-ffm.de\/wp-content\/uploads\/2024\/10\/griesheimkalbach10-768x576.jpg 768w, https:\/\/insideamateurfussball-ffm.de\/wp-content\/uploads\/2024\/10\/griesheimkalbach10-1536x1152.jpg 1536w, https:\/\/insideamateurfussball-ffm.de\/wp-content\/uploads\/2024\/10\/griesheimkalbach10.jpg 2016w\" sizes=\"auto, (max-width: 1024px) 100vw, 1024px\" \/><\/figure>\n","protected":false},"excerpt":{"rendered":"<p>Der Pokal-Titelverteidiger und Tabellenf\u00fchrer der Gruppenliga FC Kalbach schoss sich souver\u00e4n in das Viertelfinale des Kreispokals und trifft jetzt auf den Kreisoberligisten 1.FC R\u00f6delheim 02, am Ende war das Ergebnis von 8:0 gegen den sich tapfer wehrenden A-Ligisten DJK SW Griesheim etwas zu hoch. DJK SW Griesheim &#8211; FC Kalbach 0:8 (0:4) Der Aufsteiger und [&hellip;]<\/p>\n","protected":false},"author":3,"featured_media":21988,"comment_status":"closed","ping_status":"open","sticky":true,"template":"","format":"standard","meta":{"footnotes":""},"categories":[9],"tags":[],"class_list":["post-21987","post","type-post","status-publish","format-standard","has-post-thumbnail","hentry","category-kreispokal"],"_links":{"self":[{"href":"https:\/\/insideamateurfussball-ffm.de\/index.php?rest_route=\/wp\/v2\/posts\/21987","targetHints":{"allow":["GET"]}}],"collection":[{"href":"https:\/\/insideamateurfussball-ffm.de\/index.php?rest_route=\/wp\/v2\/posts"}],"about":[{"href":"https:\/\/insideamateurfussball-ffm.de\/index.php?rest_route=\/wp\/v2\/types\/post"}],"author":[{"embeddable":true,"href":"https:\/\/insideamateurfussball-ffm.de\/index.php?rest_route=\/wp\/v2\/users\/3"}],"replies":[{"embeddable":true,"href":"https:\/\/insideamateurfussball-ffm.de\/index.php?rest_route=%2Fwp%2Fv2%2Fcomments&post=21987"}],"version-history":[{"count":4,"href":"https:\/\/insideamateurfussball-ffm.de\/index.php?rest_route=\/wp\/v2\/posts\/21987\/revisions"}],"predecessor-version":[{"id":22005,"href":"https:\/\/insideamateurfussball-ffm.de\/index.php?rest_route=\/wp\/v2\/posts\/21987\/revisions\/22005"}],"wp:featuredmedia":[{"embeddable":true,"href":"https:\/\/insideamateurfussball-ffm.de\/index.php?rest_route=\/wp\/v2\/media\/21988"}],"wp:attachment":[{"href":"https:\/\/insideamateurfussball-ffm.de\/index.php?rest_route=%2Fwp%2Fv2%2Fmedia&parent=21987"}],"wp:term":[{"taxonomy":"category","embeddable":true,"href":"https:\/\/insideamateurfussball-ffm.de\/index.php?rest_route=%2Fwp%2Fv2%2Fcategories&post=21987"},{"taxonomy":"post_tag","embeddable":true,"href":"https:\/\/insideamateurfussball-ffm.de\/index.php?rest_route=%2Fwp%2Fv2%2Ftags&post=21987"}],"curies":[{"name":"wp","href":"https:\/\/api.w.org\/{rel}","templated":true}]}}