{"id":21984,"date":"2024-10-24T15:55:26","date_gmt":"2024-10-24T13:55:26","guid":{"rendered":"https:\/\/insideamateurfussball-ffm.de\/?p=21984"},"modified":"2024-10-24T15:55:26","modified_gmt":"2024-10-24T13:55:26","slug":"tempo-entscheidet-ginnheimer-platzduell-spaet","status":"publish","type":"post","link":"https:\/\/insideamateurfussball-ffm.de\/?p=21984","title":{"rendered":"Tempo entscheidet Ginnheimer Platzduell sp\u00e4t"},"content":{"rendered":"<h5>Der FC Tempo entschied das Ginnheimer Platzduell im Achtelfinale des Kreispokals erst sp\u00e4t mit drei Toren. A-Ligist Germania Ginnheim zog sich gegen den zwei Klassen h\u00f6her angesiedelten Gruppenligisten mit dem 0:3 (0:0) gut aus der Aff\u00e4re. Die Serben stehen damit im Viertelfinale, wo Tempo ausw\u00e4rts auf den Sieger der heutigen Paarung FV Hausen &#8211; SG Harheim trifft.<\/h5>\n<figure id=\"attachment_21985\" aria-describedby=\"caption-attachment-21985\" style=\"width: 652px\" class=\"wp-caption alignleft\"><img loading=\"lazy\" decoding=\"async\" class=\"wp-image-21985\" src=\"http:\/\/insideamateurfussball-ffm.de\/wp-content\/uploads\/2024\/10\/ginn-tem-1024x768.jpg\" alt=\"\" width=\"652\" height=\"489\" srcset=\"https:\/\/insideamateurfussball-ffm.de\/wp-content\/uploads\/2024\/10\/ginn-tem-1024x768.jpg 1024w, https:\/\/insideamateurfussball-ffm.de\/wp-content\/uploads\/2024\/10\/ginn-tem-300x225.jpg 300w, https:\/\/insideamateurfussball-ffm.de\/wp-content\/uploads\/2024\/10\/ginn-tem-768x576.jpg 768w, https:\/\/insideamateurfussball-ffm.de\/wp-content\/uploads\/2024\/10\/ginn-tem-1536x1152.jpg 1536w, https:\/\/insideamateurfussball-ffm.de\/wp-content\/uploads\/2024\/10\/ginn-tem.jpg 1600w\" sizes=\"auto, (max-width: 652px) 100vw, 652px\" \/><figcaption id=\"caption-attachment-21985\" class=\"wp-caption-text\">Der FC Tempo gewann das Ginnheimer Platzduell. Foto: Einsendung Verein.\u00a0<\/figcaption><\/figure>\n<h5><span style=\"font-size: 16px;\">FC Germania 08 Ginnheim &#8211; FC Tempo 0:3 (0:0)<\/span><\/h5>\n<p><img loading=\"lazy\" decoding=\"async\" class=\"alignnone size-full wp-image-3205\" src=\"http:\/\/insideamateurfussball-ffm.de\/wp-content\/uploads\/2022\/10\/Ginnheim.jpg\" alt=\"\" width=\"80\" height=\"80\" \/><img loading=\"lazy\" decoding=\"async\" class=\"alignnone size-full wp-image-31\" src=\"http:\/\/insideamateurfussball-ffm.de\/wp-content\/uploads\/2021\/11\/Tempo.jpg\" alt=\"\" width=\"80\" height=\"80\" \/><\/p>\n<p><span style=\"font-size: 16px;\">Der Tabellenzweite der Kreisliga A Gruppe 1 bot dem Favoriten vor 126 Zuschauern einen offenen Pokalkampf. Tempo zeigte schnelle Kombinationen, Ginnheim erstklassige Gegenwehr und setzte Nadelstiche. <\/span><\/p>\n<p><span style=\"font-size: 16px;\">Zur Halbzeit h\u00e4tte jede Mannschaft f\u00fchren k\u00f6nnen, im zweiten Abschnitt waren die Ginnheimer der F\u00fchrung n\u00e4her.<\/span><\/p>\n<ul>\n<li><span style=\"font-size: 16px;\">&#8222;<strong>Bei einer eventuellen Ginnheimer F\u00fchrung w\u00e4re das Spiel noch interessanter gewesen, hatte aber auch so seine Klasse&#8220; (Ginnheims Alterspr\u00e4sident Tony Gering)<\/strong><\/span><\/li>\n<\/ul>\n<p><span style=\"font-size: 16px;\">In der 75. Minute erl\u00f6ste sich Tempo mit dem F\u00fchrungstreffer durch Arsen Kryvobedryi. Die weiteren zwei Tore durch Goran Grijak (82.) und Filip Sucic (84.) waren der Ginnheimer \u00d6ffnung auf den angestrebten Ausgleich geschuldet. &#8222;Ein tolles Pokalspiel mit gro\u00dfem Halbzeitansturm im Vereinshaus zu Wurst, Bier und Tee&#8220;, fand Ginnheims Alterspr\u00e4sident Tony Gering. &#8222;Die verletzte Ginnheimer Torfabrik Marvin Gering und Fabian Bastian fehlte f\u00fcr entscheidende Situationen. Bei einer eventuellen Ginnheimer F\u00fchrung w\u00e4re das Spiel noch interessanter gewesen, hatte aber auch so seine Klasse&#8220;, res\u00fcmierte Gering das Spielgeschehen. <\/span><\/p>\n<p><span style=\"font-size: 16px;\">Tempos Sportchef Zoran Marcetic: &#8222;Wir waren die spielbestimmende Mannschaft am Ginnheimer W\u00e4ldchen. Der Ginnheimer Torwart Daniel Pfeiffer-K\u00f6nigs hat ein sehr gutes Spiel gemacht. Nach dem ersten Tor ist Ginnheim mehr oder weniger zusammen gebrochen. Ginnheim stand gut auf dem Platz und hat sehr geordnet gut verteidigt. Das 1:0 hat das Spiel entschieden und danach war Tempo auch der verdiente Sieger.&#8220; F\u00fcr Ginnheim steht in der A-Klasse am Sonntag das Derby bei der SG Praunheim an (15 Uhr). Zeitgleich erwartet Tempo in der Woogarena den 1. FC-TSG K\u00f6nigstein zum Gruppenliga-Spiel.\u00a0<\/span><\/p>\n<ul>\n<li><span style=\"font-size: 16px;\"><strong>Schiedsrichter: Bekir Yalcin (VfR Bockenheim).<\/strong><\/span><\/li>\n<li><span style=\"font-size: 16px;\"><strong>Zuschauer: 126.<\/strong><\/span><\/li>\n<li><span style=\"font-size: 16px;\"><strong>Tore: 0:1 Arsen Kryvobedryi (75.), 0:2 Goran Grijak (82.), 0:3 Filip Sucic (84.). <\/strong>\u00a0<\/span><\/li>\n<\/ul>\n","protected":false},"excerpt":{"rendered":"<p>Der FC Tempo entschied das Ginnheimer Platzduell im Achtelfinale des Kreispokals erst sp\u00e4t mit drei Toren. A-Ligist Germania Ginnheim zog sich gegen den zwei Klassen h\u00f6her angesiedelten Gruppenligisten mit dem 0:3 (0:0) gut aus der Aff\u00e4re. Die Serben stehen damit im Viertelfinale, wo Tempo ausw\u00e4rts auf den Sieger der heutigen Paarung FV Hausen &#8211; SG [&hellip;]<\/p>\n","protected":false},"author":1,"featured_media":21985,"comment_status":"closed","ping_status":"closed","sticky":true,"template":"","format":"standard","meta":{"footnotes":""},"categories":[9],"tags":[],"class_list":["post-21984","post","type-post","status-publish","format-standard","has-post-thumbnail","hentry","category-kreispokal"],"_links":{"self":[{"href":"https:\/\/insideamateurfussball-ffm.de\/index.php?rest_route=\/wp\/v2\/posts\/21984","targetHints":{"allow":["GET"]}}],"collection":[{"href":"https:\/\/insideamateurfussball-ffm.de\/index.php?rest_route=\/wp\/v2\/posts"}],"about":[{"href":"https:\/\/insideamateurfussball-ffm.de\/index.php?rest_route=\/wp\/v2\/types\/post"}],"author":[{"embeddable":true,"href":"https:\/\/insideamateurfussball-ffm.de\/index.php?rest_route=\/wp\/v2\/users\/1"}],"replies":[{"embeddable":true,"href":"https:\/\/insideamateurfussball-ffm.de\/index.php?rest_route=%2Fwp%2Fv2%2Fcomments&post=21984"}],"version-history":[{"count":1,"href":"https:\/\/insideamateurfussball-ffm.de\/index.php?rest_route=\/wp\/v2\/posts\/21984\/revisions"}],"predecessor-version":[{"id":21986,"href":"https:\/\/insideamateurfussball-ffm.de\/index.php?rest_route=\/wp\/v2\/posts\/21984\/revisions\/21986"}],"wp:featuredmedia":[{"embeddable":true,"href":"https:\/\/insideamateurfussball-ffm.de\/index.php?rest_route=\/wp\/v2\/media\/21985"}],"wp:attachment":[{"href":"https:\/\/insideamateurfussball-ffm.de\/index.php?rest_route=%2Fwp%2Fv2%2Fmedia&parent=21984"}],"wp:term":[{"taxonomy":"category","embeddable":true,"href":"https:\/\/insideamateurfussball-ffm.de\/index.php?rest_route=%2Fwp%2Fv2%2Fcategories&post=21984"},{"taxonomy":"post_tag","embeddable":true,"href":"https:\/\/insideamateurfussball-ffm.de\/index.php?rest_route=%2Fwp%2Fv2%2Ftags&post=21984"}],"curies":[{"name":"wp","href":"https:\/\/api.w.org\/{rel}","templated":true}]}}