{"id":21967,"date":"2024-10-24T14:21:08","date_gmt":"2024-10-24T12:21:08","guid":{"rendered":"https:\/\/insideamateurfussball-ffm.de\/?p=21967"},"modified":"2024-10-24T14:21:08","modified_gmt":"2024-10-24T12:21:08","slug":"fechenheim-klar-ins-viertelfinale","status":"publish","type":"post","link":"https:\/\/insideamateurfussball-ffm.de\/?p=21967","title":{"rendered":"Fechenheim klar ins Viertelfinale"},"content":{"rendered":"<h4>Im Gruppenliga-Duell im Achtelfinale des Frankfurter Kreispokals setzte sich die Spvgg. 03 Fechenheim klar mit 4:0 bei T\u00fcrkg\u00fcc\u00fc Frankfurt durch und muss nun im Viertelfinale beim Gruppenligisten FG Seckbach antreten.<\/h4>\n<figure id=\"attachment_21972\" aria-describedby=\"caption-attachment-21972\" style=\"width: 2016px\" class=\"wp-caption alignnone\"><img loading=\"lazy\" decoding=\"async\" class=\"wp-image-21972 size-full\" src=\"http:\/\/insideamateurfussball-ffm.de\/wp-content\/uploads\/2024\/10\/tuerkguecuefechenheim4.jpg\" alt=\"\" width=\"2016\" height=\"1512\" srcset=\"https:\/\/insideamateurfussball-ffm.de\/wp-content\/uploads\/2024\/10\/tuerkguecuefechenheim4.jpg 2016w, https:\/\/insideamateurfussball-ffm.de\/wp-content\/uploads\/2024\/10\/tuerkguecuefechenheim4-300x225.jpg 300w, https:\/\/insideamateurfussball-ffm.de\/wp-content\/uploads\/2024\/10\/tuerkguecuefechenheim4-1024x768.jpg 1024w, https:\/\/insideamateurfussball-ffm.de\/wp-content\/uploads\/2024\/10\/tuerkguecuefechenheim4-768x576.jpg 768w, https:\/\/insideamateurfussball-ffm.de\/wp-content\/uploads\/2024\/10\/tuerkguecuefechenheim4-1536x1152.jpg 1536w\" sizes=\"auto, (max-width: 2016px) 100vw, 2016px\" \/><figcaption id=\"caption-attachment-21972\" class=\"wp-caption-text\">Fechenheims Trainer Piradeep Siva Anandan zog mit seiner Mannschaft ins Viertelfinale ein.<\/figcaption><\/figure>\n<h4>T\u00fcrkg\u00fcc\u00fc Frankfurt &#8211; Spvgg. 03 Fechenheim 0:4 (0:3)<\/h4>\n<p><img loading=\"lazy\" decoding=\"async\" class=\"alignnone size-full wp-image-17\" src=\"http:\/\/insideamateurfussball-ffm.de\/wp-content\/uploads\/2021\/11\/Tuerkguecue.jpg\" alt=\"\" width=\"72\" height=\"80\" \/><img loading=\"lazy\" decoding=\"async\" class=\"alignnone size-full wp-image-603\" src=\"http:\/\/insideamateurfussball-ffm.de\/wp-content\/uploads\/2022\/06\/Fech03.jpg\" alt=\"\" width=\"52\" height=\"80\" \/><\/p>\n<p>Am Rebstockgel\u00e4nde empfing die Mannschaft von T\u00fcrkg\u00fcc\u00fc Frankfurt den Ligakonkurrenten Spvgg. 03 Fechenheim zum Achtelfinale im Kreispokal, beide Mannschaften ver\u00e4nderten ihre Startformationen gegen\u00fcber dem letzten Punktspiel und gaben Spielern der zweiten Mannschaft und Spielern, die sonst kaum Eins\u00e4tze bekommen, Spielzeiten.<\/p>\n<p>Bereits nach 3 Minuten gingen die G\u00e4ste aus Fechenheim durch einen nicht unhaltbar erscheinenden 20-Meter-Schuss von Kaleab Eyassu in F\u00fchrung, danach kamen die Gastgeber zu einigen Chancen. Nachdem 03-Torwart Armin Buchholz in der 19.Minute nach einem missgl\u00fcckten R\u00fcckpass rettend eingreifen musste, gab es nur eine Minute sp\u00e4ter Foulelfmeter f\u00fcr T\u00fcrkg\u00fcc\u00fc Frankfurt, doch Emre Kadimli schoss den Strafsto\u00df links neben das Tor. Nachdem in der 31.Minute erneut Buchholz retten musste, gingen die Fechenheimer in der 38.Minute mit 2:0 in F\u00fchrung, Giovanbattista Pedace erzielte den Treffer nach einer sch\u00f6nen Kombination. Und noch vor der Pause erh\u00f6hte Kaleab Eyassu in der 44.Minute auf 3:0, bei einem Konter der G\u00e4ste liefen sie mit 4 Spielern auf zwei Abwehrspieler zu und Eyassu hatte keine M\u00fche, den Ball zum Pausenstand von 3:0 einzuschieben.<\/p>\n<p>Die zweite Halbzeit begann mit einem weiteren Treffer f\u00fcr Fechenheim, Giovanbattista Pedace schoss erneut aus 20 Metern zum 4:0 ein, danach war das Spiel entschieden. T\u00fcrkg\u00fcc\u00fc versuchte noch einiges, um zumindest zum Ehrentreffer zu kommen, war an diesem Tag aber in der Offensive gl\u00fccklos. Und Fechenheim, das mit nur zwei Ersatzspielern angereist war, tat nicht mehr als notwendig. \u00a0Auch Neu-Anspachs Trainer Salvatore Cirrincione, der sich Fechenheim noch einmal anschauen wollte, meinte nach dem Spiel: \u201edie Anfahrt h\u00e4tte ich mir sparen k\u00f6nnen, da Fechenheim nicht mit voller Kapelle angetreten ist und das Spiel keine Hinweise gibt.\u201c<\/p>\n<p>Fechenheims Trainer Piradeep Siva Anandan nach dem Spiel: \u201ezur Halbzeit k\u00f6nnen wir froh sein, dass es 3:0 f\u00fcr uns steht, es h\u00e4tte auch durchaus 3:2 oder 3:3 stehen k\u00f6nnen, wenn man die Torchancen nimmt. Richtiger Spielfluss kam nicht zustande in der ersten Halbzeit, und in der zweiten Halbzeit waren wir eher auf Kontrolle bedacht, dass man wenig zul\u00e4sst und aus der Tiefe Konter f\u00e4hrt, das haben wir einmal gemacht. Das haben die Jungs im Gro\u00dfen und Ganzen gut gemacht und endlich mal wieder Zu-Null gespielt, da hat uns der Armin auch mal im Spiel gehalten in der ersten Halbzeit.\u201c<\/p>\n<p>T\u00fcrkg\u00fcc\u00fcs neuer Trainer Hakan Tekin: \u201eich glaube, wir haben es trotz des Ergebnisses eigentlich ganz gut gemacht, insbesondere in der ersten Halbzeit, w\u00fcrde ich mal behaupten, waren wir phasenweise die bessere Mannschaft, haben ungl\u00fccklich vorne agiert, Elfmeter verschossen, die eine oder andere Torchance gehabt, die wir nicht genutzt haben. Ich glaube, wenn wir hier das 1:1 schie\u00dfen, kippt das Spiel vielleicht, die Torchancen waren da, aber am Ende des Tages muss man auch der Klasse von Fechenheim Tribut zollen, die haben das gut gemacht und am Ende auch verdient gewonnen, f\u00fcr mich ein bisschen zu hoch. Ich glaube, wir h\u00e4tten das ein oder andere Tor verdient, aber jetzt sind wir raus und k\u00f6nnen uns auf die Liga konzentrieren.\u201c<\/p>\n<p>W\u00e4hrend die Spvgg. 03 Fechenheim am Wochenende spielfrei ist, empf\u00e4ngt T\u00fcrkg\u00fcc\u00fc Frankfurt den SV Bosnien\/Herzegowina.<\/p>\n<h4>Schiedsrichter: Luka Strajnar (TuS Nieder-Eschbach). Zuschauer: 48.<\/h4>\n<h4>Tore: 0:1 Kaleab Eyassu (3.), 0:2 Giovanbattista Pedace (38.), 0:3 Kaleab Eyassu (44.), 0:4 Giovanbattista Pedace (52.)<\/h4>\n\n\n<figure class=\"wp-block-image size-large\"><img loading=\"lazy\" decoding=\"async\" width=\"1024\" height=\"768\" src=\"http:\/\/insideamateurfussball-ffm.de\/wp-content\/uploads\/2024\/10\/tuerkguecuefechenheim0-1024x768.jpg\" alt=\"\" class=\"wp-image-21968\" srcset=\"https:\/\/insideamateurfussball-ffm.de\/wp-content\/uploads\/2024\/10\/tuerkguecuefechenheim0-1024x768.jpg 1024w, https:\/\/insideamateurfussball-ffm.de\/wp-content\/uploads\/2024\/10\/tuerkguecuefechenheim0-300x225.jpg 300w, https:\/\/insideamateurfussball-ffm.de\/wp-content\/uploads\/2024\/10\/tuerkguecuefechenheim0-768x576.jpg 768w, https:\/\/insideamateurfussball-ffm.de\/wp-content\/uploads\/2024\/10\/tuerkguecuefechenheim0-1536x1152.jpg 1536w, https:\/\/insideamateurfussball-ffm.de\/wp-content\/uploads\/2024\/10\/tuerkguecuefechenheim0.jpg 2016w\" sizes=\"auto, (max-width: 1024px) 100vw, 1024px\" \/><\/figure>\n\n\n\n<figure class=\"wp-block-image size-large\"><img loading=\"lazy\" decoding=\"async\" width=\"1024\" height=\"768\" src=\"http:\/\/insideamateurfussball-ffm.de\/wp-content\/uploads\/2024\/10\/tuerkguecuefechenheim1-1024x768.jpg\" alt=\"\" class=\"wp-image-21969\" srcset=\"https:\/\/insideamateurfussball-ffm.de\/wp-content\/uploads\/2024\/10\/tuerkguecuefechenheim1-1024x768.jpg 1024w, https:\/\/insideamateurfussball-ffm.de\/wp-content\/uploads\/2024\/10\/tuerkguecuefechenheim1-300x225.jpg 300w, https:\/\/insideamateurfussball-ffm.de\/wp-content\/uploads\/2024\/10\/tuerkguecuefechenheim1-768x576.jpg 768w, https:\/\/insideamateurfussball-ffm.de\/wp-content\/uploads\/2024\/10\/tuerkguecuefechenheim1-1536x1152.jpg 1536w, https:\/\/insideamateurfussball-ffm.de\/wp-content\/uploads\/2024\/10\/tuerkguecuefechenheim1.jpg 2016w\" sizes=\"auto, (max-width: 1024px) 100vw, 1024px\" \/><\/figure>\n\n\n\n<figure class=\"wp-block-image size-large\"><img loading=\"lazy\" decoding=\"async\" width=\"1024\" height=\"768\" src=\"http:\/\/insideamateurfussball-ffm.de\/wp-content\/uploads\/2024\/10\/tuerkguecuefechenheim2-1024x768.jpg\" alt=\"\" class=\"wp-image-21970\" srcset=\"https:\/\/insideamateurfussball-ffm.de\/wp-content\/uploads\/2024\/10\/tuerkguecuefechenheim2-1024x768.jpg 1024w, https:\/\/insideamateurfussball-ffm.de\/wp-content\/uploads\/2024\/10\/tuerkguecuefechenheim2-300x225.jpg 300w, https:\/\/insideamateurfussball-ffm.de\/wp-content\/uploads\/2024\/10\/tuerkguecuefechenheim2-768x576.jpg 768w, https:\/\/insideamateurfussball-ffm.de\/wp-content\/uploads\/2024\/10\/tuerkguecuefechenheim2-1536x1152.jpg 1536w, https:\/\/insideamateurfussball-ffm.de\/wp-content\/uploads\/2024\/10\/tuerkguecuefechenheim2.jpg 2016w\" sizes=\"auto, (max-width: 1024px) 100vw, 1024px\" \/><\/figure>\n\n\n\n<figure class=\"wp-block-image size-large\"><img loading=\"lazy\" decoding=\"async\" width=\"1024\" height=\"768\" src=\"http:\/\/insideamateurfussball-ffm.de\/wp-content\/uploads\/2024\/10\/tuerkguecuefechenheim3-1024x768.jpg\" alt=\"\" class=\"wp-image-21971\" srcset=\"https:\/\/insideamateurfussball-ffm.de\/wp-content\/uploads\/2024\/10\/tuerkguecuefechenheim3-1024x768.jpg 1024w, https:\/\/insideamateurfussball-ffm.de\/wp-content\/uploads\/2024\/10\/tuerkguecuefechenheim3-300x225.jpg 300w, https:\/\/insideamateurfussball-ffm.de\/wp-content\/uploads\/2024\/10\/tuerkguecuefechenheim3-768x576.jpg 768w, https:\/\/insideamateurfussball-ffm.de\/wp-content\/uploads\/2024\/10\/tuerkguecuefechenheim3-1536x1152.jpg 1536w, https:\/\/insideamateurfussball-ffm.de\/wp-content\/uploads\/2024\/10\/tuerkguecuefechenheim3.jpg 2016w\" sizes=\"auto, (max-width: 1024px) 100vw, 1024px\" \/><\/figure>\n\n\n\n<figure class=\"wp-block-image size-large\"><img loading=\"lazy\" decoding=\"async\" width=\"1024\" height=\"768\" src=\"http:\/\/insideamateurfussball-ffm.de\/wp-content\/uploads\/2024\/10\/tuerkguecuefechenheim5-1024x768.jpg\" alt=\"\" class=\"wp-image-21973\" srcset=\"https:\/\/insideamateurfussball-ffm.de\/wp-content\/uploads\/2024\/10\/tuerkguecuefechenheim5-1024x768.jpg 1024w, https:\/\/insideamateurfussball-ffm.de\/wp-content\/uploads\/2024\/10\/tuerkguecuefechenheim5-300x225.jpg 300w, https:\/\/insideamateurfussball-ffm.de\/wp-content\/uploads\/2024\/10\/tuerkguecuefechenheim5-768x576.jpg 768w, https:\/\/insideamateurfussball-ffm.de\/wp-content\/uploads\/2024\/10\/tuerkguecuefechenheim5-1536x1152.jpg 1536w, https:\/\/insideamateurfussball-ffm.de\/wp-content\/uploads\/2024\/10\/tuerkguecuefechenheim5.jpg 2016w\" sizes=\"auto, (max-width: 1024px) 100vw, 1024px\" \/><\/figure>\n\n\n\n<figure class=\"wp-block-image size-large\"><img loading=\"lazy\" decoding=\"async\" width=\"1024\" height=\"768\" src=\"http:\/\/insideamateurfussball-ffm.de\/wp-content\/uploads\/2024\/10\/tuerkguecuefechenheim6-1024x768.jpg\" alt=\"\" class=\"wp-image-21974\" srcset=\"https:\/\/insideamateurfussball-ffm.de\/wp-content\/uploads\/2024\/10\/tuerkguecuefechenheim6-1024x768.jpg 1024w, https:\/\/insideamateurfussball-ffm.de\/wp-content\/uploads\/2024\/10\/tuerkguecuefechenheim6-300x225.jpg 300w, https:\/\/insideamateurfussball-ffm.de\/wp-content\/uploads\/2024\/10\/tuerkguecuefechenheim6-768x576.jpg 768w, https:\/\/insideamateurfussball-ffm.de\/wp-content\/uploads\/2024\/10\/tuerkguecuefechenheim6-1536x1152.jpg 1536w, https:\/\/insideamateurfussball-ffm.de\/wp-content\/uploads\/2024\/10\/tuerkguecuefechenheim6.jpg 2016w\" sizes=\"auto, (max-width: 1024px) 100vw, 1024px\" \/><\/figure>\n\n\n\n<figure class=\"wp-block-image size-large\"><img loading=\"lazy\" decoding=\"async\" width=\"1024\" height=\"768\" src=\"http:\/\/insideamateurfussball-ffm.de\/wp-content\/uploads\/2024\/10\/tuerkguecuefechenheim7-1024x768.jpg\" alt=\"\" class=\"wp-image-21975\" srcset=\"https:\/\/insideamateurfussball-ffm.de\/wp-content\/uploads\/2024\/10\/tuerkguecuefechenheim7-1024x768.jpg 1024w, https:\/\/insideamateurfussball-ffm.de\/wp-content\/uploads\/2024\/10\/tuerkguecuefechenheim7-300x225.jpg 300w, https:\/\/insideamateurfussball-ffm.de\/wp-content\/uploads\/2024\/10\/tuerkguecuefechenheim7-768x576.jpg 768w, https:\/\/insideamateurfussball-ffm.de\/wp-content\/uploads\/2024\/10\/tuerkguecuefechenheim7-1536x1152.jpg 1536w, https:\/\/insideamateurfussball-ffm.de\/wp-content\/uploads\/2024\/10\/tuerkguecuefechenheim7.jpg 2016w\" sizes=\"auto, (max-width: 1024px) 100vw, 1024px\" \/><\/figure>\n\n\n\n<figure class=\"wp-block-image size-large\"><img loading=\"lazy\" decoding=\"async\" width=\"1024\" height=\"768\" src=\"http:\/\/insideamateurfussball-ffm.de\/wp-content\/uploads\/2024\/10\/tuerkguecuefechenheim8-1024x768.jpg\" alt=\"\" class=\"wp-image-21976\" srcset=\"https:\/\/insideamateurfussball-ffm.de\/wp-content\/uploads\/2024\/10\/tuerkguecuefechenheim8-1024x768.jpg 1024w, https:\/\/insideamateurfussball-ffm.de\/wp-content\/uploads\/2024\/10\/tuerkguecuefechenheim8-300x225.jpg 300w, https:\/\/insideamateurfussball-ffm.de\/wp-content\/uploads\/2024\/10\/tuerkguecuefechenheim8-768x576.jpg 768w, https:\/\/insideamateurfussball-ffm.de\/wp-content\/uploads\/2024\/10\/tuerkguecuefechenheim8-1536x1152.jpg 1536w, https:\/\/insideamateurfussball-ffm.de\/wp-content\/uploads\/2024\/10\/tuerkguecuefechenheim8.jpg 2016w\" sizes=\"auto, (max-width: 1024px) 100vw, 1024px\" \/><\/figure>\n","protected":false},"excerpt":{"rendered":"<p>Im Gruppenliga-Duell im Achtelfinale des Frankfurter Kreispokals setzte sich die Spvgg. 03 Fechenheim klar mit 4:0 bei T\u00fcrkg\u00fcc\u00fc Frankfurt durch und muss nun im Viertelfinale beim Gruppenligisten FG Seckbach antreten. T\u00fcrkg\u00fcc\u00fc Frankfurt &#8211; Spvgg. 03 Fechenheim 0:4 (0:3) Am Rebstockgel\u00e4nde empfing die Mannschaft von T\u00fcrkg\u00fcc\u00fc Frankfurt den Ligakonkurrenten Spvgg. 03 Fechenheim zum Achtelfinale im Kreispokal, [&hellip;]<\/p>\n","protected":false},"author":3,"featured_media":21972,"comment_status":"closed","ping_status":"open","sticky":true,"template":"","format":"standard","meta":{"footnotes":""},"categories":[9],"tags":[],"class_list":["post-21967","post","type-post","status-publish","format-standard","has-post-thumbnail","hentry","category-kreispokal"],"_links":{"self":[{"href":"https:\/\/insideamateurfussball-ffm.de\/index.php?rest_route=\/wp\/v2\/posts\/21967","targetHints":{"allow":["GET"]}}],"collection":[{"href":"https:\/\/insideamateurfussball-ffm.de\/index.php?rest_route=\/wp\/v2\/posts"}],"about":[{"href":"https:\/\/insideamateurfussball-ffm.de\/index.php?rest_route=\/wp\/v2\/types\/post"}],"author":[{"embeddable":true,"href":"https:\/\/insideamateurfussball-ffm.de\/index.php?rest_route=\/wp\/v2\/users\/3"}],"replies":[{"embeddable":true,"href":"https:\/\/insideamateurfussball-ffm.de\/index.php?rest_route=%2Fwp%2Fv2%2Fcomments&post=21967"}],"version-history":[{"count":3,"href":"https:\/\/insideamateurfussball-ffm.de\/index.php?rest_route=\/wp\/v2\/posts\/21967\/revisions"}],"predecessor-version":[{"id":21979,"href":"https:\/\/insideamateurfussball-ffm.de\/index.php?rest_route=\/wp\/v2\/posts\/21967\/revisions\/21979"}],"wp:featuredmedia":[{"embeddable":true,"href":"https:\/\/insideamateurfussball-ffm.de\/index.php?rest_route=\/wp\/v2\/media\/21972"}],"wp:attachment":[{"href":"https:\/\/insideamateurfussball-ffm.de\/index.php?rest_route=%2Fwp%2Fv2%2Fmedia&parent=21967"}],"wp:term":[{"taxonomy":"category","embeddable":true,"href":"https:\/\/insideamateurfussball-ffm.de\/index.php?rest_route=%2Fwp%2Fv2%2Fcategories&post=21967"},{"taxonomy":"post_tag","embeddable":true,"href":"https:\/\/insideamateurfussball-ffm.de\/index.php?rest_route=%2Fwp%2Fv2%2Ftags&post=21967"}],"curies":[{"name":"wp","href":"https:\/\/api.w.org\/{rel}","templated":true}]}}