{"id":21955,"date":"2024-10-23T15:12:35","date_gmt":"2024-10-23T13:12:35","guid":{"rendered":"https:\/\/insideamateurfussball-ffm.de\/?p=21955"},"modified":"2024-10-23T15:26:12","modified_gmt":"2024-10-23T13:26:12","slug":"seckbach-mit-muehe-im-viertelfinale","status":"publish","type":"post","link":"https:\/\/insideamateurfussball-ffm.de\/?p=21955","title":{"rendered":"Seckbach mit M\u00fche im Viertelfinale"},"content":{"rendered":"<h5><span style=\"font-size: 16px;\">Kreisoberligist SV 07 Heddernheim lieferte im Achtelfinale dem klassenh\u00f6heren Gruppenligisten insbesondere im zweiten Abschnitt einen Pokalfight, am Ende reichte es f\u00fcr den Au\u00dfenseiter aber im Kreispokal mit 1:2 (0:2) nicht f\u00fcr eine \u00dcberraschung. Die G\u00e4ste sind damit nun schon seit zw\u00f6lf Pflichtspielen ungeschlagen und treffen im Viertelfinale auf den Sieger des heutigen Gruppenliga-Duells TSKV T\u00fcrkg\u00fcc\u00fc &#8211; Spvgg. 03 Fechenheim.\u00a0\u00a0<\/span><\/h5>\n<figure id=\"attachment_21956\" aria-describedby=\"caption-attachment-21956\" style=\"width: 652px\" class=\"wp-caption alignleft\"><img loading=\"lazy\" decoding=\"async\" class=\"wp-image-21956\" src=\"http:\/\/insideamateurfussball-ffm.de\/wp-content\/uploads\/2024\/10\/hed-seck-1024x768.jpg\" alt=\"\" width=\"652\" height=\"489\" srcset=\"https:\/\/insideamateurfussball-ffm.de\/wp-content\/uploads\/2024\/10\/hed-seck-1024x768.jpg 1024w, https:\/\/insideamateurfussball-ffm.de\/wp-content\/uploads\/2024\/10\/hed-seck-300x225.jpg 300w, https:\/\/insideamateurfussball-ffm.de\/wp-content\/uploads\/2024\/10\/hed-seck-768x576.jpg 768w, https:\/\/insideamateurfussball-ffm.de\/wp-content\/uploads\/2024\/10\/hed-seck-1536x1152.jpg 1536w, https:\/\/insideamateurfussball-ffm.de\/wp-content\/uploads\/2024\/10\/hed-seck.jpg 2048w\" sizes=\"auto, (max-width: 652px) 100vw, 652px\" \/><figcaption id=\"caption-attachment-21956\" class=\"wp-caption-text\">Die FG Seckbach hat das Viertelfinale im Kreispokal erreicht. Foto: PA.<\/figcaption><\/figure>\n<h5><span style=\"font-size: 16px;\">SV 07 Heddernheim &#8211; FG Seckbach 1:2 (0:2)<\/span><\/h5>\n<p><img loading=\"lazy\" decoding=\"async\" class=\"alignnone size-full wp-image-302\" src=\"http:\/\/insideamateurfussball-ffm.de\/wp-content\/uploads\/2022\/05\/1sv07_news2_4511-1.jpg\" alt=\"\" width=\"80\" height=\"80\" \/><img loading=\"lazy\" decoding=\"async\" class=\"alignnone size-full wp-image-544\" src=\"http:\/\/insideamateurfussball-ffm.de\/wp-content\/uploads\/2022\/06\/Seckbach.jpg\" alt=\"\" width=\"80\" height=\"80\" \/><\/p>\n<p><span style=\"font-size: 16px;\">Erstmals seit 13 Jahren trafen beide Vereine in einem Pflichtspiel aufeinander, in jener Saison 2011\/12 wurde Seckbach Meister der Kreisoberliga und hat sich seitdem ununterbrochen in der Gruppenliga Frankfurt West gehalten. Die beiden Trainer Andreas Berggold und Manuel May hatten vor der Partie einen regen Austausch. <\/span><\/p>\n<p><span style=\"font-size: 16px;\">Einst hatte der heutige Heddernheimer Trainer beim KSV Klein-Karben den aktuellen Spielertrainer der Seckbacher unter seinen Fittichen. Beide Teams rotierten ein wenig angesichts der anstehenden Meisterschaftsspiele am Sonntag, schickten aber dennoch schlagkr\u00e4ftige Mannschaften in das Pokalmatch. Die G\u00e4ste waren im ersten Durchgang etwas pr\u00e4senter, kamen zu Torsch\u00fcssen durch Torj\u00e4ger Florian Schuberth (SVH-Torh\u00fcter Marc Tomczyk hielt) und Bo Lockl (ans Au\u00dfennetz). Die F\u00fchrung der Seckbacher resultierte aus einem Distanzschuss des Japaners Shuya Harada, da hatte Tomczyk das Nachsehen (27.). Die etwas weniger als 80 Zuschauer sahen dann eine gute Ausgleichschance durch den Heddernheimer Torj\u00e4ger Marcus Kreckel, der aus aussichtsreicher Position an FGS-Torh\u00fcter Jonas Hess scheiterte (37.). Buchst\u00e4blich mit dem Halbzeitpfiff &#8211; Schiedsrichter Tom Wagner pfiff danach sofort zum Pausentee &#8211; markierte Schuberth nach einer Flanke am zweiten Pfosten das 2:0 f\u00fcr den Favoriten (45.\/+1), die wohl spielentscheidende Szene.<\/span><\/p>\n<ul>\n<li><span style=\"font-size: 16px;\"><strong>Kreckel trifft den Innenpfosten<\/strong><\/span><\/li>\n<\/ul>\n<p><span style=\"font-size: 16px;\"> Denn nach dem Seitenwechsel waren die Gr\u00fcn-Wei\u00dfen tonangebend, nachdem Berke Cadir den verletzten Rojhat \u00dcg\u00fct ersetzt hatte. Nach einem Eckball k\u00f6pfte der kleinste Heddernheimer Mann Dogan Nazim Erbulan zum 1:2 ein (58.). Der Treffer gab den Gastgebern Auftrieb, w\u00e4hrend Seckbach seine Konter nicht gut ausspielen konnte. Durch die Hereinnahme von Oliver Solarz f\u00fcr Deb\u00fctant Yaser Akca wurde die Offensive verst\u00e4rkt. Die beste Ausgleichschance hatte Kreckel, der aus der zweiten Reihe den Innenpfosten traf (75.). In der sieben Minuten andauernden Nachspielzeit gab es noch einige Eckb\u00e4lle, die zwei Torchancen einbrachten, ein Ausgleich h\u00e4tte ein sofortiges Elfmeterschie\u00dfen zur Folge gehabt, da beide Clubs auf eine Verl\u00e4ngerung verzichten wollten. Doch die Seckbacher verteidigten den knappen Vorsprung und \u00fcbersprangen die Pokalh\u00fcrde letztlich erfolgreich. &#8222;Das war ein Pokalfight. Seckbach war spielerisch sehr stark. Wir wussten, dass wir mit viel Einsatz und Laufarbeit dagegen halten m\u00fcssen. Das ist uns sehr gut gelungen, wir haben auch versucht anzulaufen und zu pressen. Das Gegentor zum 0:2 war sehr bitter, psychologisch sehr ung\u00fcnstig. Wir wollten aber noch mal alles rein hauen und nach dem Anschluss wurde es ja auch noch mal richtig eng f\u00fcr Seckbach. Da waren wir die spielbestimmende Mannschaft, hatten Pech mit dem Pfostenschuss. Schade, dass wir uns nicht belohnt haben f\u00fcr den Aufwand&#8220;, lautete die Analyse von Berggold. <\/span><\/p>\n<p><span style=\"font-size: 16px;\">Sein fr\u00fcherer Sch\u00fctzling May sah es so: &#8222;Gute erste Halbzeit gespielt, eigentlich perfekt mit dem 2:0 kurz vor der Pause. Dann haben wir verpasst, das 3:0 nachzulegen. Durch den Anschlusstreffer wurde es zum Pokalfight, was wir vermeiden wollten. Der Gegner kam noch einmal auf, wir konnten den Sack nicht mit einem ordentlichen Konter zu machen. Hintenraus hatten wir Gl\u00fcck mit dem Pfostenschuss, haben einmal auf der Linie gerettet und unser Torwart hat gut gehalten. Die Chancen f\u00fcr Heddernheim waren da, Respekt an den Gegner wie sie zur\u00fcckgekommen sind. Wir haben sie aber stark gemacht und freuen uns auf die n\u00e4chste Runde.&#8220; Am Sonntag haben beide Teams Heimspiele in ihren Ligen. F\u00fcr Heddernheim steht in der Kreisoberliga das wichtige Heimspiel gegen den R\u00f6delheimer FC an (15 Uhr). Seckbach erwartet um 15.30 Uhr in der Gruppenliga den Tabellenletzten FFV Sportfreunde 04.\u00a0<\/span><\/p>\n<ul>\n<li><strong><span style=\"font-size: 16px;\">Schiedsrichter: Tom Wagner (SV Niederursel).<\/span><\/strong><\/li>\n<li><strong><span style=\"font-size: 16px;\">Zuschauer: 79.\u00a0<\/span><\/strong><\/li>\n<li><strong><span style=\"font-size: 16px;\">Tore: 0:1 Shuya Harada (27.), 0:2 Florian Schuberth (45.\/+1), 1:2 Dogan Nazim Erbulan (58.).<\/span><\/strong><\/li>\n<\/ul>\n\n\n<figure class=\"wp-block-gallery has-nested-images columns-default is-cropped wp-block-gallery-1 is-layout-flex wp-block-gallery-is-layout-flex\">\n<figure class=\"wp-block-image size-large\"><img loading=\"lazy\" decoding=\"async\" width=\"1024\" height=\"768\" data-id=\"21957\" src=\"https:\/\/insideamateurfussball-ffm.de\/wp-content\/uploads\/2024\/10\/hed-seck1-1024x768.jpg\" alt=\"\" class=\"wp-image-21957\" srcset=\"https:\/\/insideamateurfussball-ffm.de\/wp-content\/uploads\/2024\/10\/hed-seck1-1024x768.jpg 1024w, https:\/\/insideamateurfussball-ffm.de\/wp-content\/uploads\/2024\/10\/hed-seck1-300x225.jpg 300w, https:\/\/insideamateurfussball-ffm.de\/wp-content\/uploads\/2024\/10\/hed-seck1-768x576.jpg 768w, https:\/\/insideamateurfussball-ffm.de\/wp-content\/uploads\/2024\/10\/hed-seck1-1536x1152.jpg 1536w, https:\/\/insideamateurfussball-ffm.de\/wp-content\/uploads\/2024\/10\/hed-seck1.jpg 2048w\" sizes=\"auto, (max-width: 1024px) 100vw, 1024px\" \/><\/figure>\n<\/figure>\n\n\n\n<figure class=\"wp-block-image size-large\"><img loading=\"lazy\" decoding=\"async\" width=\"1024\" height=\"768\" src=\"https:\/\/insideamateurfussball-ffm.de\/wp-content\/uploads\/2024\/10\/hed-seck2-1024x768.jpg\" alt=\"\" class=\"wp-image-21958\" srcset=\"https:\/\/insideamateurfussball-ffm.de\/wp-content\/uploads\/2024\/10\/hed-seck2-1024x768.jpg 1024w, https:\/\/insideamateurfussball-ffm.de\/wp-content\/uploads\/2024\/10\/hed-seck2-300x225.jpg 300w, https:\/\/insideamateurfussball-ffm.de\/wp-content\/uploads\/2024\/10\/hed-seck2-768x576.jpg 768w, https:\/\/insideamateurfussball-ffm.de\/wp-content\/uploads\/2024\/10\/hed-seck2-1536x1152.jpg 1536w, https:\/\/insideamateurfussball-ffm.de\/wp-content\/uploads\/2024\/10\/hed-seck2.jpg 2048w\" sizes=\"auto, (max-width: 1024px) 100vw, 1024px\" \/><\/figure>\n\n\n\n<figure class=\"wp-block-image size-large\"><img loading=\"lazy\" decoding=\"async\" width=\"1024\" height=\"768\" src=\"https:\/\/insideamateurfussball-ffm.de\/wp-content\/uploads\/2024\/10\/hed-seck3-1024x768.jpg\" alt=\"\" class=\"wp-image-21959\" srcset=\"https:\/\/insideamateurfussball-ffm.de\/wp-content\/uploads\/2024\/10\/hed-seck3-1024x768.jpg 1024w, https:\/\/insideamateurfussball-ffm.de\/wp-content\/uploads\/2024\/10\/hed-seck3-300x225.jpg 300w, https:\/\/insideamateurfussball-ffm.de\/wp-content\/uploads\/2024\/10\/hed-seck3-768x576.jpg 768w, https:\/\/insideamateurfussball-ffm.de\/wp-content\/uploads\/2024\/10\/hed-seck3-1536x1152.jpg 1536w, https:\/\/insideamateurfussball-ffm.de\/wp-content\/uploads\/2024\/10\/hed-seck3.jpg 2048w\" sizes=\"auto, (max-width: 1024px) 100vw, 1024px\" \/><\/figure>\n\n\n\n<figure class=\"wp-block-gallery has-nested-images columns-default is-cropped wp-block-gallery-2 is-layout-flex wp-block-gallery-is-layout-flex\">\n<figure class=\"wp-block-image size-large\"><img loading=\"lazy\" decoding=\"async\" width=\"1024\" height=\"768\" data-id=\"21960\" src=\"https:\/\/insideamateurfussball-ffm.de\/wp-content\/uploads\/2024\/10\/hed-seck4-1024x768.jpg\" alt=\"\" class=\"wp-image-21960\" srcset=\"https:\/\/insideamateurfussball-ffm.de\/wp-content\/uploads\/2024\/10\/hed-seck4-1024x768.jpg 1024w, https:\/\/insideamateurfussball-ffm.de\/wp-content\/uploads\/2024\/10\/hed-seck4-300x225.jpg 300w, https:\/\/insideamateurfussball-ffm.de\/wp-content\/uploads\/2024\/10\/hed-seck4-768x576.jpg 768w, https:\/\/insideamateurfussball-ffm.de\/wp-content\/uploads\/2024\/10\/hed-seck4-1536x1152.jpg 1536w, https:\/\/insideamateurfussball-ffm.de\/wp-content\/uploads\/2024\/10\/hed-seck4.jpg 2048w\" sizes=\"auto, (max-width: 1024px) 100vw, 1024px\" \/><\/figure>\n<\/figure>\n\n\n\n<figure class=\"wp-block-gallery has-nested-images columns-default is-cropped wp-block-gallery-3 is-layout-flex wp-block-gallery-is-layout-flex\">\n<figure class=\"wp-block-image size-large\"><img loading=\"lazy\" decoding=\"async\" width=\"1024\" height=\"768\" data-id=\"21961\" src=\"https:\/\/insideamateurfussball-ffm.de\/wp-content\/uploads\/2024\/10\/hed-seck5-1024x768.jpg\" alt=\"\" class=\"wp-image-21961\" srcset=\"https:\/\/insideamateurfussball-ffm.de\/wp-content\/uploads\/2024\/10\/hed-seck5-1024x768.jpg 1024w, https:\/\/insideamateurfussball-ffm.de\/wp-content\/uploads\/2024\/10\/hed-seck5-300x225.jpg 300w, https:\/\/insideamateurfussball-ffm.de\/wp-content\/uploads\/2024\/10\/hed-seck5-768x576.jpg 768w, https:\/\/insideamateurfussball-ffm.de\/wp-content\/uploads\/2024\/10\/hed-seck5-1536x1152.jpg 1536w, https:\/\/insideamateurfussball-ffm.de\/wp-content\/uploads\/2024\/10\/hed-seck5.jpg 2048w\" sizes=\"auto, (max-width: 1024px) 100vw, 1024px\" \/><\/figure>\n<\/figure>\n","protected":false},"excerpt":{"rendered":"<p>Kreisoberligist SV 07 Heddernheim lieferte im Achtelfinale dem klassenh\u00f6heren Gruppenligisten insbesondere im zweiten Abschnitt einen Pokalfight, am Ende reichte es f\u00fcr den Au\u00dfenseiter aber im Kreispokal mit 1:2 (0:2) nicht f\u00fcr eine \u00dcberraschung. Die G\u00e4ste sind damit nun schon seit zw\u00f6lf Pflichtspielen ungeschlagen und treffen im Viertelfinale auf den Sieger des heutigen Gruppenliga-Duells TSKV T\u00fcrkg\u00fcc\u00fc [&hellip;]<\/p>\n","protected":false},"author":1,"featured_media":21956,"comment_status":"closed","ping_status":"closed","sticky":true,"template":"","format":"standard","meta":{"footnotes":""},"categories":[9],"tags":[],"class_list":["post-21955","post","type-post","status-publish","format-standard","has-post-thumbnail","hentry","category-kreispokal"],"_links":{"self":[{"href":"https:\/\/insideamateurfussball-ffm.de\/index.php?rest_route=\/wp\/v2\/posts\/21955","targetHints":{"allow":["GET"]}}],"collection":[{"href":"https:\/\/insideamateurfussball-ffm.de\/index.php?rest_route=\/wp\/v2\/posts"}],"about":[{"href":"https:\/\/insideamateurfussball-ffm.de\/index.php?rest_route=\/wp\/v2\/types\/post"}],"author":[{"embeddable":true,"href":"https:\/\/insideamateurfussball-ffm.de\/index.php?rest_route=\/wp\/v2\/users\/1"}],"replies":[{"embeddable":true,"href":"https:\/\/insideamateurfussball-ffm.de\/index.php?rest_route=%2Fwp%2Fv2%2Fcomments&post=21955"}],"version-history":[{"count":5,"href":"https:\/\/insideamateurfussball-ffm.de\/index.php?rest_route=\/wp\/v2\/posts\/21955\/revisions"}],"predecessor-version":[{"id":21966,"href":"https:\/\/insideamateurfussball-ffm.de\/index.php?rest_route=\/wp\/v2\/posts\/21955\/revisions\/21966"}],"wp:featuredmedia":[{"embeddable":true,"href":"https:\/\/insideamateurfussball-ffm.de\/index.php?rest_route=\/wp\/v2\/media\/21956"}],"wp:attachment":[{"href":"https:\/\/insideamateurfussball-ffm.de\/index.php?rest_route=%2Fwp%2Fv2%2Fmedia&parent=21955"}],"wp:term":[{"taxonomy":"category","embeddable":true,"href":"https:\/\/insideamateurfussball-ffm.de\/index.php?rest_route=%2Fwp%2Fv2%2Fcategories&post=21955"},{"taxonomy":"post_tag","embeddable":true,"href":"https:\/\/insideamateurfussball-ffm.de\/index.php?rest_route=%2Fwp%2Fv2%2Ftags&post=21955"}],"curies":[{"name":"wp","href":"https:\/\/api.w.org\/{rel}","templated":true}]}}