{"id":21936,"date":"2024-10-22T17:08:39","date_gmt":"2024-10-22T15:08:39","guid":{"rendered":"https:\/\/insideamateurfussball-ffm.de\/?p=21936"},"modified":"2024-10-22T17:11:26","modified_gmt":"2024-10-22T15:11:26","slug":"fabian-knapp-mann-fuer-alle-faelle","status":"publish","type":"post","link":"https:\/\/insideamateurfussball-ffm.de\/?p=21936","title":{"rendered":"Fabian Knapp: Mann f\u00fcr alle F\u00e4lle in Oberrad"},"content":{"rendered":"<h4>Bei der Spvgg. 05 Oberrad ist Fabian Knapp der Mann f\u00fcr alle F\u00e4lle. Der Platzwart springt an der Beckerwiese immer dann ein, wenn er gebraucht wird. Als Spieler half er schon mal gerne vor acht Jahren in der Reserve aus, die seinerzeit noch in der Kreisoberliga immer wieder Personalprobleme hatte.<\/h4>\n<figure id=\"attachment_21937\" aria-describedby=\"caption-attachment-21937\" style=\"width: 1080px\" class=\"wp-caption alignnone\"><img loading=\"lazy\" decoding=\"async\" class=\"wp-image-21937 size-full\" src=\"http:\/\/insideamateurfussball-ffm.de\/wp-content\/uploads\/2024\/10\/Foto-Fabian-Knapp.jpg\" alt=\"\" width=\"1080\" height=\"1920\" srcset=\"https:\/\/insideamateurfussball-ffm.de\/wp-content\/uploads\/2024\/10\/Foto-Fabian-Knapp.jpg 1080w, https:\/\/insideamateurfussball-ffm.de\/wp-content\/uploads\/2024\/10\/Foto-Fabian-Knapp-169x300.jpg 169w, https:\/\/insideamateurfussball-ffm.de\/wp-content\/uploads\/2024\/10\/Foto-Fabian-Knapp-576x1024.jpg 576w, https:\/\/insideamateurfussball-ffm.de\/wp-content\/uploads\/2024\/10\/Foto-Fabian-Knapp-768x1365.jpg 768w, https:\/\/insideamateurfussball-ffm.de\/wp-content\/uploads\/2024\/10\/Foto-Fabian-Knapp-864x1536.jpg 864w\" sizes=\"auto, (max-width: 1080px) 100vw, 1080px\" \/><figcaption id=\"caption-attachment-21937\" class=\"wp-caption-text\">Oberrads Platzwart Fabian Knapp. Foto: PA.<\/figcaption><\/figure>\n<p><img loading=\"lazy\" decoding=\"async\" class=\"alignnone size-full wp-image-137\" src=\"http:\/\/insideamateurfussball-ffm.de\/wp-content\/uploads\/2022\/05\/Oberrad05.jpg\" alt=\"\" width=\"79\" height=\"80\" \/><\/p>\n<p>Selber gegen den Ball getreten hatte Knapp zuvor in einem Verein nie. Ungeachtet dessen gab er in der Saison 2016\/17 sogar sein Verbandsliga-Deb\u00fct. Im letzten Saisonspiel der Ersten Mannschaft gegen die Usinger TSG (1:3) wurde Knapp drei Minuten vor Schluss eingewechselt und verwandelte in der Nachspielzeit mit der Pike einen Foulelfmeter. Vor dem Heimspiel in der Kreisliga B Frankfurt (Gruppe 2) gegen den SV Sachsenhausen II meldete sich Trainer Florian Riegel mit einer heisernen Stimme ab, verfolgte die Partie aber von den R\u00e4ngen.<\/p>\n<p>A-Jugend-Trainer Edwin Plancic \u00fcbernahm und brauchte einen Co-Trainer zur Unterst\u00fctzung. Spontan sprach er den Platzmeister Knapp an, der sofort bereit war, die Rolle zu \u00fcbernehmen. &#8222;Ich stand als Mannschaftverantwortlicher auf dem Spielberichtsbogen und war eine Art Co-Trainer in Verbindung mit einem Mentaltrainer oder Motivationscoach. Es ging mir darum, auch mal einen Perspektivwechsel vorzunehmen, um die Sicht eines Trainers kennenzulernen&#8220;, sagte Knapp.<\/p>\n<blockquote>\n<h4>Oberrad II springt auf Rang drei<\/h4>\n<\/blockquote>\n<p>Der Einsatz war durchaus von Erfolg gekr\u00f6nt, denn Oberrad II gewann das Heimspiel mit 4:3 (0:2), obwohl die G\u00e4ste durch Michele Lenza (38.), Patrick Masendorf (44.) und erneut Lenza (47.) mit 3:0 f\u00fchrten. Innerhalb von zehn Minuten kamen die Oberr\u00e4der aber zu drei Toren durch Antonio Leovac (56.), Maksimilian Matijevic (59.) und den Foulelfmeter von Wiktor Swiadek (66.) zu drei Toren und damit zum Ausgleich. Den Siegtreffer markierte Leovac kurz vor Schluss (86.). Damit sprang Oberrad II auf den dritten Tabellenplatz und liegt nur noch einen Punkt hinter dem zweiten Platz, der ja in die Relegation zur A-Klasse f\u00fchrt.<\/p>\n<p>&#8222;Ein Sieg der Mentalit\u00e4t&#8220;, kommentierte Knapp die Aufholjagd. &#8222;Ich habe in der Halbzeit eine Ansprache gehalten, dass wir das Spiel noch drehen werden. Das haben wir sehr gut umgesetzt&#8220;, freute sich Knapp. Auch Cheftrainer Florian Riegel freute sich \u00fcber den Einsatz des Platzwartes an der Seitenlinie: &#8222;Das war aufregend zu beobachten. Super, wie wir das gedreht haben.&#8220; Knapp nahm es als gelungene Abwechslung auf: &#8222;Ich habe alle Zyklen kennengelernt vom Aufw\u00e4rmen bis zur Kabinenansprache und zur Spielanalyse. Das war eine tolle Erfahrung f\u00fcr mich.&#8220;<\/p>\n","protected":false},"excerpt":{"rendered":"<p>Bei der Spvgg. 05 Oberrad ist Fabian Knapp der Mann f\u00fcr alle F\u00e4lle. Der Platzwart springt an der Beckerwiese immer dann ein, wenn er gebraucht wird. Als Spieler half er schon mal gerne vor acht Jahren in der Reserve aus, die seinerzeit noch in der Kreisoberliga immer wieder Personalprobleme hatte. Selber gegen den Ball getreten [&hellip;]<\/p>\n","protected":false},"author":1,"featured_media":21937,"comment_status":"closed","ping_status":"closed","sticky":true,"template":"","format":"standard","meta":{"footnotes":""},"categories":[11],"tags":[],"class_list":["post-21936","post","type-post","status-publish","format-standard","has-post-thumbnail","hentry","category-kreisliga-b"],"_links":{"self":[{"href":"https:\/\/insideamateurfussball-ffm.de\/index.php?rest_route=\/wp\/v2\/posts\/21936","targetHints":{"allow":["GET"]}}],"collection":[{"href":"https:\/\/insideamateurfussball-ffm.de\/index.php?rest_route=\/wp\/v2\/posts"}],"about":[{"href":"https:\/\/insideamateurfussball-ffm.de\/index.php?rest_route=\/wp\/v2\/types\/post"}],"author":[{"embeddable":true,"href":"https:\/\/insideamateurfussball-ffm.de\/index.php?rest_route=\/wp\/v2\/users\/1"}],"replies":[{"embeddable":true,"href":"https:\/\/insideamateurfussball-ffm.de\/index.php?rest_route=%2Fwp%2Fv2%2Fcomments&post=21936"}],"version-history":[{"count":2,"href":"https:\/\/insideamateurfussball-ffm.de\/index.php?rest_route=\/wp\/v2\/posts\/21936\/revisions"}],"predecessor-version":[{"id":21939,"href":"https:\/\/insideamateurfussball-ffm.de\/index.php?rest_route=\/wp\/v2\/posts\/21936\/revisions\/21939"}],"wp:featuredmedia":[{"embeddable":true,"href":"https:\/\/insideamateurfussball-ffm.de\/index.php?rest_route=\/wp\/v2\/media\/21937"}],"wp:attachment":[{"href":"https:\/\/insideamateurfussball-ffm.de\/index.php?rest_route=%2Fwp%2Fv2%2Fmedia&parent=21936"}],"wp:term":[{"taxonomy":"category","embeddable":true,"href":"https:\/\/insideamateurfussball-ffm.de\/index.php?rest_route=%2Fwp%2Fv2%2Fcategories&post=21936"},{"taxonomy":"post_tag","embeddable":true,"href":"https:\/\/insideamateurfussball-ffm.de\/index.php?rest_route=%2Fwp%2Fv2%2Ftags&post=21936"}],"curies":[{"name":"wp","href":"https:\/\/api.w.org\/{rel}","templated":true}]}}