{"id":21933,"date":"2024-10-22T11:46:45","date_gmt":"2024-10-22T09:46:45","guid":{"rendered":"https:\/\/insideamateurfussball-ffm.de\/?p=21933"},"modified":"2024-10-22T11:46:45","modified_gmt":"2024-10-22T09:46:45","slug":"kreispokal-achtelfinale-diese-woche","status":"publish","type":"post","link":"https:\/\/insideamateurfussball-ffm.de\/?p=21933","title":{"rendered":"Kreispokal: Achtelfinale diese Woche"},"content":{"rendered":"<h4>Von Dienstag bis Donnerstag wird im Kreispokal Frankfurt das Achtelfinale ausgespielt. Beide Verbandsligisten sind bereits in der zweiten Runde ausgeschieden.<\/h4>\n<figure id=\"attachment_19763\" aria-describedby=\"caption-attachment-19763\" style=\"width: 709px\" class=\"wp-caption alignnone\"><img loading=\"lazy\" decoding=\"async\" class=\"wp-image-19763 size-full\" src=\"http:\/\/insideamateurfussball-ffm.de\/wp-content\/uploads\/2024\/06\/rrrrrrr-pokal.jpg\" alt=\"\" width=\"709\" height=\"524\" srcset=\"https:\/\/insideamateurfussball-ffm.de\/wp-content\/uploads\/2024\/06\/rrrrrrr-pokal.jpg 709w, https:\/\/insideamateurfussball-ffm.de\/wp-content\/uploads\/2024\/06\/rrrrrrr-pokal-300x222.jpg 300w\" sizes=\"auto, (max-width: 709px) 100vw, 709px\" \/><figcaption id=\"caption-attachment-19763\" class=\"wp-caption-text\">Das Achtelfinale im Kreispokal Frankfurt steht an.<\/figcaption><\/figure>\n<h4>FC Fortuna Frankfurt &#8211; Spvgg. 05 Oberrad<\/h4>\n<p>(Dienstag, 20:00 Uhr)<\/p>\n<p><img loading=\"lazy\" decoding=\"async\" class=\"alignnone size-full wp-image-19823\" src=\"http:\/\/insideamateurfussball-ffm.de\/wp-content\/uploads\/2024\/07\/fortuna-neu.png\" alt=\"\" width=\"80\" height=\"80\" \/><img loading=\"lazy\" decoding=\"async\" class=\"alignnone size-full wp-image-137\" src=\"http:\/\/insideamateurfussball-ffm.de\/wp-content\/uploads\/2022\/05\/Oberrad05.jpg\" alt=\"\" width=\"79\" height=\"80\" \/><\/p>\n<h4>SV 07 Heddernheim &#8211; FG Seckbach<\/h4>\n<p>(Dienstag, 20:15 Uhr)<\/p>\n<p><img loading=\"lazy\" decoding=\"async\" class=\"alignnone size-full wp-image-302\" src=\"http:\/\/insideamateurfussball-ffm.de\/wp-content\/uploads\/2022\/05\/1sv07_news2_4511-1.jpg\" alt=\"\" width=\"80\" height=\"80\" \/><img loading=\"lazy\" decoding=\"async\" class=\"alignnone size-full wp-image-544\" src=\"http:\/\/insideamateurfussball-ffm.de\/wp-content\/uploads\/2022\/06\/Seckbach.jpg\" alt=\"\" width=\"80\" height=\"80\" \/><\/p>\n<h4>T\u00fcrkg\u00fcc\u00fc Frankfurt &#8211; Spvgg. 03 Fechenheim<\/h4>\n<p>(Mittwoch, 19:30 Uhr, Rebstock, Am R\u00f6merhof 9)<\/p>\n<p><img loading=\"lazy\" decoding=\"async\" class=\"alignnone size-full wp-image-17\" src=\"http:\/\/insideamateurfussball-ffm.de\/wp-content\/uploads\/2021\/11\/Tuerkguecue.jpg\" alt=\"\" width=\"72\" height=\"80\" \/><img loading=\"lazy\" decoding=\"async\" class=\"alignnone size-full wp-image-603\" src=\"http:\/\/insideamateurfussball-ffm.de\/wp-content\/uploads\/2022\/06\/Fech03.jpg\" alt=\"\" width=\"52\" height=\"80\" \/><\/p>\n<h4>SC Riedberg &#8211; FFV Sportfreunde 04<\/h4>\n<p>(Mittwoch, 20:00 Uhr)<\/p>\n<p><img loading=\"lazy\" decoding=\"async\" class=\"alignnone size-full wp-image-16632\" src=\"http:\/\/insideamateurfussball-ffm.de\/wp-content\/uploads\/2024\/02\/SC-Riedberg-neu.png\" alt=\"\" width=\"80\" height=\"80\" \/><img loading=\"lazy\" decoding=\"async\" class=\"alignnone size-full wp-image-141\" src=\"http:\/\/insideamateurfussball-ffm.de\/wp-content\/uploads\/2022\/05\/Speuzer.jpg\" alt=\"\" width=\"80\" height=\"80\" \/><\/p>\n<h4>FC Germania 08 Ginnheim &#8211; FC Tempo<\/h4>\n<p>(Mittwoch, 20:00 Uhr)<\/p>\n<p><img loading=\"lazy\" decoding=\"async\" class=\"alignnone size-full wp-image-3205\" src=\"http:\/\/insideamateurfussball-ffm.de\/wp-content\/uploads\/2022\/10\/Ginnheim.jpg\" alt=\"\" width=\"80\" height=\"80\" \/><img loading=\"lazy\" decoding=\"async\" class=\"alignnone size-full wp-image-31\" src=\"http:\/\/insideamateurfussball-ffm.de\/wp-content\/uploads\/2021\/11\/Tempo.jpg\" alt=\"\" width=\"80\" height=\"80\" \/><\/p>\n<h4>VfR Bockenheim &#8211; 1.R\u00f6delheimer FC 02<\/h4>\n<p>(Donnerstag, 19:00 Uhr)<\/p>\n<p><img loading=\"lazy\" decoding=\"async\" class=\"alignnone size-full wp-image-334\" src=\"http:\/\/insideamateurfussball-ffm.de\/wp-content\/uploads\/2022\/05\/Bockenheim.jpg\" alt=\"\" width=\"78\" height=\"80\" \/><img loading=\"lazy\" decoding=\"async\" class=\"alignnone size-full wp-image-932\" src=\"http:\/\/insideamateurfussball-ffm.de\/wp-content\/uploads\/2022\/06\/Roedelheim.jpg\" alt=\"\" width=\"80\" height=\"73\" \/><\/p>\n<h4>DJK SW Griesheim &#8211; FC Kalbach<\/h4>\n<p>(Donnerstag, 20:00 Uhr)<\/p>\n<p><img loading=\"lazy\" decoding=\"async\" class=\"alignnone size-full wp-image-172\" src=\"http:\/\/insideamateurfussball-ffm.de\/wp-content\/uploads\/2022\/05\/DJK-SW-G.jpg\" alt=\"\" width=\"80\" height=\"80\" \/><img loading=\"lazy\" decoding=\"async\" class=\"alignnone size-full wp-image-16\" src=\"http:\/\/insideamateurfussball-ffm.de\/wp-content\/uploads\/2021\/11\/kalbach-wappen.jpg\" alt=\"\" width=\"80\" height=\"80\" \/><\/p>\n<h4>FV 1920 Hausen &#8211; SG Harheim<\/h4>\n<p>(Donnerstag, 20:00 Uhr)<\/p>\n<p><img loading=\"lazy\" decoding=\"async\" class=\"alignnone size-full wp-image-12700\" src=\"http:\/\/insideamateurfussball-ffm.de\/wp-content\/uploads\/2023\/09\/Hausen.jpg\" alt=\"\" width=\"80\" height=\"60\" \/><img loading=\"lazy\" decoding=\"async\" class=\"alignnone size-full wp-image-284\" src=\"http:\/\/insideamateurfussball-ffm.de\/wp-content\/uploads\/2022\/05\/Harheim.jpg\" alt=\"\" width=\"78\" height=\"80\" \/><\/p>\n","protected":false},"excerpt":{"rendered":"<p>Von Dienstag bis Donnerstag wird im Kreispokal Frankfurt das Achtelfinale ausgespielt. Beide Verbandsligisten sind bereits in der zweiten Runde ausgeschieden. FC Fortuna Frankfurt &#8211; Spvgg. 05 Oberrad (Dienstag, 20:00 Uhr) SV 07 Heddernheim &#8211; FG Seckbach (Dienstag, 20:15 Uhr) T\u00fcrkg\u00fcc\u00fc Frankfurt &#8211; Spvgg. 03 Fechenheim (Mittwoch, 19:30 Uhr, Rebstock, Am R\u00f6merhof 9) SC Riedberg &#8211; [&hellip;]<\/p>\n","protected":false},"author":3,"featured_media":19763,"comment_status":"closed","ping_status":"open","sticky":true,"template":"","format":"standard","meta":{"footnotes":""},"categories":[9],"tags":[],"class_list":["post-21933","post","type-post","status-publish","format-standard","has-post-thumbnail","hentry","category-kreispokal"],"_links":{"self":[{"href":"https:\/\/insideamateurfussball-ffm.de\/index.php?rest_route=\/wp\/v2\/posts\/21933","targetHints":{"allow":["GET"]}}],"collection":[{"href":"https:\/\/insideamateurfussball-ffm.de\/index.php?rest_route=\/wp\/v2\/posts"}],"about":[{"href":"https:\/\/insideamateurfussball-ffm.de\/index.php?rest_route=\/wp\/v2\/types\/post"}],"author":[{"embeddable":true,"href":"https:\/\/insideamateurfussball-ffm.de\/index.php?rest_route=\/wp\/v2\/users\/3"}],"replies":[{"embeddable":true,"href":"https:\/\/insideamateurfussball-ffm.de\/index.php?rest_route=%2Fwp%2Fv2%2Fcomments&post=21933"}],"version-history":[{"count":1,"href":"https:\/\/insideamateurfussball-ffm.de\/index.php?rest_route=\/wp\/v2\/posts\/21933\/revisions"}],"predecessor-version":[{"id":21934,"href":"https:\/\/insideamateurfussball-ffm.de\/index.php?rest_route=\/wp\/v2\/posts\/21933\/revisions\/21934"}],"wp:featuredmedia":[{"embeddable":true,"href":"https:\/\/insideamateurfussball-ffm.de\/index.php?rest_route=\/wp\/v2\/media\/19763"}],"wp:attachment":[{"href":"https:\/\/insideamateurfussball-ffm.de\/index.php?rest_route=%2Fwp%2Fv2%2Fmedia&parent=21933"}],"wp:term":[{"taxonomy":"category","embeddable":true,"href":"https:\/\/insideamateurfussball-ffm.de\/index.php?rest_route=%2Fwp%2Fv2%2Fcategories&post=21933"},{"taxonomy":"post_tag","embeddable":true,"href":"https:\/\/insideamateurfussball-ffm.de\/index.php?rest_route=%2Fwp%2Fv2%2Ftags&post=21933"}],"curies":[{"name":"wp","href":"https:\/\/api.w.org\/{rel}","templated":true}]}}