{"id":21896,"date":"2024-10-21T18:39:17","date_gmt":"2024-10-21T16:39:17","guid":{"rendered":"https:\/\/insideamateurfussball-ffm.de\/?p=21896"},"modified":"2024-10-21T21:16:04","modified_gmt":"2024-10-21T19:16:04","slug":"roedelheim-rueckt-auf-rang-neun-vor","status":"publish","type":"post","link":"https:\/\/insideamateurfussball-ffm.de\/?p=21896","title":{"rendered":"R\u00f6delheim r\u00fcckt auf Rang neun vor"},"content":{"rendered":"<h4>Mit dem dritten Saisonsieg sprang der R\u00f6delheimer FC durch das 4:2 (3:1) gegen Germania Enkheim am Aufsteiger vorbei auf Rang neun der Tabelle. Die G\u00e4ste sind nun schon seit acht Spielen ohne dreifachen Punktgewinn.<\/h4>\n<figure id=\"attachment_21897\" aria-describedby=\"caption-attachment-21897\" style=\"width: 2048px\" class=\"wp-caption alignnone\"><img loading=\"lazy\" decoding=\"async\" class=\"wp-image-21897 size-full\" src=\"http:\/\/insideamateurfussball-ffm.de\/wp-content\/uploads\/2024\/10\/Adam-Zazoua.jpg\" alt=\"\" width=\"2048\" height=\"1365\" srcset=\"https:\/\/insideamateurfussball-ffm.de\/wp-content\/uploads\/2024\/10\/Adam-Zazoua.jpg 2048w, https:\/\/insideamateurfussball-ffm.de\/wp-content\/uploads\/2024\/10\/Adam-Zazoua-300x200.jpg 300w, https:\/\/insideamateurfussball-ffm.de\/wp-content\/uploads\/2024\/10\/Adam-Zazoua-1024x683.jpg 1024w, https:\/\/insideamateurfussball-ffm.de\/wp-content\/uploads\/2024\/10\/Adam-Zazoua-768x512.jpg 768w, https:\/\/insideamateurfussball-ffm.de\/wp-content\/uploads\/2024\/10\/Adam-Zazoua-1536x1024.jpg 1536w\" sizes=\"auto, (max-width: 2048px) 100vw, 2048px\" \/><figcaption id=\"caption-attachment-21897\" class=\"wp-caption-text\">R\u00f6delheims Adam Zazoua erzielte das 3:1. Foto: Dago Reinprecht.<\/figcaption><\/figure>\n<h4>1. R\u00f6delheimer FC 02 &#8211; FC Germania Enkheim 4:2 (3:1)<\/h4>\n<p><img loading=\"lazy\" decoding=\"async\" class=\"alignnone size-full wp-image-333\" src=\"http:\/\/insideamateurfussball-ffm.de\/wp-content\/uploads\/2022\/05\/Roedelheim.jpg\" alt=\"\" width=\"80\" height=\"73\" \/><img loading=\"lazy\" decoding=\"async\" class=\"alignnone size-full wp-image-1537\" src=\"http:\/\/insideamateurfussball-ffm.de\/wp-content\/uploads\/2022\/07\/Enkheim.jpg\" alt=\"\" width=\"63\" height=\"80\" \/><\/p>\n<p>Die Paarung hatte eine Vorgeschichte. Im Juni 2023 sicherten sich die R\u00f6delheimer im entscheidenden Relegationsspiel gegen Enkheim mit einem 5:1-Sieg den Aufstieg in die Kreisoberliga. Die Germania kam ein Jahr sp\u00e4ter nach und jetzt sah man sich 16 Monate sp\u00e4ter am Bottenhorner Weg wieder. &#8222;Das war ein hochverdienter Sieg f\u00fcr uns aufgrund einer \u00fcberragenden ersten Halbzeit mit drei sch\u00f6n herausgespielten Toren. Gegen eine gute Enkheimer Mannschaft w\u00e4ren bei besserer Konzentration noch mehr Tore in der ersten Halbzeit m\u00f6glich gewesen&#8220;, berichtete RFC-Pressesprecher Volker Flauaus.<\/p>\n<p>Der Club begann b\u00e4renstark und dr\u00fcckte die Enkheimer oft in die eigene H\u00e4lfte. Nach 13 Minuten brachte Mert \u00d6zbek einen Freisto\u00df gef\u00e4hrlich aufs lange Eck, von Niklas Vogt noch leicht abgef\u00e4lscht fand der Ball den Weg ins Tor. Als sich Nima Razdar einen haarstr\u00e4ubenden Ballverlust in der Vorw\u00e4rtsbewegung leistete fiel aus dem Nichts der Ausgleich durch Eray Aksoy (23.). Die R\u00f6delheimer verloren nun phasenweise v\u00f6llig den Faden und lie\u00dfen sich selbst hinten reindr\u00e4ngen, erst die erneute F\u00fchrung (30.) von Vogt nach starker Vorarbeit von Enno Lang verschaffte den Gastgeber wieder etwas Luft.<\/p>\n<blockquote>\n<h4>Punkte blieben hochverdient an der Westerbach<\/h4>\n<\/blockquote>\n<p>Als sich der starke Ali Osman \u00fcber die rechte Seite durchsetzte und punktgenau auf den zweiten Pfosten flankte (43.) war Adam Zazoua zur Stelle und erzielte die beruhigende 3:1-Pausenf\u00fchrung. Nach 57 Minuten leistete sich Jun Sub Byun ein Foul an der Strafraumgrenze, die G\u00e4ste verk\u00fcrzten durch den verh\u00e4ngten Elfmeter durch Aksoy. Es brauchte jedoch nicht lange gezittert werden, schon 3 Minuten sp\u00e4ter knallte Omar El Idrissi Errahhali den Ball zum 4:2 unter die Latte. Gianni Gioia durfte sich noch das eine oder andere Mal auszeichnen, am Ende blieben die Punkte hochverdient an der Westerbach.<\/p>\n<p>Enkheims Trainer Steffen Wittig war entt\u00e4uscht: &#8222;Der Sieg f\u00fcr R\u00f6delheim geht in Ordnung. Wir haben zu einfache Tore gefangen, auch nach dem Anschlusstreffer zum 2:3. Wir sind momentan zu harmlos und man hat das Gef\u00fchl, dass wir uns zu wenig gegen Niederlagen wehren. Wir m\u00fcssen dringend wieder als Team auftreten und gemeinsam k\u00e4mpfen, um wieder Punkte einzufahren.&#8220; Am Donnerstag sind die R\u00f6delheimer im Achtelfinale des Kreispokals beim A-Ligisten VfR Bockenheim zu Gast (19 Uhr), dann am Sonntag in der Liga beim SV 07 Heddernheim (15 Uhr). Zeitgleich erwartet Enkheim den VfL Germania 94.<\/p>\n<blockquote>\n<h4>Schiedsrichter: Florian Schnorr (Spvgg. Lemp). Zuschauer: 70.<\/h4>\n<h4>Tore: 1:0 Niklas Vogt (13.), 1:1 Eray Aksoy (23.), 2:1 Niklas Vogt (30.), 3:1 Adam Zazoua (43.), 3:2 Eray Aksoy (57.\/Foulelfmeter), 4:2 Omar Elidrissi Errahhali (60.).<\/h4>\n<\/blockquote>\n","protected":false},"excerpt":{"rendered":"<p>Mit dem dritten Saisonsieg sprang der R\u00f6delheimer FC durch das 4:2 (3:1) gegen Germania Enkheim am Aufsteiger vorbei auf Rang neun der Tabelle. Die G\u00e4ste sind nun schon seit acht Spielen ohne dreifachen Punktgewinn. 1. R\u00f6delheimer FC 02 &#8211; FC Germania Enkheim 4:2 (3:1) Die Paarung hatte eine Vorgeschichte. Im Juni 2023 sicherten sich die [&hellip;]<\/p>\n","protected":false},"author":1,"featured_media":21897,"comment_status":"closed","ping_status":"closed","sticky":true,"template":"","format":"standard","meta":{"footnotes":""},"categories":[2],"tags":[],"class_list":["post-21896","post","type-post","status-publish","format-standard","has-post-thumbnail","hentry","category-kreisoberliga-frankfurt"],"_links":{"self":[{"href":"https:\/\/insideamateurfussball-ffm.de\/index.php?rest_route=\/wp\/v2\/posts\/21896","targetHints":{"allow":["GET"]}}],"collection":[{"href":"https:\/\/insideamateurfussball-ffm.de\/index.php?rest_route=\/wp\/v2\/posts"}],"about":[{"href":"https:\/\/insideamateurfussball-ffm.de\/index.php?rest_route=\/wp\/v2\/types\/post"}],"author":[{"embeddable":true,"href":"https:\/\/insideamateurfussball-ffm.de\/index.php?rest_route=\/wp\/v2\/users\/1"}],"replies":[{"embeddable":true,"href":"https:\/\/insideamateurfussball-ffm.de\/index.php?rest_route=%2Fwp%2Fv2%2Fcomments&post=21896"}],"version-history":[{"count":4,"href":"https:\/\/insideamateurfussball-ffm.de\/index.php?rest_route=\/wp\/v2\/posts\/21896\/revisions"}],"predecessor-version":[{"id":21919,"href":"https:\/\/insideamateurfussball-ffm.de\/index.php?rest_route=\/wp\/v2\/posts\/21896\/revisions\/21919"}],"wp:featuredmedia":[{"embeddable":true,"href":"https:\/\/insideamateurfussball-ffm.de\/index.php?rest_route=\/wp\/v2\/media\/21897"}],"wp:attachment":[{"href":"https:\/\/insideamateurfussball-ffm.de\/index.php?rest_route=%2Fwp%2Fv2%2Fmedia&parent=21896"}],"wp:term":[{"taxonomy":"category","embeddable":true,"href":"https:\/\/insideamateurfussball-ffm.de\/index.php?rest_route=%2Fwp%2Fv2%2Fcategories&post=21896"},{"taxonomy":"post_tag","embeddable":true,"href":"https:\/\/insideamateurfussball-ffm.de\/index.php?rest_route=%2Fwp%2Fv2%2Ftags&post=21896"}],"curies":[{"name":"wp","href":"https:\/\/api.w.org\/{rel}","templated":true}]}}