{"id":21886,"date":"2024-10-21T17:57:18","date_gmt":"2024-10-21T15:57:18","guid":{"rendered":"https:\/\/insideamateurfussball-ffm.de\/?p=21886"},"modified":"2024-10-21T22:15:53","modified_gmt":"2024-10-21T20:15:53","slug":"remis-zwischen-speuzern-und-tempo","status":"publish","type":"post","link":"https:\/\/insideamateurfussball-ffm.de\/?p=21886","title":{"rendered":"Remis zwischen Speuzern und Tempo"},"content":{"rendered":"<h4>Der FFV Sportfreunde 04 holte beim 1:1 gegen den FC Tempo den dritten Punkt, hatte aber Gl\u00fcck, dass die G\u00e4ste kurz vor Schluss mit einem Elfmeter am Speuzer-Schlussmann scheiterten.<\/h4>\n<figure id=\"attachment_21925\" aria-describedby=\"caption-attachment-21925\" style=\"width: 2048px\" class=\"wp-caption alignnone\"><img loading=\"lazy\" decoding=\"async\" class=\"wp-image-21925 size-full\" src=\"http:\/\/insideamateurfussball-ffm.de\/wp-content\/uploads\/2024\/10\/sport-tem.jpg\" alt=\"\" width=\"2048\" height=\"1366\" srcset=\"https:\/\/insideamateurfussball-ffm.de\/wp-content\/uploads\/2024\/10\/sport-tem.jpg 2048w, https:\/\/insideamateurfussball-ffm.de\/wp-content\/uploads\/2024\/10\/sport-tem-300x200.jpg 300w, https:\/\/insideamateurfussball-ffm.de\/wp-content\/uploads\/2024\/10\/sport-tem-1024x683.jpg 1024w, https:\/\/insideamateurfussball-ffm.de\/wp-content\/uploads\/2024\/10\/sport-tem-768x512.jpg 768w, https:\/\/insideamateurfussball-ffm.de\/wp-content\/uploads\/2024\/10\/sport-tem-1536x1025.jpg 1536w\" sizes=\"auto, (max-width: 2048px) 100vw, 2048px\" \/><figcaption id=\"caption-attachment-21925\" class=\"wp-caption-text\">Sportfreunde-Spieler Ali Douh (links am Ball) gegen Tempo-Akteur Goran Grijak. Foto: World Football Connection.<\/figcaption><\/figure>\n<h4>FFV Sportfreunde 04 &#8211; FC Tempo 1:1 (0:1)<\/h4>\n<p><img loading=\"lazy\" decoding=\"async\" class=\"alignnone size-full wp-image-141\" src=\"http:\/\/insideamateurfussball-ffm.de\/wp-content\/uploads\/2022\/05\/Speuzer.jpg\" alt=\"\" width=\"80\" height=\"80\" \/><img loading=\"lazy\" decoding=\"async\" class=\"alignnone size-full wp-image-31\" src=\"http:\/\/insideamateurfussball-ffm.de\/wp-content\/uploads\/2021\/11\/Tempo.jpg\" alt=\"\" width=\"80\" height=\"80\" \/><\/p>\n<p>Auch beim zweiten Einsatz des neuen Trainers Lamine Kaiser konnte seine Mannschaft gut mit dem Gegner mithalten, am Ende sprang ein Punktgewinn gegen den FC Tempo heraus. In der ersten Halbzeit hatten die G\u00e4ste mehr Ballbesitz und kontrollierten zwar das Spiel, doch die Abwehr der Speuzer lie\u00df kaum etwas zu. So kam das 1:0 f\u00fcr den FC Tempo auch etwas gl\u00fccklich zustande, in der 18.Minute landete eine abgef\u00e4lschte Flanke von Arsen Kryvobedryi im Tor der Gastgeber.<\/p>\n<p>In der zweiten Halbzeit wurden dann die G\u00e4ste noch dominanter, doch der Speuzer Trainer Lamine Kaiser zeigte sich erfreut \u00fcber seine Mannschaft, die \u201eseine taktische Umstellung sehr gut umgesetzt hat\u201c und die Au\u00dfen der G\u00e4ste nicht zur Entfaltung kommen lie\u00df. Mit zunehmender Spieldauer wurden die Sportfreunde dann offensiver und kamen in der 83.Minute zum Ausgleich, der nur 6 Minuten vorher eingewechselte Yacov Zohn Muldoon nahm einen Ball mit der Brust an und versenkte ihn dann mit einem Volleyschuss aus 20 Metern im Tor der G\u00e4ste. Nach den Worten von Lamine Kaiser begann danach \u201eeine wilde Partie\u201c, die abgeschlossen wurde durch einen Foulelfmeter, den die G\u00e4ste kurz vor Schluss bekamen. Der eingewechselte Nikola Radakovic schnappte sich die Kugel, doch 04-Torwart Rachid D\u00f6ring parierte den Strafsto\u00df und sorgte damit f\u00fcr den dritten Punkte der Sportfreunde.<\/p>\n<p>Tempos Sportlicher Leiter Zoran Marcetic sagte: \u201ewir haben heute nicht gut gespielt, die ganze Mannschaft, leider war heute nicht mehr drin.\u201c Lamine Kaiser dagegen war froh \u00fcber den Punkt: \u201eich bin gl\u00fccklich \u00fcber das Spiel und insgesamt war das Unentschieden verdient.\u201c F\u00fcr beide Mannschaften geht es in der Woche am Mittwoch mit dem Pokal weiter, der FC Tempo trifft im Ginnheimer Platzderby auf den FC Germania 08 Ginnheim, w\u00e4hrend die Sportfreunde beim letztj\u00e4hrigen Finalisten und A-Ligisten SC Riedberg antreten m\u00fcssen.<\/p>\n<p>In der Gruppenliga stehen am n\u00e4chsten Wochenende folgende Spiele an: der FC Tempo trifft in einem wichtigen Spiel auf den Tabellenvorletzten 1.FC-TSG K\u00f6nigstein, w\u00e4hrend die Sportfreunde nach Seckbach zur dortigen FG m\u00fcssen.<\/p>\n<h4>Schiedsrichter: Felix Krauser (FC Eddersheim). Zuschauer: 80.<\/h4>\n<h4>Tore: 0:1 Arsen Kryvobedryi (23.), 1:1 Yacov Zohn Muldoon (83.)<\/h4>\n","protected":false},"excerpt":{"rendered":"<p>Der FFV Sportfreunde 04 holte beim 1:1 gegen den FC Tempo den dritten Punkt, hatte aber Gl\u00fcck, dass die G\u00e4ste kurz vor Schluss mit einem Elfmeter am Speuzer-Schlussmann scheiterten. FFV Sportfreunde 04 &#8211; FC Tempo 1:1 (0:1) Auch beim zweiten Einsatz des neuen Trainers Lamine Kaiser konnte seine Mannschaft gut mit dem Gegner mithalten, am [&hellip;]<\/p>\n","protected":false},"author":3,"featured_media":21925,"comment_status":"closed","ping_status":"open","sticky":true,"template":"","format":"standard","meta":{"footnotes":""},"categories":[13],"tags":[],"class_list":["post-21886","post","type-post","status-publish","format-standard","has-post-thumbnail","hentry","category-gruppenliga-frankfurt-west"],"_links":{"self":[{"href":"https:\/\/insideamateurfussball-ffm.de\/index.php?rest_route=\/wp\/v2\/posts\/21886","targetHints":{"allow":["GET"]}}],"collection":[{"href":"https:\/\/insideamateurfussball-ffm.de\/index.php?rest_route=\/wp\/v2\/posts"}],"about":[{"href":"https:\/\/insideamateurfussball-ffm.de\/index.php?rest_route=\/wp\/v2\/types\/post"}],"author":[{"embeddable":true,"href":"https:\/\/insideamateurfussball-ffm.de\/index.php?rest_route=\/wp\/v2\/users\/3"}],"replies":[{"embeddable":true,"href":"https:\/\/insideamateurfussball-ffm.de\/index.php?rest_route=%2Fwp%2Fv2%2Fcomments&post=21886"}],"version-history":[{"count":4,"href":"https:\/\/insideamateurfussball-ffm.de\/index.php?rest_route=\/wp\/v2\/posts\/21886\/revisions"}],"predecessor-version":[{"id":21927,"href":"https:\/\/insideamateurfussball-ffm.de\/index.php?rest_route=\/wp\/v2\/posts\/21886\/revisions\/21927"}],"wp:featuredmedia":[{"embeddable":true,"href":"https:\/\/insideamateurfussball-ffm.de\/index.php?rest_route=\/wp\/v2\/media\/21925"}],"wp:attachment":[{"href":"https:\/\/insideamateurfussball-ffm.de\/index.php?rest_route=%2Fwp%2Fv2%2Fmedia&parent=21886"}],"wp:term":[{"taxonomy":"category","embeddable":true,"href":"https:\/\/insideamateurfussball-ffm.de\/index.php?rest_route=%2Fwp%2Fv2%2Fcategories&post=21886"},{"taxonomy":"post_tag","embeddable":true,"href":"https:\/\/insideamateurfussball-ffm.de\/index.php?rest_route=%2Fwp%2Fv2%2Ftags&post=21886"}],"curies":[{"name":"wp","href":"https:\/\/api.w.org\/{rel}","templated":true}]}}