{"id":21883,"date":"2024-10-21T18:04:00","date_gmt":"2024-10-21T16:04:00","guid":{"rendered":"https:\/\/insideamateurfussball-ffm.de\/?p=21883"},"modified":"2024-10-21T18:08:28","modified_gmt":"2024-10-21T16:08:28","slug":"bornheim-ii-besiegt-direkten-konkurrenten","status":"publish","type":"post","link":"https:\/\/insideamateurfussball-ffm.de\/?p=21883","title":{"rendered":"Bornheim II besiegt direkten Konkurrenten"},"content":{"rendered":"<h4>Den Auftakt des Spieltages in der Kreisoberliga l\u00e4utet bei Heimspielen immer die SG Bornheim\/Gr\u00fcn-Wei\u00df II mit dem Anpfiff um 13 Uhr ein. Gegen den direkten Konkurrenten im Abstiegskampf FC Croatia gab es ein 3:2 (2:0) und damit den vierten Saisonsieg. Die Kroaten fielen durch die zehnte Saisonniederlage wieder auf den letzten Platz zur\u00fcck.\u00a0<\/h4>\n<figure id=\"attachment_21885\" aria-describedby=\"caption-attachment-21885\" style=\"width: 2560px\" class=\"wp-caption alignnone\"><img loading=\"lazy\" decoding=\"async\" class=\"wp-image-21885 size-full\" src=\"http:\/\/insideamateurfussball-ffm.de\/wp-content\/uploads\/2024\/10\/SGBII-Croatia_241020-43-scaled.jpg\" alt=\"\" width=\"2560\" height=\"1707\" srcset=\"https:\/\/insideamateurfussball-ffm.de\/wp-content\/uploads\/2024\/10\/SGBII-Croatia_241020-43-scaled.jpg 2560w, https:\/\/insideamateurfussball-ffm.de\/wp-content\/uploads\/2024\/10\/SGBII-Croatia_241020-43-300x200.jpg 300w, https:\/\/insideamateurfussball-ffm.de\/wp-content\/uploads\/2024\/10\/SGBII-Croatia_241020-43-1024x683.jpg 1024w, https:\/\/insideamateurfussball-ffm.de\/wp-content\/uploads\/2024\/10\/SGBII-Croatia_241020-43-768x512.jpg 768w, https:\/\/insideamateurfussball-ffm.de\/wp-content\/uploads\/2024\/10\/SGBII-Croatia_241020-43-1536x1024.jpg 1536w, https:\/\/insideamateurfussball-ffm.de\/wp-content\/uploads\/2024\/10\/SGBII-Croatia_241020-43-2048x1365.jpg 2048w\" sizes=\"auto, (max-width: 2560px) 100vw, 2560px\" \/><figcaption id=\"caption-attachment-21885\" class=\"wp-caption-text\">Die Anzeigetafel in Bornheim mit Spielstand und Spielminute. Foto: Andre Sturmeit.<\/figcaption><\/figure>\n<h4>SG Bornheim\/Gr\u00fcn-Wei\u00df II &#8211; FC Croatia 3:2 (2:0)<\/h4>\n<p><img loading=\"lazy\" decoding=\"async\" class=\"alignnone size-full wp-image-119\" src=\"http:\/\/insideamateurfussball-ffm.de\/wp-content\/uploads\/2022\/05\/Bornheim.jpg\" alt=\"\" width=\"80\" height=\"80\" \/><img loading=\"lazy\" decoding=\"async\" class=\"alignnone size-full wp-image-29\" src=\"http:\/\/insideamateurfussball-ffm.de\/wp-content\/uploads\/2021\/11\/croatia.jpg\" alt=\"\" width=\"63\" height=\"80\" \/><\/p>\n<p>Die Ausgangslage vor der Partie war klar: Zwei Mannschaften, die \u00e4hnlich da standen in den unteren Gefilden der Tabelle und unbedingt Punkte brauchen. &#8222;Das war f\u00fcr uns sehr wichtig, dieses Heimspiel zu gewinnen und so sind wir es auch angegangen&#8220;, betonte Bornheims Trainer Lucas Milbredt. Der aus der U19 ausgeliehene Bornheimer Torh\u00fcter Younes Hamouti verhinderte zu Beginn mit einer Parade den R\u00fcckstand.<\/p>\n<p>&#8222;Die erste Halbzeit waren wir die \u00fcberlegene Mannschaft mit gutem Ballbesitz&#8220;, versicherte Milbredt. Durch St\u00fcrmer Christian Leutbecher gingen die Gastgeber in F\u00fchrung (19.). Leon Malsch legte noch vor der Pause das 2:0 aus 22 Metern nach (41.). Dabei sah Croatias Keeper Mateo Grbavac sehr ungl\u00fccklich aus. Nach dem Seitenwechsel kam Croatia st\u00e4rker auf. &#8222;Wir haben es nicht mehr geschafft, den Ball zu kontrollieren. Croatia hatte mehr Ballbesitz, wir standen etwas tiefer und sind hinterher gelaufen. Dadurch wurde es manchmal gef\u00e4hrlich.&#8220;<\/p>\n<blockquote>\n<h4>Beide Teams hatten noch ihre Momente<\/h4>\n<\/blockquote>\n<p>Die G\u00e4ste kamen nach einem Eckball per Kopf durch Marcel Ladan zum Anschluss (56.). Umgehend stellte SGB-Torj\u00e4ger Ali Hakemi den alten Abstand wieder her (61.). Ante Coric schaffte im Gegenzug das 3:2 (62.). Bis zum Spielende blieb es so, obwohl beide Teams ihre Momente noch hatten. Ante Coric traf kurz vor Schluss f\u00fcr die G\u00e4ste noch die Latte. &#8222;Am Ende sind wir gl\u00fccklich, dass wir den Sieg \u00fcber die Zeit gebracht haben. Die Mannschaft hat alles rein geworfen und gut verteidigt. Das waren sehr wichtige drei Punkte&#8220;, so Milbredts Fazit.<\/p>\n<p>Croatias Sportdirektor Darko Krolo sah trotz der Niederlage eine gute Entwicklung: &#8222;So ein Spiel darf man nicht verlieren. Ein Punkt h\u00e4tte es mindestens sein m\u00fcssen. Ich bin sicher, dass wir noch unten raus kommen.&#8220; N\u00e4chsten Sonntag spielt die Bornheimer Reserve beim SV Griesheim Tarik (15 Uhr). Zeitgleich ist Croatia beim Tabellenzweiten FC Kosova zu Gast.\u00a0<\/p>\n<blockquote>\n<h4>Schiedsrichter: Maximilian Hess (Obertshausen). Zuschauer: 75.<\/h4>\n<h4>Tore: 1:0 Christian Leutbecher (19.), 2:0 Leon Malsch (41.), 2:1 Marcel Ladan (56.), 3:1 Ali Hakemi (61.), 3:2 Ante Coric (62.).<\/h4>\n<h4>Bildergalerie: Andre Sturmeit schickte uns noch drei Bilder. Vielen Dank!\u00a0\u00a0<\/h4>\n<\/blockquote>\n\n\n<figure class=\"wp-block-gallery has-nested-images columns-default is-cropped wp-block-gallery-1 is-layout-flex wp-block-gallery-is-layout-flex\">\n<figure class=\"wp-block-image size-large\"><img loading=\"lazy\" decoding=\"async\" width=\"1024\" height=\"683\" data-id=\"21890\" src=\"https:\/\/insideamateurfussball-ffm.de\/wp-content\/uploads\/2024\/10\/SGBII-Croatia_241020-14-1024x683.jpg\" alt=\"\" class=\"wp-image-21890\" srcset=\"https:\/\/insideamateurfussball-ffm.de\/wp-content\/uploads\/2024\/10\/SGBII-Croatia_241020-14-1024x683.jpg 1024w, https:\/\/insideamateurfussball-ffm.de\/wp-content\/uploads\/2024\/10\/SGBII-Croatia_241020-14-300x200.jpg 300w, https:\/\/insideamateurfussball-ffm.de\/wp-content\/uploads\/2024\/10\/SGBII-Croatia_241020-14-768x512.jpg 768w, https:\/\/insideamateurfussball-ffm.de\/wp-content\/uploads\/2024\/10\/SGBII-Croatia_241020-14-1536x1024.jpg 1536w, https:\/\/insideamateurfussball-ffm.de\/wp-content\/uploads\/2024\/10\/SGBII-Croatia_241020-14-2048x1365.jpg 2048w\" sizes=\"auto, (max-width: 1024px) 100vw, 1024px\" \/><\/figure>\n<\/figure>\n\n\n\n<figure class=\"wp-block-image size-large\"><img loading=\"lazy\" decoding=\"async\" width=\"1024\" height=\"683\" src=\"https:\/\/insideamateurfussball-ffm.de\/wp-content\/uploads\/2024\/10\/SGBII-Croatia_241020-30-1024x683.jpg\" alt=\"\" class=\"wp-image-21891\" srcset=\"https:\/\/insideamateurfussball-ffm.de\/wp-content\/uploads\/2024\/10\/SGBII-Croatia_241020-30-1024x683.jpg 1024w, https:\/\/insideamateurfussball-ffm.de\/wp-content\/uploads\/2024\/10\/SGBII-Croatia_241020-30-300x200.jpg 300w, https:\/\/insideamateurfussball-ffm.de\/wp-content\/uploads\/2024\/10\/SGBII-Croatia_241020-30-768x512.jpg 768w, https:\/\/insideamateurfussball-ffm.de\/wp-content\/uploads\/2024\/10\/SGBII-Croatia_241020-30-1536x1024.jpg 1536w, https:\/\/insideamateurfussball-ffm.de\/wp-content\/uploads\/2024\/10\/SGBII-Croatia_241020-30-2048x1365.jpg 2048w\" sizes=\"auto, (max-width: 1024px) 100vw, 1024px\" \/><\/figure>\n\n\n\n<figure class=\"wp-block-gallery has-nested-images columns-default is-cropped wp-block-gallery-2 is-layout-flex wp-block-gallery-is-layout-flex\">\n<figure class=\"wp-block-image size-large\"><img loading=\"lazy\" decoding=\"async\" width=\"1024\" height=\"683\" data-id=\"21894\" src=\"https:\/\/insideamateurfussball-ffm.de\/wp-content\/uploads\/2024\/10\/SGBII-Croatia_241020-24-1024x683.jpg\" alt=\"\" class=\"wp-image-21894\" srcset=\"https:\/\/insideamateurfussball-ffm.de\/wp-content\/uploads\/2024\/10\/SGBII-Croatia_241020-24-1024x683.jpg 1024w, https:\/\/insideamateurfussball-ffm.de\/wp-content\/uploads\/2024\/10\/SGBII-Croatia_241020-24-300x200.jpg 300w, https:\/\/insideamateurfussball-ffm.de\/wp-content\/uploads\/2024\/10\/SGBII-Croatia_241020-24-768x512.jpg 768w, https:\/\/insideamateurfussball-ffm.de\/wp-content\/uploads\/2024\/10\/SGBII-Croatia_241020-24-1536x1024.jpg 1536w, https:\/\/insideamateurfussball-ffm.de\/wp-content\/uploads\/2024\/10\/SGBII-Croatia_241020-24-2048x1365.jpg 2048w\" sizes=\"auto, (max-width: 1024px) 100vw, 1024px\" \/><\/figure>\n<\/figure>\n\n\n\n<p><\/p>\n","protected":false},"excerpt":{"rendered":"<p>Den Auftakt des Spieltages in der Kreisoberliga l\u00e4utet bei Heimspielen immer die SG Bornheim\/Gr\u00fcn-Wei\u00df II mit dem Anpfiff um 13 Uhr ein. Gegen den direkten Konkurrenten im Abstiegskampf FC Croatia gab es ein 3:2 (2:0) und damit den vierten Saisonsieg. Die Kroaten fielen durch die zehnte Saisonniederlage wieder auf den letzten Platz zur\u00fcck.\u00a0 SG Bornheim\/Gr\u00fcn-Wei\u00df [&hellip;]<\/p>\n","protected":false},"author":1,"featured_media":21885,"comment_status":"closed","ping_status":"closed","sticky":true,"template":"","format":"standard","meta":{"footnotes":""},"categories":[2],"tags":[],"class_list":["post-21883","post","type-post","status-publish","format-standard","has-post-thumbnail","hentry","category-kreisoberliga-frankfurt"],"_links":{"self":[{"href":"https:\/\/insideamateurfussball-ffm.de\/index.php?rest_route=\/wp\/v2\/posts\/21883","targetHints":{"allow":["GET"]}}],"collection":[{"href":"https:\/\/insideamateurfussball-ffm.de\/index.php?rest_route=\/wp\/v2\/posts"}],"about":[{"href":"https:\/\/insideamateurfussball-ffm.de\/index.php?rest_route=\/wp\/v2\/types\/post"}],"author":[{"embeddable":true,"href":"https:\/\/insideamateurfussball-ffm.de\/index.php?rest_route=\/wp\/v2\/users\/1"}],"replies":[{"embeddable":true,"href":"https:\/\/insideamateurfussball-ffm.de\/index.php?rest_route=%2Fwp%2Fv2%2Fcomments&post=21883"}],"version-history":[{"count":3,"href":"https:\/\/insideamateurfussball-ffm.de\/index.php?rest_route=\/wp\/v2\/posts\/21883\/revisions"}],"predecessor-version":[{"id":21895,"href":"https:\/\/insideamateurfussball-ffm.de\/index.php?rest_route=\/wp\/v2\/posts\/21883\/revisions\/21895"}],"wp:featuredmedia":[{"embeddable":true,"href":"https:\/\/insideamateurfussball-ffm.de\/index.php?rest_route=\/wp\/v2\/media\/21885"}],"wp:attachment":[{"href":"https:\/\/insideamateurfussball-ffm.de\/index.php?rest_route=%2Fwp%2Fv2%2Fmedia&parent=21883"}],"wp:term":[{"taxonomy":"category","embeddable":true,"href":"https:\/\/insideamateurfussball-ffm.de\/index.php?rest_route=%2Fwp%2Fv2%2Fcategories&post=21883"},{"taxonomy":"post_tag","embeddable":true,"href":"https:\/\/insideamateurfussball-ffm.de\/index.php?rest_route=%2Fwp%2Fv2%2Ftags&post=21883"}],"curies":[{"name":"wp","href":"https:\/\/api.w.org\/{rel}","templated":true}]}}