{"id":2188,"date":"2022-08-22T22:02:30","date_gmt":"2022-08-22T20:02:30","guid":{"rendered":"http:\/\/insideamateurfussball-ffm.de\/?p=2188"},"modified":"2025-01-08T14:26:32","modified_gmt":"2025-01-08T13:26:32","slug":"gara-ali-trifft-munter-weiter","status":"publish","type":"post","link":"https:\/\/insideamateurfussball-ffm.de\/?p=2188","title":{"rendered":"Gara Ali trifft munter weiter"},"content":{"rendered":"<h4>56 Tore in der Kreisoberliga, nach dem Aufstieg an den ersten drei Spieltagen schon acht Treffer in der Gruppenliga Frankfurt West erzielt. Kalbachs Torj\u00e4ger Achraf Gara Ali ist ein Ph\u00e4nomen. Am Sonntag steuerte der St\u00fcrmer f\u00fcnf Tore zum 6:1-Sieg \u00fcber Mitaufsteiger TSG Ober-W\u00f6llstadt bei.\u00a0<\/h4>\n<figure id=\"attachment_2189\" aria-describedby=\"caption-attachment-2189\" style=\"width: 1040px\" class=\"wp-caption alignnone\"><img loading=\"lazy\" decoding=\"async\" class=\"wp-image-2189 size-full\" src=\"http:\/\/insideamateurfussball-ffm.de\/wp-content\/uploads\/2022\/08\/kal18-1.jpg\" alt=\"\" width=\"1040\" height=\"692\" \/><figcaption id=\"caption-attachment-2189\" class=\"wp-caption-text\"><strong>F\u00fchrt bereits die Torsch\u00fctzenliste der Gruppenliga Frankfurt West mit acht Toren an: Kalbachs Goalgetter Achraf Gara Ali. Foto: Mithat G\u00fcrser.\u00a0<\/strong><\/figcaption><\/figure>\n<h4>FC Kalbach &#8211; TSG Ober-W\u00f6llstadt 6:1 (3:1)<\/h4>\n<p><img loading=\"lazy\" decoding=\"async\" class=\"alignnone size-full wp-image-16\" src=\"http:\/\/insideamateurfussball-ffm.de\/wp-content\/uploads\/2021\/11\/kalbach-wappen.jpg\" alt=\"\" width=\"80\" height=\"80\" \/><img loading=\"lazy\" decoding=\"async\" class=\"alignnone size-full wp-image-1216\" src=\"http:\/\/insideamateurfussball-ffm.de\/wp-content\/uploads\/2022\/07\/TSG-OW.jpg\" alt=\"\" width=\"70\" height=\"80\" \/><\/p>\n<p><span style=\"color: #003300;\">Goalgetter Achraf Gara Ali hat sich nun auch eine Klasse h\u00f6her mit acht Toren an die Spitze der Torj\u00e4gerliste gesetzt. Gegen den Mitaufsteiger traf er an seinem Geburtstag f\u00fcnfmal (19.\/27.\/31.\/68.\/82.). Nico Loppe hatte die Wetterauer in F\u00fchrung geschossen (18.). Das 5:1 der Kalbacher erzielte Leonard Miric (75.). Gelb-Rot erhielt G\u00e4stespieler Hannes Bechtloff (53.). &#8222;Das war ein grandioses Spiel nicht nur von Gara Ali, der sehr gut angespielt wurde und vollendet hat. Wir sind nun in der Gruppenliga angekommen&#8220;, meinte Kalbachs Sportlicher Leiter Manfred Meyer hocherfreut. Die Kalbacher haben nun am Mittwoch das schwere Ausw\u00e4rtsspiel beim T\u00fcrkischen SV Bad Nauheim vor der Brust (20 Uhr).\u00a0<\/span><\/p>\n<h4>Schiedsrichter: Stefan Sch\u00e4fer (Ranstadt). Tore: 0:1 Nico Loppe (18.), 1:1, 2:1, 3:1, 4:1 Achraf Gara Ali (19.\/27.\/31.\/68.), 5:1 Leonard Miric (75.), 6:1 Achraf Gara Ali (82.).<\/h4>\n","protected":false},"excerpt":{"rendered":"<p>56 Tore in der Kreisoberliga, nach dem Aufstieg an den ersten drei Spieltagen schon acht Treffer in der Gruppenliga Frankfurt West erzielt. Kalbachs Torj\u00e4ger Achraf Gara Ali ist ein Ph\u00e4nomen. Am Sonntag steuerte der St\u00fcrmer f\u00fcnf Tore zum 6:1-Sieg \u00fcber Mitaufsteiger TSG Ober-W\u00f6llstadt bei.\u00a0 FC Kalbach &#8211; TSG Ober-W\u00f6llstadt 6:1 (3:1) Goalgetter Achraf Gara Ali [&hellip;]<\/p>\n","protected":false},"author":1,"featured_media":0,"comment_status":"open","ping_status":"open","sticky":false,"template":"","format":"standard","meta":{"footnotes":""},"categories":[13],"tags":[],"class_list":["post-2188","post","type-post","status-publish","format-standard","hentry","category-gruppenliga-frankfurt-west"],"_links":{"self":[{"href":"https:\/\/insideamateurfussball-ffm.de\/index.php?rest_route=\/wp\/v2\/posts\/2188","targetHints":{"allow":["GET"]}}],"collection":[{"href":"https:\/\/insideamateurfussball-ffm.de\/index.php?rest_route=\/wp\/v2\/posts"}],"about":[{"href":"https:\/\/insideamateurfussball-ffm.de\/index.php?rest_route=\/wp\/v2\/types\/post"}],"author":[{"embeddable":true,"href":"https:\/\/insideamateurfussball-ffm.de\/index.php?rest_route=\/wp\/v2\/users\/1"}],"replies":[{"embeddable":true,"href":"https:\/\/insideamateurfussball-ffm.de\/index.php?rest_route=%2Fwp%2Fv2%2Fcomments&post=2188"}],"version-history":[{"count":1,"href":"https:\/\/insideamateurfussball-ffm.de\/index.php?rest_route=\/wp\/v2\/posts\/2188\/revisions"}],"predecessor-version":[{"id":2190,"href":"https:\/\/insideamateurfussball-ffm.de\/index.php?rest_route=\/wp\/v2\/posts\/2188\/revisions\/2190"}],"wp:attachment":[{"href":"https:\/\/insideamateurfussball-ffm.de\/index.php?rest_route=%2Fwp%2Fv2%2Fmedia&parent=2188"}],"wp:term":[{"taxonomy":"category","embeddable":true,"href":"https:\/\/insideamateurfussball-ffm.de\/index.php?rest_route=%2Fwp%2Fv2%2Fcategories&post=2188"},{"taxonomy":"post_tag","embeddable":true,"href":"https:\/\/insideamateurfussball-ffm.de\/index.php?rest_route=%2Fwp%2Fv2%2Ftags&post=2188"}],"curies":[{"name":"wp","href":"https:\/\/api.w.org\/{rel}","templated":true}]}}