{"id":21860,"date":"2024-10-21T14:27:49","date_gmt":"2024-10-21T12:27:49","guid":{"rendered":"https:\/\/insideamateurfussball-ffm.de\/?p=21860"},"modified":"2024-10-21T14:27:49","modified_gmt":"2024-10-21T12:27:49","slug":"kalbach-nach-sieg-im-topspiel-weiter-spitzenreiter","status":"publish","type":"post","link":"https:\/\/insideamateurfussball-ffm.de\/?p=21860","title":{"rendered":"Kalbach nach Sieg im Topspiel weiter Spitzenreiter"},"content":{"rendered":"<h4>Der FC Kalbach bleibt Tabellenf\u00fchrer, nach einer souver\u00e4nen Leistung und zwei Standard-Toren setzten sie sich im Stadtduell bei der Spvgg. 03 Fechenheim mit 3:1 verdient durch und haben bei einem Spiel mehr 6 Punkte Vorsprung vor dem FC Neu-Anspach, der in Karben siegte.<\/h4>\n<figure id=\"attachment_21865\" aria-describedby=\"caption-attachment-21865\" style=\"width: 2016px\" class=\"wp-caption alignnone\"><img loading=\"lazy\" decoding=\"async\" class=\"wp-image-21865 size-full\" src=\"http:\/\/insideamateurfussball-ffm.de\/wp-content\/uploads\/2024\/10\/fechenheimkalbach4.jpg\" alt=\"\" width=\"2016\" height=\"1512\" srcset=\"https:\/\/insideamateurfussball-ffm.de\/wp-content\/uploads\/2024\/10\/fechenheimkalbach4.jpg 2016w, https:\/\/insideamateurfussball-ffm.de\/wp-content\/uploads\/2024\/10\/fechenheimkalbach4-300x225.jpg 300w, https:\/\/insideamateurfussball-ffm.de\/wp-content\/uploads\/2024\/10\/fechenheimkalbach4-1024x768.jpg 1024w, https:\/\/insideamateurfussball-ffm.de\/wp-content\/uploads\/2024\/10\/fechenheimkalbach4-768x576.jpg 768w, https:\/\/insideamateurfussball-ffm.de\/wp-content\/uploads\/2024\/10\/fechenheimkalbach4-1536x1152.jpg 1536w\" sizes=\"auto, (max-width: 2016px) 100vw, 2016px\" \/><figcaption id=\"caption-attachment-21865\" class=\"wp-caption-text\">Kalbach setzte sich souver\u00e4n in Fechenheim durch. Foto: MZ<\/figcaption><\/figure>\n<h4>Spvgg. 03 Fechenheim &#8211; FC Kalbach 1:3 (1:2)<\/h4>\n<p><img loading=\"lazy\" decoding=\"async\" class=\"alignnone size-full wp-image-603\" src=\"http:\/\/insideamateurfussball-ffm.de\/wp-content\/uploads\/2022\/06\/Fech03.jpg\" alt=\"\" width=\"52\" height=\"80\" \/><img loading=\"lazy\" decoding=\"async\" class=\"alignnone size-full wp-image-16\" src=\"http:\/\/insideamateurfussball-ffm.de\/wp-content\/uploads\/2021\/11\/kalbach-wappen.jpg\" alt=\"\" width=\"80\" height=\"80\" \/><\/p>\n<p>Da Fechenheim letzte Woche nach sechs Siegen in Stierstadt mal wieder verlor, war es nicht das ganz gro\u00dfe Topspiel, trotzdem empfing der Tabellenvierte Spvgg. 03 Fechenheim den Tabellenf\u00fchrer FC Kalbach, die ersten 4 der Tabelle waren an diesem Wochenende unter sich. Die Gastgeber hatten in der 5.Minute die erste Chance, als Kalbachs Torwart Fabian Lanthaler einen Freisto\u00df aus 20 Metern entsch\u00e4rfen musste. Das erste Tor fiel dann auf der Gegenseite, einen Eckball in der 8.Minute von Fabio Pinto da Silva wuchtete Alexander Ian Azimpour mit dem Kopf zum 1:0 in die Maschen des Tores. Das setzte sich auch im Verlauf des Spiels fort, jede Ecke der Kalbacher brachte sofort Gefahr vor dem Fechenheimer Geh\u00e4use.<\/p>\n<p>Es entwickelte sich ein Spiel zwischen den Strafr\u00e4umen, gegen die aufmerksamen Abwehrreihen kam es aus dem Spiel heraus kaum zu Torchancen. Und so musste wieder ein Standard f\u00fcr den Ausgleich herhalten, einen Freisto\u00df der Fechenheimer aus 25 Metern von Giovanbattista Pedace f\u00e4lschte die Kalbacher Abwehr in der 40.Minute unhaltbar f\u00fcr ihren Torwart zum 1:1 ab. Doch nur zwei Minuten sp\u00e4ter gab es erneut einen Freisto\u00df f\u00fcr den FC Kalbach, aus der Mitte des Feldes geschlagen fand der Ball den Kopf von Fabio Pinto da Silva, der ihn aus ca. 12 Metern unhaltbar ins lange Eck eink\u00f6pfte. \u00a0Drei Standards brachten so das Halbzeitergebnis von 1:2 zustande.<\/p>\n<p>In der zweiten Halbzeit pl\u00e4tscherte das Spiel bis zur 55.Minute dahin, bis es dann innerhalb von 5 Minuten zu gro\u00dfen Chancen und starken Torh\u00fcterparaden kam. In der 55.Minute war es Yassin Chaouki mit einem Schuss aus gut 20 Metern, der Kalbachs Torh\u00fcter Lanthaler zu einer Glanzparade zwang, der den Ball aus dem Winkel fischte. Und dann begann die Armin Buchholz-Show, in der 57.Minute rettete der Fechenheimer Torwart mit einer schnellen Abwehrreaktion gegen Anthony Wade, nur eine Minute sp\u00e4ter scheiterte Achraf Gara Ali freistehend aus 10 Metern ab Buchholz, und in der 60.Minute war es die gesamte Fechenheimer Abwehr, die innerhalb von Sekunden drei Torsch\u00fcsse der G\u00e4ste vereitelten, man kam mit dem Mitschreiben gar nicht mehr hinterher. Aber der Spielstand blieb erst einmal beim 1:2.<\/p>\n<p>Die aufgrund des Ergebnisses noch offene Partie wurde dann endg\u00fcltig in der 77.Minute entschieden, nach einem Pass in die Spitze auf Moritz Uppenkamp konnte dieser den Ball so in die Mitte hereingeben, dass Ihab Suleiman keine M\u00fche mehr hatte, das Leder zur Entscheidung zum 3:1 einzuschieben. Zwei unsch\u00f6ne Szenen schm\u00e4lerten dann den Gesamteindruck des Spiels, nach einem Foul eines Fechenheimers an Philipp Sieber fiel dieser so ungl\u00fccklich mit dem Gesicht auf das Knie des gegnerischen Spielers, dass eine 4-min\u00fctige Behandlungszeit notwendig wurde. Sieber wurde nach dem Spiel von \u00c4rzten eines Rettungswagens behandelt, die Redaktion w\u00fcnscht gute Besserung. Und unn\u00f6tig dann in der vorletzten Minute das Foul im Laufduell von Yassin Benjilali, der dem neben ihm laufenden Gegenspieler den Arm ins Gesicht schlug und daf\u00fcr vom Schiedsrichter mit gelb verwarnt wurde.<\/p>\n<p>Fechenheims Trainer Piradeep Siva Anandan nach dem Abpfiff: \u201eich fand, das war ein ausgeglichenes Spiel, war ein gutes Niveau drin vor allem in der ersten Halbzeit von beiden Mannschaften, da entscheiden kleine Nuancen, wenn man gegen den Tabellenf\u00fchrer spielt. Und wenn man bei Standards nicht auf der H\u00f6he ist, f\u00e4ngt man sich schnell einen Gegentreffer, so ist es leider gelaufen in der ersten Halbzeit, und dann l\u00e4uft man halt einem R\u00fcckstand hinterher. Mit dem dritten Gegentor war das Spiel dann auch gegessen. Schade, war mehr drin heute, man h\u00e4tte gewisse Angriffe auch besser ausspielen k\u00f6nnen, ein bisschen mutiger im Angriff. Fu\u00dfballerisch, spielerisch bin ich von der Mannschaft \u00fcberzeugt und ich blicke positiv in die Zukunft.\u201c<\/p>\n<p>Kalbachs Vorstandsmitglied Manni Meyer war zufrieden: \u201eGl\u00fcckwunsch an die Mannschaft, sie hat ein hervorragendes Spiel abgegeben, sie war von Anfang an dominant und hat klar gezeigt, was sie hier vorhat, das hat man gemerkt, dass sie hier etwas holen wollten. Sie haben aggressiv gespielt, l\u00e4uferisch topfit, und deswegen haben wir auch verdient gewonnen. Was mir nicht so gefallen hat, waren jetzt die ein\/zwei Attacken des Gegners, die Rangelei des Gegners, das war nicht so sch\u00f6n, aber ansonsten haben wir heute einen guten FC Kalbach gesehen und wir haben verdient 3:1 gewonnen.\u201c<\/p>\n<p>Kalbach hat jetzt bei einem Spiel mehr 6 Punkte Vorsprung auf den neuen Verfolger FC Neu-Anspach, w\u00e4hrend die Spvgg. 03 Fechenheim nach der zweiten Niederlage in Folge auf den sechsten Rang abgerutscht ist. Am n\u00e4chsten Wochenende muss Kalbach erneut reisen, es geht zum FV Stierstadt, w\u00e4hrend Fechenheim spielfrei ist. Zuvor m\u00fcssen beide aber noch im Kreispokal im Achtelfinale antreten, Fechenheim spielt am Mittwoch am Rebstock beim Ligakonkurrenten T\u00fcrkg\u00fcc\u00fc Frankfurt, w\u00e4hrend Kalbach am Donnerstag beim A-Ligisten DJK SW Griesheim Favorit ist.<\/p>\n<h4>Schiedsrichter: Til Waschkowitz (TSV Mengsberg). Zuschauer: 80.<\/h4>\n<h4>Tore: 0:1 Alexander Ian Azimpour (8.), 1:1 Giovanbattista Pedace (40.), 1:2 Fabio Pinto da Silva (42.), 1:3 Ihab Suleiman (77.)<\/h4>\n\n\n<figure class=\"wp-block-image size-large\"><img loading=\"lazy\" decoding=\"async\" width=\"1024\" height=\"768\" src=\"http:\/\/insideamateurfussball-ffm.de\/wp-content\/uploads\/2024\/10\/fechenheimkalbach0-1024x768.jpg\" alt=\"\" class=\"wp-image-21861\" srcset=\"https:\/\/insideamateurfussball-ffm.de\/wp-content\/uploads\/2024\/10\/fechenheimkalbach0-1024x768.jpg 1024w, https:\/\/insideamateurfussball-ffm.de\/wp-content\/uploads\/2024\/10\/fechenheimkalbach0-300x225.jpg 300w, https:\/\/insideamateurfussball-ffm.de\/wp-content\/uploads\/2024\/10\/fechenheimkalbach0-768x576.jpg 768w, https:\/\/insideamateurfussball-ffm.de\/wp-content\/uploads\/2024\/10\/fechenheimkalbach0-1536x1152.jpg 1536w, https:\/\/insideamateurfussball-ffm.de\/wp-content\/uploads\/2024\/10\/fechenheimkalbach0.jpg 2016w\" sizes=\"auto, (max-width: 1024px) 100vw, 1024px\" \/><\/figure>\n\n\n\n<figure class=\"wp-block-image size-large\"><img loading=\"lazy\" decoding=\"async\" width=\"1024\" height=\"768\" src=\"http:\/\/insideamateurfussball-ffm.de\/wp-content\/uploads\/2024\/10\/fechenheimkalbach1-1024x768.jpg\" alt=\"\" class=\"wp-image-21862\" srcset=\"https:\/\/insideamateurfussball-ffm.de\/wp-content\/uploads\/2024\/10\/fechenheimkalbach1-1024x768.jpg 1024w, https:\/\/insideamateurfussball-ffm.de\/wp-content\/uploads\/2024\/10\/fechenheimkalbach1-300x225.jpg 300w, https:\/\/insideamateurfussball-ffm.de\/wp-content\/uploads\/2024\/10\/fechenheimkalbach1-768x576.jpg 768w, https:\/\/insideamateurfussball-ffm.de\/wp-content\/uploads\/2024\/10\/fechenheimkalbach1-1536x1152.jpg 1536w, https:\/\/insideamateurfussball-ffm.de\/wp-content\/uploads\/2024\/10\/fechenheimkalbach1.jpg 2016w\" sizes=\"auto, (max-width: 1024px) 100vw, 1024px\" \/><\/figure>\n\n\n\n<figure class=\"wp-block-image size-large\"><img loading=\"lazy\" decoding=\"async\" width=\"1024\" height=\"768\" src=\"http:\/\/insideamateurfussball-ffm.de\/wp-content\/uploads\/2024\/10\/fechenheimkalbach2-1024x768.jpg\" alt=\"\" class=\"wp-image-21863\" srcset=\"https:\/\/insideamateurfussball-ffm.de\/wp-content\/uploads\/2024\/10\/fechenheimkalbach2-1024x768.jpg 1024w, https:\/\/insideamateurfussball-ffm.de\/wp-content\/uploads\/2024\/10\/fechenheimkalbach2-300x225.jpg 300w, https:\/\/insideamateurfussball-ffm.de\/wp-content\/uploads\/2024\/10\/fechenheimkalbach2-768x576.jpg 768w, https:\/\/insideamateurfussball-ffm.de\/wp-content\/uploads\/2024\/10\/fechenheimkalbach2-1536x1152.jpg 1536w, https:\/\/insideamateurfussball-ffm.de\/wp-content\/uploads\/2024\/10\/fechenheimkalbach2.jpg 2016w\" sizes=\"auto, (max-width: 1024px) 100vw, 1024px\" \/><\/figure>\n\n\n\n<figure class=\"wp-block-image size-large\"><img loading=\"lazy\" decoding=\"async\" width=\"1024\" height=\"768\" src=\"http:\/\/insideamateurfussball-ffm.de\/wp-content\/uploads\/2024\/10\/fechenheimkalbach3-1024x768.jpg\" alt=\"\" class=\"wp-image-21864\" srcset=\"https:\/\/insideamateurfussball-ffm.de\/wp-content\/uploads\/2024\/10\/fechenheimkalbach3-1024x768.jpg 1024w, https:\/\/insideamateurfussball-ffm.de\/wp-content\/uploads\/2024\/10\/fechenheimkalbach3-300x225.jpg 300w, https:\/\/insideamateurfussball-ffm.de\/wp-content\/uploads\/2024\/10\/fechenheimkalbach3-768x576.jpg 768w, https:\/\/insideamateurfussball-ffm.de\/wp-content\/uploads\/2024\/10\/fechenheimkalbach3-1536x1152.jpg 1536w, https:\/\/insideamateurfussball-ffm.de\/wp-content\/uploads\/2024\/10\/fechenheimkalbach3.jpg 2016w\" sizes=\"auto, (max-width: 1024px) 100vw, 1024px\" \/><\/figure>\n\n\n\n<figure class=\"wp-block-image size-large\"><img loading=\"lazy\" decoding=\"async\" width=\"1024\" height=\"768\" src=\"http:\/\/insideamateurfussball-ffm.de\/wp-content\/uploads\/2024\/10\/fechenheimkalbach5-1024x768.jpg\" alt=\"\" class=\"wp-image-21866\" srcset=\"https:\/\/insideamateurfussball-ffm.de\/wp-content\/uploads\/2024\/10\/fechenheimkalbach5-1024x768.jpg 1024w, https:\/\/insideamateurfussball-ffm.de\/wp-content\/uploads\/2024\/10\/fechenheimkalbach5-300x225.jpg 300w, https:\/\/insideamateurfussball-ffm.de\/wp-content\/uploads\/2024\/10\/fechenheimkalbach5-768x576.jpg 768w, https:\/\/insideamateurfussball-ffm.de\/wp-content\/uploads\/2024\/10\/fechenheimkalbach5-1536x1152.jpg 1536w, https:\/\/insideamateurfussball-ffm.de\/wp-content\/uploads\/2024\/10\/fechenheimkalbach5.jpg 2016w\" sizes=\"auto, (max-width: 1024px) 100vw, 1024px\" \/><\/figure>\n","protected":false},"excerpt":{"rendered":"<p>Der FC Kalbach bleibt Tabellenf\u00fchrer, nach einer souver\u00e4nen Leistung und zwei Standard-Toren setzten sie sich im Stadtduell bei der Spvgg. 03 Fechenheim mit 3:1 verdient durch und haben bei einem Spiel mehr 6 Punkte Vorsprung vor dem FC Neu-Anspach, der in Karben siegte. Spvgg. 03 Fechenheim &#8211; FC Kalbach 1:3 (1:2) Da Fechenheim letzte Woche [&hellip;]<\/p>\n","protected":false},"author":3,"featured_media":21865,"comment_status":"closed","ping_status":"open","sticky":true,"template":"","format":"standard","meta":{"footnotes":""},"categories":[13],"tags":[],"class_list":["post-21860","post","type-post","status-publish","format-standard","has-post-thumbnail","hentry","category-gruppenliga-frankfurt-west"],"_links":{"self":[{"href":"https:\/\/insideamateurfussball-ffm.de\/index.php?rest_route=\/wp\/v2\/posts\/21860","targetHints":{"allow":["GET"]}}],"collection":[{"href":"https:\/\/insideamateurfussball-ffm.de\/index.php?rest_route=\/wp\/v2\/posts"}],"about":[{"href":"https:\/\/insideamateurfussball-ffm.de\/index.php?rest_route=\/wp\/v2\/types\/post"}],"author":[{"embeddable":true,"href":"https:\/\/insideamateurfussball-ffm.de\/index.php?rest_route=\/wp\/v2\/users\/3"}],"replies":[{"embeddable":true,"href":"https:\/\/insideamateurfussball-ffm.de\/index.php?rest_route=%2Fwp%2Fv2%2Fcomments&post=21860"}],"version-history":[{"count":2,"href":"https:\/\/insideamateurfussball-ffm.de\/index.php?rest_route=\/wp\/v2\/posts\/21860\/revisions"}],"predecessor-version":[{"id":21868,"href":"https:\/\/insideamateurfussball-ffm.de\/index.php?rest_route=\/wp\/v2\/posts\/21860\/revisions\/21868"}],"wp:featuredmedia":[{"embeddable":true,"href":"https:\/\/insideamateurfussball-ffm.de\/index.php?rest_route=\/wp\/v2\/media\/21865"}],"wp:attachment":[{"href":"https:\/\/insideamateurfussball-ffm.de\/index.php?rest_route=%2Fwp%2Fv2%2Fmedia&parent=21860"}],"wp:term":[{"taxonomy":"category","embeddable":true,"href":"https:\/\/insideamateurfussball-ffm.de\/index.php?rest_route=%2Fwp%2Fv2%2Fcategories&post=21860"},{"taxonomy":"post_tag","embeddable":true,"href":"https:\/\/insideamateurfussball-ffm.de\/index.php?rest_route=%2Fwp%2Fv2%2Ftags&post=21860"}],"curies":[{"name":"wp","href":"https:\/\/api.w.org\/{rel}","templated":true}]}}