{"id":2184,"date":"2022-08-22T21:45:40","date_gmt":"2022-08-22T19:45:40","guid":{"rendered":"http:\/\/insideamateurfussball-ffm.de\/?p=2184"},"modified":"2025-01-08T14:26:38","modified_gmt":"2025-01-08T13:26:38","slug":"geschlossene-oberraeder-kampfleistung","status":"publish","type":"post","link":"https:\/\/insideamateurfussball-ffm.de\/?p=2184","title":{"rendered":"Geschlossene Oberr\u00e4der Kampfleistung"},"content":{"rendered":"<h4>Am 4. August hatte die Spvgg. 05 Oberrad die Saison in der Gruppenliga Frankfurt West mit der 1:2-Niederlage bei der FG Seckbach er\u00f6ffnet. Seitdem war der Verbandsliga-Absteiger spielfrei und konnte am Sonntag im Ausw\u00e4rtsspiel bei Aufsteiger SG Ober-Erlenbach den ersten Sieg verbuchen.<\/h4>\n<figure id=\"attachment_2185\" aria-describedby=\"caption-attachment-2185\" style=\"width: 310px\" class=\"wp-caption alignnone\"><img loading=\"lazy\" decoding=\"async\" class=\"wp-image-2185\" src=\"http:\/\/insideamateurfussball-ffm.de\/wp-content\/uploads\/2022\/08\/seck4-1-300x215.jpg\" alt=\"\" width=\"310\" height=\"222\" \/><figcaption id=\"caption-attachment-2185\" class=\"wp-caption-text\">Oberrad gewann in Ober-Erlenbach 3:1. Foto: Mithat G\u00fcrser.<\/figcaption><\/figure>\n<h4>SG Ober-Erlenbach &#8211; Spvgg. 05 Oberrad 1:3 (1:2)<\/h4>\n<p><img loading=\"lazy\" decoding=\"async\" class=\"alignnone size-full wp-image-2186\" src=\"http:\/\/insideamateurfussball-ffm.de\/wp-content\/uploads\/2022\/08\/Ober-erl.jpg\" alt=\"\" width=\"76\" height=\"80\" \/><img loading=\"lazy\" decoding=\"async\" class=\"alignnone size-full wp-image-137\" src=\"http:\/\/insideamateurfussball-ffm.de\/wp-content\/uploads\/2022\/05\/Oberrad05.jpg\" alt=\"\" width=\"79\" height=\"80\" \/><\/p>\n<p><span style=\"color: #003300;\">Erleichterung auch bei den Oberr\u00e4dern, die auf dem kleinen Kunstrasen im Bad Homburger Stadtteil durch Abdelhadi Assim in R\u00fcckstand gerieten (8.). Der vom SV Zeilsheim gekommene Mittelfeldspieler Josef Sultani glich per direktem Freisto\u00df aus (39.), ehe Torj\u00e4ger Kaan K\u00f6ksal die G\u00e4ste in F\u00fchrung brachte (42.). Masse Bell Bell machte kurz vor Schluss den ersten Oberr\u00e4der Sieg perfekt (90.). &#8222;Wir mussten vier Spieler aus der U19 aufbieten, die mit einer geschlossenen Kampfleistung ihre Sache gut gemacht haben&#8220;, meinte G\u00e4stecoach Sascha Amst\u00e4tter. Am Donnerstag erwarten die Oberr\u00e4der an der Beckerwiese den SKV Beienheim (20 Uhr). Der mit drei Niederlagen gestartete Aufsteiger aus dem Hochtaunus versucht am Mittwoch bei der DJK Bad Homburg (20 Uhr) die ersten Punkte zu holen.\u00a0<\/span><\/p>\n<h4>Schiedsrichter: Mark-Oliver Ney (Wiesbaden). Tore: 1:0 Abdelhadi Assim (8.), 1:1 Josef Sultani (39.), 1:2 Kaan K\u00f6ksal (42.), 1:3 Masse Bell Bell (90.).<\/h4>\n","protected":false},"excerpt":{"rendered":"<p>Am 4. August hatte die Spvgg. 05 Oberrad die Saison in der Gruppenliga Frankfurt West mit der 1:2-Niederlage bei der FG Seckbach er\u00f6ffnet. Seitdem war der Verbandsliga-Absteiger spielfrei und konnte am Sonntag im Ausw\u00e4rtsspiel bei Aufsteiger SG Ober-Erlenbach den ersten Sieg verbuchen. SG Ober-Erlenbach &#8211; Spvgg. 05 Oberrad 1:3 (1:2) Erleichterung auch bei den Oberr\u00e4dern, [&hellip;]<\/p>\n","protected":false},"author":1,"featured_media":0,"comment_status":"open","ping_status":"open","sticky":false,"template":"","format":"standard","meta":{"footnotes":""},"categories":[13],"tags":[],"class_list":["post-2184","post","type-post","status-publish","format-standard","hentry","category-gruppenliga-frankfurt-west"],"_links":{"self":[{"href":"https:\/\/insideamateurfussball-ffm.de\/index.php?rest_route=\/wp\/v2\/posts\/2184","targetHints":{"allow":["GET"]}}],"collection":[{"href":"https:\/\/insideamateurfussball-ffm.de\/index.php?rest_route=\/wp\/v2\/posts"}],"about":[{"href":"https:\/\/insideamateurfussball-ffm.de\/index.php?rest_route=\/wp\/v2\/types\/post"}],"author":[{"embeddable":true,"href":"https:\/\/insideamateurfussball-ffm.de\/index.php?rest_route=\/wp\/v2\/users\/1"}],"replies":[{"embeddable":true,"href":"https:\/\/insideamateurfussball-ffm.de\/index.php?rest_route=%2Fwp%2Fv2%2Fcomments&post=2184"}],"version-history":[{"count":1,"href":"https:\/\/insideamateurfussball-ffm.de\/index.php?rest_route=\/wp\/v2\/posts\/2184\/revisions"}],"predecessor-version":[{"id":2187,"href":"https:\/\/insideamateurfussball-ffm.de\/index.php?rest_route=\/wp\/v2\/posts\/2184\/revisions\/2187"}],"wp:attachment":[{"href":"https:\/\/insideamateurfussball-ffm.de\/index.php?rest_route=%2Fwp%2Fv2%2Fmedia&parent=2184"}],"wp:term":[{"taxonomy":"category","embeddable":true,"href":"https:\/\/insideamateurfussball-ffm.de\/index.php?rest_route=%2Fwp%2Fv2%2Fcategories&post=2184"},{"taxonomy":"post_tag","embeddable":true,"href":"https:\/\/insideamateurfussball-ffm.de\/index.php?rest_route=%2Fwp%2Fv2%2Ftags&post=2184"}],"curies":[{"name":"wp","href":"https:\/\/api.w.org\/{rel}","templated":true}]}}