{"id":21822,"date":"2024-10-21T11:52:12","date_gmt":"2024-10-21T09:52:12","guid":{"rendered":"https:\/\/insideamateurfussball-ffm.de\/?p=21822"},"modified":"2024-10-21T22:35:13","modified_gmt":"2024-10-21T20:35:13","slug":"rot-weiss-unterliegt-beim-aufsteiger-gross-gerau","status":"publish","type":"post","link":"https:\/\/insideamateurfussball-ffm.de\/?p=21822","title":{"rendered":"Rot-Weiss unterliegt beim Aufsteiger Gro\u00df-Gerau"},"content":{"rendered":"<h4>RW Frankfurt unterlag am Sonntag beim Aufsteiger VfR Gro\u00df-Gerau mit 0:2, die beiden entscheidenden Tore fielen in der ersten Halbzeit nach einer langen Spielunterbrechung, da ein Spieler der Gastgeber behandelt werden musste.<\/h4>\n<figure id=\"attachment_21829\" aria-describedby=\"caption-attachment-21829\" style=\"width: 886px\" class=\"wp-caption alignnone\"><img loading=\"lazy\" decoding=\"async\" class=\"wp-image-21829 size-full\" src=\"http:\/\/insideamateurfussball-ffm.de\/wp-content\/uploads\/2024\/10\/gerau7.jpg\" alt=\"\" width=\"886\" height=\"599\" srcset=\"https:\/\/insideamateurfussball-ffm.de\/wp-content\/uploads\/2024\/10\/gerau7.jpg 886w, https:\/\/insideamateurfussball-ffm.de\/wp-content\/uploads\/2024\/10\/gerau7-300x203.jpg 300w, https:\/\/insideamateurfussball-ffm.de\/wp-content\/uploads\/2024\/10\/gerau7-768x519.jpg 768w\" sizes=\"auto, (max-width: 886px) 100vw, 886px\" \/><figcaption id=\"caption-attachment-21829\" class=\"wp-caption-text\">Die Mannschaft vom VfR Gro\u00df-Gerau war zu Hause gegen RW erfolgreich. Foto: Mithat G\u00fcrser<\/figcaption><\/figure>\n<h4>VfR Gro\u00df-Gerau &#8211; SG RW Frankfurt 2:0 (2:0)<\/h4>\n<p><img loading=\"lazy\" decoding=\"async\" class=\"alignnone size-full wp-image-16322\" src=\"http:\/\/insideamateurfussball-ffm.de\/wp-content\/uploads\/2024\/02\/vfr-gross-gerau.png\" alt=\"\" width=\"80\" height=\"80\" \/><img loading=\"lazy\" decoding=\"async\" class=\"alignnone size-full wp-image-4032\" src=\"http:\/\/insideamateurfussball-ffm.de\/wp-content\/uploads\/2022\/11\/rot-weiss.png\" alt=\"\" width=\"80\" height=\"70\" \/><\/p>\n<p>Die neu gestartete Serie von RW Frankfurt ist schon wieder beendet. Nach dem unn\u00f6tigen Pokalaus in Seckbach am vergangenen Donnerstag wollte sich die Mannschaft beim VfR Gro\u00df-Gerau rehabilitieren, was leider nicht gelang. RW-Trainer Ibo Cigdem wartete vor dem Spiel mit einer \u00dcberraschung auf, im Tor stand erstmals der reaktivierte 36-j\u00e4hrige Kai Klug, Cigdem wollte im Tor \u201eauf Erfahrung setzen\u201c, was sich am Ende aber nicht auszahlte, allerdings ohne Verschulden des neuen Torwarts.<\/p>\n<p>RW Frankfurt bekam in der ersten Viertelstunde keinen Zugriff auf das Spiel, danach wurde es besser und die G\u00e4ste erspielten sich einige Chancen, von denen Ersan Rovcanin die Gr\u00f6\u00dfte vergab. In der 34.Minute unterbrach der Schiedsrichter dann die Partie und schickte beide Mannschaften in die Kabine, der Gro\u00df-Gerauer Sungmo Hwang klagte \u00fcber Atemnot, nachdem er von einem Schuss auf der Brust getroffen wurde. Nach einer l\u00e4ngeren Behandlungszeit wurde der Spieler mit einem Rettungswagen zur weiteren Untersuchung in die Klinik gebracht, von hier aus gute Besserung.<\/p>\n<p>Nach \u00fcber 20 Minuten Unterbrechung ging das Spiel dann weiter, doch die Rot-Weissen hatten nach der Pause ihren Faden verloren und Gro\u00df-Gerau nutzte das mit 2 Toren innerhalb von drei Minuten aus. In der 40.Minute erzielte Ilias Benazza nach einer Flanke das 1:0, und nur zwei Minuten sp\u00e4ter erh\u00f6hte Dominik Schr\u00f6ter auf 2:0, mit dem Ergebnis ging es dann in die Halbzeit, die aufgrund der vorherigen Unterbrechung nur sehr kurz war.<\/p>\n<p>In der zweiten Halbzeit hatten die G\u00e4ste das Spiel zwar in der Hand, konnten sich aber keine zwingenden Chancen erspielen. Trainer Cigdem: \u201edie Niederlage ist \u00e4rgerlich, wir haben nicht schlecht gespielt, waren offensiv aber nicht effizient genug. Und dann haben wir nach der Unterbrechung 10 Minuten geschlafen, heute war mehr drin.\u201c<\/p>\n<p>Am n\u00e4chsten Wochenende erwartet RW dann die zweite Vertretung von Kickers Offenbach.<\/p>\n<h4>Schiedsrichter: Marius Ulbrich (Ph\u00f6nix D\u00fcdelsheim). Zuschauer: 155.<\/h4>\n<h4>Tore: 1:0 Ilias Benazza (40.), 2:0 Dominik Schr\u00f6ter (42.)<\/h4>\n<blockquote>\n<h4>F\u00fcr die Fotos bedanken wir uns wieder einmal bei Mithat G\u00fcrser.<\/h4>\n<\/blockquote>\n\n\n<figure class=\"wp-block-image size-full\"><img loading=\"lazy\" decoding=\"async\" width=\"886\" height=\"622\" src=\"http:\/\/insideamateurfussball-ffm.de\/wp-content\/uploads\/2024\/10\/gerau1.jpg\" alt=\"\" class=\"wp-image-21823\" srcset=\"https:\/\/insideamateurfussball-ffm.de\/wp-content\/uploads\/2024\/10\/gerau1.jpg 886w, https:\/\/insideamateurfussball-ffm.de\/wp-content\/uploads\/2024\/10\/gerau1-300x211.jpg 300w, https:\/\/insideamateurfussball-ffm.de\/wp-content\/uploads\/2024\/10\/gerau1-768x539.jpg 768w\" sizes=\"auto, (max-width: 886px) 100vw, 886px\" \/><\/figure>\n\n\n\n<figure class=\"wp-block-image size-full\"><img loading=\"lazy\" decoding=\"async\" width=\"886\" height=\"617\" src=\"http:\/\/insideamateurfussball-ffm.de\/wp-content\/uploads\/2024\/10\/gerau2.jpg\" alt=\"\" class=\"wp-image-21824\" srcset=\"https:\/\/insideamateurfussball-ffm.de\/wp-content\/uploads\/2024\/10\/gerau2.jpg 886w, https:\/\/insideamateurfussball-ffm.de\/wp-content\/uploads\/2024\/10\/gerau2-300x209.jpg 300w, https:\/\/insideamateurfussball-ffm.de\/wp-content\/uploads\/2024\/10\/gerau2-768x535.jpg 768w\" sizes=\"auto, (max-width: 886px) 100vw, 886px\" \/><\/figure>\n\n\n\n<figure class=\"wp-block-image size-full\"><img loading=\"lazy\" decoding=\"async\" width=\"886\" height=\"589\" src=\"http:\/\/insideamateurfussball-ffm.de\/wp-content\/uploads\/2024\/10\/gerau3.jpg\" alt=\"\" class=\"wp-image-21825\" srcset=\"https:\/\/insideamateurfussball-ffm.de\/wp-content\/uploads\/2024\/10\/gerau3.jpg 886w, https:\/\/insideamateurfussball-ffm.de\/wp-content\/uploads\/2024\/10\/gerau3-300x199.jpg 300w, https:\/\/insideamateurfussball-ffm.de\/wp-content\/uploads\/2024\/10\/gerau3-768x511.jpg 768w\" sizes=\"auto, (max-width: 886px) 100vw, 886px\" \/><\/figure>\n\n\n\n<figure class=\"wp-block-image size-full\"><img loading=\"lazy\" decoding=\"async\" width=\"886\" height=\"589\" src=\"http:\/\/insideamateurfussball-ffm.de\/wp-content\/uploads\/2024\/10\/gerau4.jpg\" alt=\"\" class=\"wp-image-21826\" srcset=\"https:\/\/insideamateurfussball-ffm.de\/wp-content\/uploads\/2024\/10\/gerau4.jpg 886w, https:\/\/insideamateurfussball-ffm.de\/wp-content\/uploads\/2024\/10\/gerau4-300x199.jpg 300w, https:\/\/insideamateurfussball-ffm.de\/wp-content\/uploads\/2024\/10\/gerau4-768x511.jpg 768w\" sizes=\"auto, (max-width: 886px) 100vw, 886px\" \/><\/figure>\n\n\n\n<figure class=\"wp-block-image size-full\"><img loading=\"lazy\" decoding=\"async\" width=\"918\" height=\"591\" src=\"http:\/\/insideamateurfussball-ffm.de\/wp-content\/uploads\/2024\/10\/gerau5.jpg\" alt=\"\" class=\"wp-image-21827\" srcset=\"https:\/\/insideamateurfussball-ffm.de\/wp-content\/uploads\/2024\/10\/gerau5.jpg 918w, https:\/\/insideamateurfussball-ffm.de\/wp-content\/uploads\/2024\/10\/gerau5-300x193.jpg 300w, https:\/\/insideamateurfussball-ffm.de\/wp-content\/uploads\/2024\/10\/gerau5-768x494.jpg 768w\" sizes=\"auto, (max-width: 918px) 100vw, 918px\" \/><\/figure>\n\n\n\n<figure class=\"wp-block-image size-full\"><img loading=\"lazy\" decoding=\"async\" width=\"886\" height=\"595\" src=\"http:\/\/insideamateurfussball-ffm.de\/wp-content\/uploads\/2024\/10\/gerau6.jpg\" alt=\"\" class=\"wp-image-21828\" srcset=\"https:\/\/insideamateurfussball-ffm.de\/wp-content\/uploads\/2024\/10\/gerau6.jpg 886w, https:\/\/insideamateurfussball-ffm.de\/wp-content\/uploads\/2024\/10\/gerau6-300x201.jpg 300w, https:\/\/insideamateurfussball-ffm.de\/wp-content\/uploads\/2024\/10\/gerau6-768x516.jpg 768w\" sizes=\"auto, (max-width: 886px) 100vw, 886px\" \/><\/figure>\n\n\n\n<figure class=\"wp-block-image size-full\"><img loading=\"lazy\" decoding=\"async\" width=\"886\" height=\"591\" src=\"http:\/\/insideamateurfussball-ffm.de\/wp-content\/uploads\/2024\/10\/gerau8.jpg\" alt=\"\" class=\"wp-image-21830\" srcset=\"https:\/\/insideamateurfussball-ffm.de\/wp-content\/uploads\/2024\/10\/gerau8.jpg 886w, https:\/\/insideamateurfussball-ffm.de\/wp-content\/uploads\/2024\/10\/gerau8-300x200.jpg 300w, https:\/\/insideamateurfussball-ffm.de\/wp-content\/uploads\/2024\/10\/gerau8-768x512.jpg 768w\" sizes=\"auto, (max-width: 886px) 100vw, 886px\" \/><\/figure>\n\n\n\n<figure class=\"wp-block-image size-full\"><img loading=\"lazy\" decoding=\"async\" width=\"886\" height=\"588\" src=\"http:\/\/insideamateurfussball-ffm.de\/wp-content\/uploads\/2024\/10\/gerau9.jpg\" alt=\"\" class=\"wp-image-21831\" srcset=\"https:\/\/insideamateurfussball-ffm.de\/wp-content\/uploads\/2024\/10\/gerau9.jpg 886w, https:\/\/insideamateurfussball-ffm.de\/wp-content\/uploads\/2024\/10\/gerau9-300x199.jpg 300w, https:\/\/insideamateurfussball-ffm.de\/wp-content\/uploads\/2024\/10\/gerau9-768x510.jpg 768w\" sizes=\"auto, (max-width: 886px) 100vw, 886px\" \/><\/figure>\n\n\n\n<figure class=\"wp-block-image size-full\"><img loading=\"lazy\" decoding=\"async\" width=\"886\" height=\"625\" src=\"http:\/\/insideamateurfussball-ffm.de\/wp-content\/uploads\/2024\/10\/gerau10.jpg\" alt=\"\" class=\"wp-image-21832\" srcset=\"https:\/\/insideamateurfussball-ffm.de\/wp-content\/uploads\/2024\/10\/gerau10.jpg 886w, https:\/\/insideamateurfussball-ffm.de\/wp-content\/uploads\/2024\/10\/gerau10-300x212.jpg 300w, https:\/\/insideamateurfussball-ffm.de\/wp-content\/uploads\/2024\/10\/gerau10-768x542.jpg 768w\" sizes=\"auto, (max-width: 886px) 100vw, 886px\" \/><\/figure>\n\n\n\n<figure class=\"wp-block-image size-full\"><img loading=\"lazy\" decoding=\"async\" width=\"886\" height=\"623\" src=\"http:\/\/insideamateurfussball-ffm.de\/wp-content\/uploads\/2024\/10\/gerau11.jpg\" alt=\"\" class=\"wp-image-21833\" srcset=\"https:\/\/insideamateurfussball-ffm.de\/wp-content\/uploads\/2024\/10\/gerau11.jpg 886w, https:\/\/insideamateurfussball-ffm.de\/wp-content\/uploads\/2024\/10\/gerau11-300x211.jpg 300w, https:\/\/insideamateurfussball-ffm.de\/wp-content\/uploads\/2024\/10\/gerau11-768x540.jpg 768w\" sizes=\"auto, (max-width: 886px) 100vw, 886px\" \/><\/figure>\n\n\n\n<figure class=\"wp-block-image size-full\"><img loading=\"lazy\" decoding=\"async\" width=\"886\" height=\"630\" src=\"http:\/\/insideamateurfussball-ffm.de\/wp-content\/uploads\/2024\/10\/gerau13.jpg\" alt=\"\" class=\"wp-image-21835\" srcset=\"https:\/\/insideamateurfussball-ffm.de\/wp-content\/uploads\/2024\/10\/gerau13.jpg 886w, https:\/\/insideamateurfussball-ffm.de\/wp-content\/uploads\/2024\/10\/gerau13-300x213.jpg 300w, https:\/\/insideamateurfussball-ffm.de\/wp-content\/uploads\/2024\/10\/gerau13-768x546.jpg 768w\" sizes=\"auto, (max-width: 886px) 100vw, 886px\" \/><\/figure>\n\n\n\n<figure class=\"wp-block-image size-full\"><img loading=\"lazy\" decoding=\"async\" width=\"886\" height=\"589\" src=\"http:\/\/insideamateurfussball-ffm.de\/wp-content\/uploads\/2024\/10\/gerau14.jpg\" alt=\"\" class=\"wp-image-21836\" srcset=\"https:\/\/insideamateurfussball-ffm.de\/wp-content\/uploads\/2024\/10\/gerau14.jpg 886w, https:\/\/insideamateurfussball-ffm.de\/wp-content\/uploads\/2024\/10\/gerau14-300x199.jpg 300w, https:\/\/insideamateurfussball-ffm.de\/wp-content\/uploads\/2024\/10\/gerau14-768x511.jpg 768w\" sizes=\"auto, (max-width: 886px) 100vw, 886px\" \/><\/figure>\n\n\n\n<figure class=\"wp-block-image size-full\"><img loading=\"lazy\" decoding=\"async\" width=\"886\" height=\"625\" src=\"http:\/\/insideamateurfussball-ffm.de\/wp-content\/uploads\/2024\/10\/gerau15.jpg\" alt=\"\" class=\"wp-image-21837\" srcset=\"https:\/\/insideamateurfussball-ffm.de\/wp-content\/uploads\/2024\/10\/gerau15.jpg 886w, https:\/\/insideamateurfussball-ffm.de\/wp-content\/uploads\/2024\/10\/gerau15-300x212.jpg 300w, https:\/\/insideamateurfussball-ffm.de\/wp-content\/uploads\/2024\/10\/gerau15-768x542.jpg 768w\" sizes=\"auto, (max-width: 886px) 100vw, 886px\" \/><\/figure>\n\n\n\n<figure class=\"wp-block-image size-full\"><img loading=\"lazy\" decoding=\"async\" width=\"886\" height=\"661\" src=\"http:\/\/insideamateurfussball-ffm.de\/wp-content\/uploads\/2024\/10\/gerau16.jpg\" alt=\"\" class=\"wp-image-21838\" srcset=\"https:\/\/insideamateurfussball-ffm.de\/wp-content\/uploads\/2024\/10\/gerau16.jpg 886w, https:\/\/insideamateurfussball-ffm.de\/wp-content\/uploads\/2024\/10\/gerau16-300x224.jpg 300w, https:\/\/insideamateurfussball-ffm.de\/wp-content\/uploads\/2024\/10\/gerau16-768x573.jpg 768w\" sizes=\"auto, (max-width: 886px) 100vw, 886px\" \/><\/figure>\n\n\n\n<figure class=\"wp-block-image size-full\"><img loading=\"lazy\" decoding=\"async\" width=\"836\" height=\"589\" src=\"http:\/\/insideamateurfussball-ffm.de\/wp-content\/uploads\/2024\/10\/gerau17.jpg\" alt=\"\" class=\"wp-image-21839\" srcset=\"https:\/\/insideamateurfussball-ffm.de\/wp-content\/uploads\/2024\/10\/gerau17.jpg 836w, https:\/\/insideamateurfussball-ffm.de\/wp-content\/uploads\/2024\/10\/gerau17-300x211.jpg 300w, https:\/\/insideamateurfussball-ffm.de\/wp-content\/uploads\/2024\/10\/gerau17-768x541.jpg 768w\" sizes=\"auto, (max-width: 836px) 100vw, 836px\" \/><\/figure>\n","protected":false},"excerpt":{"rendered":"<p>RW Frankfurt unterlag am Sonntag beim Aufsteiger VfR Gro\u00df-Gerau mit 0:2, die beiden entscheidenden Tore fielen in der ersten Halbzeit nach einer langen Spielunterbrechung, da ein Spieler der Gastgeber behandelt werden musste. VfR Gro\u00df-Gerau &#8211; SG RW Frankfurt 2:0 (2:0) Die neu gestartete Serie von RW Frankfurt ist schon wieder beendet. Nach dem unn\u00f6tigen Pokalaus [&hellip;]<\/p>\n","protected":false},"author":3,"featured_media":21829,"comment_status":"closed","ping_status":"open","sticky":true,"template":"","format":"standard","meta":{"footnotes":""},"categories":[10],"tags":[],"class_list":["post-21822","post","type-post","status-publish","format-standard","has-post-thumbnail","hentry","category-verbandsliga-sued"],"_links":{"self":[{"href":"https:\/\/insideamateurfussball-ffm.de\/index.php?rest_route=\/wp\/v2\/posts\/21822","targetHints":{"allow":["GET"]}}],"collection":[{"href":"https:\/\/insideamateurfussball-ffm.de\/index.php?rest_route=\/wp\/v2\/posts"}],"about":[{"href":"https:\/\/insideamateurfussball-ffm.de\/index.php?rest_route=\/wp\/v2\/types\/post"}],"author":[{"embeddable":true,"href":"https:\/\/insideamateurfussball-ffm.de\/index.php?rest_route=\/wp\/v2\/users\/3"}],"replies":[{"embeddable":true,"href":"https:\/\/insideamateurfussball-ffm.de\/index.php?rest_route=%2Fwp%2Fv2%2Fcomments&post=21822"}],"version-history":[{"count":4,"href":"https:\/\/insideamateurfussball-ffm.de\/index.php?rest_route=\/wp\/v2\/posts\/21822\/revisions"}],"predecessor-version":[{"id":21932,"href":"https:\/\/insideamateurfussball-ffm.de\/index.php?rest_route=\/wp\/v2\/posts\/21822\/revisions\/21932"}],"wp:featuredmedia":[{"embeddable":true,"href":"https:\/\/insideamateurfussball-ffm.de\/index.php?rest_route=\/wp\/v2\/media\/21829"}],"wp:attachment":[{"href":"https:\/\/insideamateurfussball-ffm.de\/index.php?rest_route=%2Fwp%2Fv2%2Fmedia&parent=21822"}],"wp:term":[{"taxonomy":"category","embeddable":true,"href":"https:\/\/insideamateurfussball-ffm.de\/index.php?rest_route=%2Fwp%2Fv2%2Fcategories&post=21822"},{"taxonomy":"post_tag","embeddable":true,"href":"https:\/\/insideamateurfussball-ffm.de\/index.php?rest_route=%2Fwp%2Fv2%2Ftags&post=21822"}],"curies":[{"name":"wp","href":"https:\/\/api.w.org\/{rel}","templated":true}]}}