{"id":21819,"date":"2024-10-20T17:55:45","date_gmt":"2024-10-20T15:55:45","guid":{"rendered":"https:\/\/insideamateurfussball-ffm.de\/?p=21819"},"modified":"2024-10-20T17:55:45","modified_gmt":"2024-10-20T15:55:45","slug":"tuerkguecue-zum-zuschauen-verurteilt","status":"publish","type":"post","link":"https:\/\/insideamateurfussball-ffm.de\/?p=21819","title":{"rendered":"T\u00fcrkg\u00fcc\u00fc zum Zuschauen verurteilt"},"content":{"rendered":"<h4>Das Spiel von T\u00fcrkg\u00fcc\u00fc Frankfurt beim FC Kaichen wurde am Samstag von den Gastgebern abgesagt, begr\u00fcndet wurde dies mit der Unbespielbarkeit des Platzes.<\/h4>\n<figure id=\"attachment_21820\" aria-describedby=\"caption-attachment-21820\" style=\"width: 1920px\" class=\"wp-caption alignnone\"><img loading=\"lazy\" decoding=\"async\" class=\"wp-image-21820 size-full\" src=\"http:\/\/insideamateurfussball-ffm.de\/wp-content\/uploads\/2024\/10\/TuerkguecueStierstadt03-scaled.jpg\" alt=\"\" width=\"1920\" height=\"2560\" srcset=\"https:\/\/insideamateurfussball-ffm.de\/wp-content\/uploads\/2024\/10\/TuerkguecueStierstadt03-scaled.jpg 1920w, https:\/\/insideamateurfussball-ffm.de\/wp-content\/uploads\/2024\/10\/TuerkguecueStierstadt03-225x300.jpg 225w, https:\/\/insideamateurfussball-ffm.de\/wp-content\/uploads\/2024\/10\/TuerkguecueStierstadt03-768x1024.jpg 768w, https:\/\/insideamateurfussball-ffm.de\/wp-content\/uploads\/2024\/10\/TuerkguecueStierstadt03-1152x1536.jpg 1152w, https:\/\/insideamateurfussball-ffm.de\/wp-content\/uploads\/2024\/10\/TuerkguecueStierstadt03-1536x2048.jpg 1536w\" sizes=\"auto, (max-width: 1920px) 100vw, 1920px\" \/><figcaption id=\"caption-attachment-21820\" class=\"wp-caption-text\">Ausruhen war angesagt bei T\u00fcrkg\u00fcc\u00fc nach der Absage des Spiels beim FC Kaichen. Foto: Archiv T\u00fcrkg\u00fcc\u00fc<\/figcaption><\/figure>\n<h4>FC Kaichen &#8211; T\u00fcrkg\u00fcc\u00fc Frankfurt abgesagt<\/h4>\n<p><img loading=\"lazy\" decoding=\"async\" class=\"alignnone size-full wp-image-20254\" src=\"http:\/\/insideamateurfussball-ffm.de\/wp-content\/uploads\/2024\/08\/o-kaichen.jpeg\" alt=\"\" width=\"88\" height=\"99\" \/><img loading=\"lazy\" decoding=\"async\" class=\"alignnone size-full wp-image-17\" src=\"http:\/\/insideamateurfussball-ffm.de\/wp-content\/uploads\/2021\/11\/Tuerkguecue.jpg\" alt=\"\" width=\"72\" height=\"80\" \/><\/p>\n<p>Der FC Kaichen sagte am Samstag das Spiel gegen T\u00fcrkg\u00fcc\u00fc Frankfurt wegen Unbespielbarkeit des Platzes ab, auf dem die Gastgeber am Donnerstag noch 1:5 gegen die Spvgg. 05\/99 Bomber Bad Homburg verloren hatten. Der FC Kaichen hatte bisher 8 von ihren 12 Spielen zu Hause ausgetragen.<\/p>\n<p>T\u00fcrkg\u00fcc\u00fcs Trainer Hakan Tekin sagte, dass man \u201cnach der Absage den Klassenleiter informierte, der von der Absage nichts wusste\u201c. Da der FC Kaichen nach Aussage Tekins wohl einige verletzte Spieler hatte, \u201ewollte wohl jemand vom Verband sich in Kaichen \u00fcber die Lage informieren\u201c.<\/p>\n","protected":false},"excerpt":{"rendered":"<p>Das Spiel von T\u00fcrkg\u00fcc\u00fc Frankfurt beim FC Kaichen wurde am Samstag von den Gastgebern abgesagt, begr\u00fcndet wurde dies mit der Unbespielbarkeit des Platzes. FC Kaichen &#8211; T\u00fcrkg\u00fcc\u00fc Frankfurt abgesagt Der FC Kaichen sagte am Samstag das Spiel gegen T\u00fcrkg\u00fcc\u00fc Frankfurt wegen Unbespielbarkeit des Platzes ab, auf dem die Gastgeber am Donnerstag noch 1:5 gegen die [&hellip;]<\/p>\n","protected":false},"author":3,"featured_media":21820,"comment_status":"closed","ping_status":"open","sticky":true,"template":"","format":"standard","meta":{"footnotes":""},"categories":[13],"tags":[],"class_list":["post-21819","post","type-post","status-publish","format-standard","has-post-thumbnail","hentry","category-gruppenliga-frankfurt-west"],"_links":{"self":[{"href":"https:\/\/insideamateurfussball-ffm.de\/index.php?rest_route=\/wp\/v2\/posts\/21819","targetHints":{"allow":["GET"]}}],"collection":[{"href":"https:\/\/insideamateurfussball-ffm.de\/index.php?rest_route=\/wp\/v2\/posts"}],"about":[{"href":"https:\/\/insideamateurfussball-ffm.de\/index.php?rest_route=\/wp\/v2\/types\/post"}],"author":[{"embeddable":true,"href":"https:\/\/insideamateurfussball-ffm.de\/index.php?rest_route=\/wp\/v2\/users\/3"}],"replies":[{"embeddable":true,"href":"https:\/\/insideamateurfussball-ffm.de\/index.php?rest_route=%2Fwp%2Fv2%2Fcomments&post=21819"}],"version-history":[{"count":1,"href":"https:\/\/insideamateurfussball-ffm.de\/index.php?rest_route=\/wp\/v2\/posts\/21819\/revisions"}],"predecessor-version":[{"id":21821,"href":"https:\/\/insideamateurfussball-ffm.de\/index.php?rest_route=\/wp\/v2\/posts\/21819\/revisions\/21821"}],"wp:featuredmedia":[{"embeddable":true,"href":"https:\/\/insideamateurfussball-ffm.de\/index.php?rest_route=\/wp\/v2\/media\/21820"}],"wp:attachment":[{"href":"https:\/\/insideamateurfussball-ffm.de\/index.php?rest_route=%2Fwp%2Fv2%2Fmedia&parent=21819"}],"wp:term":[{"taxonomy":"category","embeddable":true,"href":"https:\/\/insideamateurfussball-ffm.de\/index.php?rest_route=%2Fwp%2Fv2%2Fcategories&post=21819"},{"taxonomy":"post_tag","embeddable":true,"href":"https:\/\/insideamateurfussball-ffm.de\/index.php?rest_route=%2Fwp%2Fv2%2Ftags&post=21819"}],"curies":[{"name":"wp","href":"https:\/\/api.w.org\/{rel}","templated":true}]}}