{"id":21786,"date":"2024-10-16T17:13:12","date_gmt":"2024-10-16T15:13:12","guid":{"rendered":"https:\/\/insideamateurfussball-ffm.de\/?p=21786"},"modified":"2024-10-16T17:14:35","modified_gmt":"2024-10-16T15:14:35","slug":"seckbach-und-rot-weiss-ermitteln-letzten-achtelfinalisten","status":"publish","type":"post","link":"https:\/\/insideamateurfussball-ffm.de\/?p=21786","title":{"rendered":"Seckbach und Rot-Weiss ermitteln letzten Achtelfinalisten"},"content":{"rendered":"<h4>Die 2. Runde im Kreispokal wird am Donnerstag mit der Begegnung zwischen der FG Seckbach und Rot-Weiss Frankfurt (20 Uhr) abgeschlossen.<\/h4>\n<figure id=\"attachment_21787\" aria-describedby=\"caption-attachment-21787\" style=\"width: 650px\" class=\"wp-caption alignnone\"><img loading=\"lazy\" decoding=\"async\" class=\"wp-image-21787\" src=\"http:\/\/insideamateurfussball-ffm.de\/wp-content\/uploads\/2024\/10\/POKAL-1.jpg\" alt=\"\" width=\"650\" height=\"757\" srcset=\"https:\/\/insideamateurfussball-ffm.de\/wp-content\/uploads\/2024\/10\/POKAL-1.jpg 642w, https:\/\/insideamateurfussball-ffm.de\/wp-content\/uploads\/2024\/10\/POKAL-1-257x300.jpg 257w\" sizes=\"auto, (max-width: 650px) 100vw, 650px\" \/><figcaption id=\"caption-attachment-21787\" class=\"wp-caption-text\">Grafik: Mithat G\u00fcrser.<\/figcaption><\/figure>\n<h4>FG Seckbach &#8211; SG Rot-Weiss Frankfurt (Donnerstag, 20 Uhr)<\/h4>\n<p><img loading=\"lazy\" decoding=\"async\" class=\"alignnone size-full wp-image-544\" src=\"http:\/\/insideamateurfussball-ffm.de\/wp-content\/uploads\/2022\/06\/Seckbach.jpg\" alt=\"\" width=\"80\" height=\"80\" \/><img loading=\"lazy\" decoding=\"async\" class=\"alignnone size-full wp-image-4032\" src=\"http:\/\/insideamateurfussball-ffm.de\/wp-content\/uploads\/2022\/11\/rot-weiss.png\" alt=\"\" width=\"80\" height=\"70\" \/><\/p>\n<p>Das Pokalspiel war verschoben worden, weil der Kunstrasenplatz an der Hochst\u00e4dter Stra\u00dfe erneuert wurde. Dieser wird nun am Donnerstagabend im Duell zwischen dem seit neun Spielen unbesiegten Gruppenligisten und dem Tabellenzehnten der Verbandsliga S\u00fcd eingeweiht. Der Sieger der Partie spielt bereits f\u00fcnf Tage sp\u00e4ter, am 22. Oktober um 20.15 Uhr im Achtelfinale beim Kreisoberligisten SV 07 Heddernheim.<\/p>\n<p>Sollten die &#8222;Roten&#8220; weiterkommen, w\u00e4re es das vierte Mal in sieben Jahren, dass es zu dieser Pokalpartie an der Br\u00fchlwiese kommt. Zwischen Heddernheim und Seckbach hat es hingegen in den letzten 15 Jahren kein Pokalduell gegeben.<\/p>\n","protected":false},"excerpt":{"rendered":"<p>Die 2. Runde im Kreispokal wird am Donnerstag mit der Begegnung zwischen der FG Seckbach und Rot-Weiss Frankfurt (20 Uhr) abgeschlossen. FG Seckbach &#8211; SG Rot-Weiss Frankfurt (Donnerstag, 20 Uhr) Das Pokalspiel war verschoben worden, weil der Kunstrasenplatz an der Hochst\u00e4dter Stra\u00dfe erneuert wurde. Dieser wird nun am Donnerstagabend im Duell zwischen dem seit neun [&hellip;]<\/p>\n","protected":false},"author":1,"featured_media":21787,"comment_status":"closed","ping_status":"closed","sticky":true,"template":"","format":"standard","meta":{"footnotes":""},"categories":[9],"tags":[],"class_list":["post-21786","post","type-post","status-publish","format-standard","has-post-thumbnail","hentry","category-kreispokal"],"_links":{"self":[{"href":"https:\/\/insideamateurfussball-ffm.de\/index.php?rest_route=\/wp\/v2\/posts\/21786","targetHints":{"allow":["GET"]}}],"collection":[{"href":"https:\/\/insideamateurfussball-ffm.de\/index.php?rest_route=\/wp\/v2\/posts"}],"about":[{"href":"https:\/\/insideamateurfussball-ffm.de\/index.php?rest_route=\/wp\/v2\/types\/post"}],"author":[{"embeddable":true,"href":"https:\/\/insideamateurfussball-ffm.de\/index.php?rest_route=\/wp\/v2\/users\/1"}],"replies":[{"embeddable":true,"href":"https:\/\/insideamateurfussball-ffm.de\/index.php?rest_route=%2Fwp%2Fv2%2Fcomments&post=21786"}],"version-history":[{"count":3,"href":"https:\/\/insideamateurfussball-ffm.de\/index.php?rest_route=\/wp\/v2\/posts\/21786\/revisions"}],"predecessor-version":[{"id":21790,"href":"https:\/\/insideamateurfussball-ffm.de\/index.php?rest_route=\/wp\/v2\/posts\/21786\/revisions\/21790"}],"wp:featuredmedia":[{"embeddable":true,"href":"https:\/\/insideamateurfussball-ffm.de\/index.php?rest_route=\/wp\/v2\/media\/21787"}],"wp:attachment":[{"href":"https:\/\/insideamateurfussball-ffm.de\/index.php?rest_route=%2Fwp%2Fv2%2Fmedia&parent=21786"}],"wp:term":[{"taxonomy":"category","embeddable":true,"href":"https:\/\/insideamateurfussball-ffm.de\/index.php?rest_route=%2Fwp%2Fv2%2Fcategories&post=21786"},{"taxonomy":"post_tag","embeddable":true,"href":"https:\/\/insideamateurfussball-ffm.de\/index.php?rest_route=%2Fwp%2Fv2%2Ftags&post=21786"}],"curies":[{"name":"wp","href":"https:\/\/api.w.org\/{rel}","templated":true}]}}