{"id":2178,"date":"2022-08-22T21:20:00","date_gmt":"2022-08-22T19:20:00","guid":{"rendered":"http:\/\/insideamateurfussball-ffm.de\/?p=2178"},"modified":"2025-01-08T14:26:47","modified_gmt":"2025-01-08T13:26:47","slug":"tsilifis-tor-fuer-fechenheim-zu-wenig","status":"publish","type":"post","link":"https:\/\/insideamateurfussball-ffm.de\/?p=2178","title":{"rendered":"Tsilifis-Tor f\u00fcr Fechenheim zu wenig"},"content":{"rendered":"<h4>Die Spvgg. 03 Fechenheim musste beim Gastspiel im Hochtaunus beim 1. FC-TSG K\u00f6nigstein die erste Saisonniederlage in der Gruppenliga Frankfurt West hinnehmen.<\/h4>\n<figure id=\"attachment_2180\" aria-describedby=\"caption-attachment-2180\" style=\"width: 310px\" class=\"wp-caption alignnone\"><img loading=\"lazy\" decoding=\"async\" class=\"wp-image-2180\" src=\"http:\/\/insideamateurfussball-ffm.de\/wp-content\/uploads\/2022\/08\/fe2-2-300x206.jpg\" alt=\"\" width=\"310\" height=\"213\" \/><figcaption id=\"caption-attachment-2180\" class=\"wp-caption-text\"><strong>Fechenheim verlor in K\u00f6nigstein. Foto: Mithat G\u00fcrser. <\/strong><\/figcaption><\/figure>\n<h4>1. FC-TSG K\u00f6nigstein &#8211; Spvgg. 03 Fechenheim 2:1 (2:0)<\/h4>\n<p><img loading=\"lazy\" decoding=\"async\" class=\"alignnone size-full wp-image-1396\" src=\"http:\/\/insideamateurfussball-ffm.de\/wp-content\/uploads\/2022\/07\/koenigstein.png\" alt=\"\" width=\"80\" height=\"72\" \/><img loading=\"lazy\" decoding=\"async\" class=\"alignnone size-full wp-image-603\" src=\"http:\/\/insideamateurfussball-ffm.de\/wp-content\/uploads\/2022\/06\/Fech03.jpg\" alt=\"\" width=\"52\" height=\"80\" \/><\/p>\n<p><span style=\"color: #003300;\">Der von Till Sommerfeld trainierte Hochtaunus-Club fuhr nach zwei 1:1-Unentschieden zum Saisonbeginn den ersten &#8222;Dreier&#8220; ein und f\u00fcgte den Fechenheimern die erste Niederlage bei. <\/span><\/p>\n<p><span style=\"color: #003300;\">Gegen den K\u00f6nigsteiner Kapit\u00e4n Nico Grill war von Seiten der G\u00e4ste aus dem Osten Frankfurts kein Kraut gewachsen. Er brachte die Gastgeber mit zwei Toren auf die Siegerstra\u00dfe (8.\/45.).<\/span><\/p>\n<h4>Fechenheim unter der Woche spielfrei<\/h4>\n<p><span style=\"color: #003300;\">Die Hereinnahme zweier Offensivleute mit Julen Herrero Cennamo und Athanasios Tsilifis brachte auf dem Kunstrasen etwas mehr Schwung, mehr als der Anschlusstreffer durch Tsilifis (52.) gelang dem Team von Trainer Maximilian Schmidt aber nicht mehr. <\/span><\/p>\n<p><span style=\"color: #003300;\">Fechenheim ist beim anstehenden Spieltag unter der Woche spielfrei, w\u00e4hrend K\u00f6nigstein am Donnerstag (20 Uhr) beim FV Stierstadt spielt.\u00a0<\/span><\/p>\n<h4>Schiedsrichter: Erdem Tasdemir (Oestrich-Winkel). Tore: 1:0, 2:0 Nico Grill (8.\/45.), 2:1 Athanasios Tsilifis (52.).<\/h4>\n","protected":false},"excerpt":{"rendered":"<p>Die Spvgg. 03 Fechenheim musste beim Gastspiel im Hochtaunus beim 1. FC-TSG K\u00f6nigstein die erste Saisonniederlage in der Gruppenliga Frankfurt West hinnehmen. 1. FC-TSG K\u00f6nigstein &#8211; Spvgg. 03 Fechenheim 2:1 (2:0) Der von Till Sommerfeld trainierte Hochtaunus-Club fuhr nach zwei 1:1-Unentschieden zum Saisonbeginn den ersten &#8222;Dreier&#8220; ein und f\u00fcgte den Fechenheimern die erste Niederlage bei. [&hellip;]<\/p>\n","protected":false},"author":1,"featured_media":0,"comment_status":"open","ping_status":"open","sticky":false,"template":"","format":"standard","meta":{"footnotes":""},"categories":[13],"tags":[],"class_list":["post-2178","post","type-post","status-publish","format-standard","hentry","category-gruppenliga-frankfurt-west"],"_links":{"self":[{"href":"https:\/\/insideamateurfussball-ffm.de\/index.php?rest_route=\/wp\/v2\/posts\/2178","targetHints":{"allow":["GET"]}}],"collection":[{"href":"https:\/\/insideamateurfussball-ffm.de\/index.php?rest_route=\/wp\/v2\/posts"}],"about":[{"href":"https:\/\/insideamateurfussball-ffm.de\/index.php?rest_route=\/wp\/v2\/types\/post"}],"author":[{"embeddable":true,"href":"https:\/\/insideamateurfussball-ffm.de\/index.php?rest_route=\/wp\/v2\/users\/1"}],"replies":[{"embeddable":true,"href":"https:\/\/insideamateurfussball-ffm.de\/index.php?rest_route=%2Fwp%2Fv2%2Fcomments&post=2178"}],"version-history":[{"count":3,"href":"https:\/\/insideamateurfussball-ffm.de\/index.php?rest_route=\/wp\/v2\/posts\/2178\/revisions"}],"predecessor-version":[{"id":2183,"href":"https:\/\/insideamateurfussball-ffm.de\/index.php?rest_route=\/wp\/v2\/posts\/2178\/revisions\/2183"}],"wp:attachment":[{"href":"https:\/\/insideamateurfussball-ffm.de\/index.php?rest_route=%2Fwp%2Fv2%2Fmedia&parent=2178"}],"wp:term":[{"taxonomy":"category","embeddable":true,"href":"https:\/\/insideamateurfussball-ffm.de\/index.php?rest_route=%2Fwp%2Fv2%2Fcategories&post=2178"},{"taxonomy":"post_tag","embeddable":true,"href":"https:\/\/insideamateurfussball-ffm.de\/index.php?rest_route=%2Fwp%2Fv2%2Ftags&post=2178"}],"curies":[{"name":"wp","href":"https:\/\/api.w.org\/{rel}","templated":true}]}}