{"id":21745,"date":"2024-10-14T18:38:57","date_gmt":"2024-10-14T16:38:57","guid":{"rendered":"https:\/\/insideamateurfussball-ffm.de\/?p=21745"},"modified":"2024-10-15T15:10:30","modified_gmt":"2024-10-15T13:10:30","slug":"fc-croatia-beendet-niederlagenserie","status":"publish","type":"post","link":"https:\/\/insideamateurfussball-ffm.de\/?p=21745","title":{"rendered":"FC Croatia beendet Niederlagenserie"},"content":{"rendered":"<h5><span style=\"font-size: 16px;\">Nach sieben Niederlagen in Folge beendete der FC Croatia mit dem 3:1-Sieg gegen den FC Gudesding seine Leidenszeit, gab die Rote Laterne an Viktoria Preu\u00dfen weiter und \u00fcberholte auch die &#8222;Guden&#8220; in der Tabelle.\u00a0<\/span><\/h5>\n<figure id=\"attachment_21746\" aria-describedby=\"caption-attachment-21746\" style=\"width: 656px\" class=\"wp-caption alignleft\"><img loading=\"lazy\" decoding=\"async\" class=\"wp-image-21746\" src=\"http:\/\/insideamateurfussball-ffm.de\/wp-content\/uploads\/2024\/10\/Cro-Gu-1024x473.jpg\" alt=\"\" width=\"656\" height=\"303\" srcset=\"https:\/\/insideamateurfussball-ffm.de\/wp-content\/uploads\/2024\/10\/Cro-Gu-1024x473.jpg 1024w, https:\/\/insideamateurfussball-ffm.de\/wp-content\/uploads\/2024\/10\/Cro-Gu-300x139.jpg 300w, https:\/\/insideamateurfussball-ffm.de\/wp-content\/uploads\/2024\/10\/Cro-Gu-768x355.jpg 768w, https:\/\/insideamateurfussball-ffm.de\/wp-content\/uploads\/2024\/10\/Cro-Gu.jpg 1385w\" sizes=\"auto, (max-width: 656px) 100vw, 656px\" \/><figcaption id=\"caption-attachment-21746\" class=\"wp-caption-text\">Siegerfotos hatten in dieser Saison beim FC Croatia Seltenheitswert. Foto: Einsendung Verein.<\/figcaption><\/figure>\n<h5><span style=\"font-size: 16px;\">FC Croatia &#8211; FC Gudesding 3:1 (1:0)<\/span><\/h5>\n<p><img loading=\"lazy\" decoding=\"async\" class=\"alignnone size-full wp-image-29\" src=\"http:\/\/insideamateurfussball-ffm.de\/wp-content\/uploads\/2021\/11\/croatia.jpg\" alt=\"\" width=\"63\" height=\"80\" \/><img loading=\"lazy\" decoding=\"async\" class=\"alignnone size-full wp-image-10\" src=\"http:\/\/insideamateurfussball-ffm.de\/wp-content\/uploads\/2021\/11\/Gudesding.jpg\" alt=\"\" width=\"64\" height=\"80\" \/><\/p>\n<p>Croatia-Torwart Mateo Grbavac vereitelte eine Gro\u00dfchance der G\u00e4ste und hielt so sein Team im Spiel.<\/p>\n<p>Bei den Gastgebern wirkte sich die R\u00fcckkehr der Topspieler Ante Strljic, der kurz danach den Pfosten traf und Stipe Duvnjak positiv aus. Duvnjak brachte Croatia kurz vor der Pause in F\u00fchrung (38.) und legte nach dem Seitenwechsel das 2:0 nach (54.).<\/p>\n<ul>\n<li><strong>&#8222;Die erste Halbzeit war sehr nerv\u00f6s, Torchancen waren Mangelware.&#8220; (Croatias Sportdirektor Darko Krolo)<\/strong><\/li>\n<\/ul>\n<p>Die G\u00e4ste verk\u00fcrzten per Kopfball durch Arne Kuhrs (72.), mussten aber kurz danach durch den eingewechselten 18-j\u00e4hrigen Jonathan Raemer das 3:1 hinnehmen (74.). Dann schoss Gudesdings Hamza El Mezouar einen Foulelfmeter neben das Tor (77.). In der Nachspielzeit erhielt FCG-Kapit\u00e4n Daniel Peter wegen Reklamierens noch eine Zeitstrafe (90.+2). Croatias Sportdirektor Darko Krolo war erleichtert: &#8222;Das war ein gelungenes Wochenende f\u00fcr Croatia, denn auch die Reserve und die SOMA waren erfolgreich. Die erste Halbzeit war sehr nerv\u00f6s, Torchancen waren Mangelware. Ich hatte nicht den Eindruck, dass hier zwei Teams gegen den Abstieg spielen. Das 3:1 war dann mental zu einem psychologisch wichtigen Zeitpunkt. Ein Sieg alleine reicht aber nicht aus, da m\u00fcssen wir schon eine Serie starten. Positiv ist aber, dass wir nicht mehr Letzter sind.&#8220;<\/p>\n<p>FCG-Vorsitzender Rainer Weiss sagte nachtr\u00e4glich zur neunten Saisonniederlage: &#8222;Croatia hat sich die drei Punkte verdient &#8211; mit allerdings gn\u00e4diger Hilfe des Unparteiischen. Aber gut, wir nehmen den Kampf an.&#8220; Am n\u00e4chsten Sonntag ist Croatia bei der Reserve der SG Bornheim\/Gr\u00fcn-Wei\u00df um 13 Uhr gefordert. Gudesding erwartet um 15 Uhr den SV Griesheim Tarik.<\/p>\n<ul>\n<li><strong><span style=\"font-size: 16px;\">Schiedsrichter: Richard Klenner (SV Nieder-Weisel).\u00a0<\/span><\/strong><\/li>\n<li><strong><span style=\"font-size: 16px;\">Zuschauer: 100.\u00a0<\/span><\/strong><\/li>\n<li><strong><span style=\"font-size: 16px;\">Tore: 1:0, 2:0 Stipe Duvnjak (38.\/54.), 2:1 Arne Kuhrs (72.), 3:1 Jonathan Raemer (74.).<\/span><\/strong><\/li>\n<\/ul>\n","protected":false},"excerpt":{"rendered":"<p>Nach sieben Niederlagen in Folge beendete der FC Croatia mit dem 3:1-Sieg gegen den FC Gudesding seine Leidenszeit, gab die Rote Laterne an Viktoria Preu\u00dfen weiter und \u00fcberholte auch die &#8222;Guden&#8220; in der Tabelle.\u00a0 FC Croatia &#8211; FC Gudesding 3:1 (1:0) Croatia-Torwart Mateo Grbavac vereitelte eine Gro\u00dfchance der G\u00e4ste und hielt so sein Team im [&hellip;]<\/p>\n","protected":false},"author":1,"featured_media":21746,"comment_status":"closed","ping_status":"closed","sticky":true,"template":"","format":"standard","meta":{"footnotes":""},"categories":[2],"tags":[],"class_list":["post-21745","post","type-post","status-publish","format-standard","has-post-thumbnail","hentry","category-kreisoberliga-frankfurt"],"_links":{"self":[{"href":"https:\/\/insideamateurfussball-ffm.de\/index.php?rest_route=\/wp\/v2\/posts\/21745","targetHints":{"allow":["GET"]}}],"collection":[{"href":"https:\/\/insideamateurfussball-ffm.de\/index.php?rest_route=\/wp\/v2\/posts"}],"about":[{"href":"https:\/\/insideamateurfussball-ffm.de\/index.php?rest_route=\/wp\/v2\/types\/post"}],"author":[{"embeddable":true,"href":"https:\/\/insideamateurfussball-ffm.de\/index.php?rest_route=\/wp\/v2\/users\/1"}],"replies":[{"embeddable":true,"href":"https:\/\/insideamateurfussball-ffm.de\/index.php?rest_route=%2Fwp%2Fv2%2Fcomments&post=21745"}],"version-history":[{"count":4,"href":"https:\/\/insideamateurfussball-ffm.de\/index.php?rest_route=\/wp\/v2\/posts\/21745\/revisions"}],"predecessor-version":[{"id":21781,"href":"https:\/\/insideamateurfussball-ffm.de\/index.php?rest_route=\/wp\/v2\/posts\/21745\/revisions\/21781"}],"wp:featuredmedia":[{"embeddable":true,"href":"https:\/\/insideamateurfussball-ffm.de\/index.php?rest_route=\/wp\/v2\/media\/21746"}],"wp:attachment":[{"href":"https:\/\/insideamateurfussball-ffm.de\/index.php?rest_route=%2Fwp%2Fv2%2Fmedia&parent=21745"}],"wp:term":[{"taxonomy":"category","embeddable":true,"href":"https:\/\/insideamateurfussball-ffm.de\/index.php?rest_route=%2Fwp%2Fv2%2Fcategories&post=21745"},{"taxonomy":"post_tag","embeddable":true,"href":"https:\/\/insideamateurfussball-ffm.de\/index.php?rest_route=%2Fwp%2Fv2%2Ftags&post=21745"}],"curies":[{"name":"wp","href":"https:\/\/api.w.org\/{rel}","templated":true}]}}