{"id":21723,"date":"2024-10-14T17:24:11","date_gmt":"2024-10-14T15:24:11","guid":{"rendered":"https:\/\/insideamateurfussball-ffm.de\/?p=21723"},"modified":"2024-10-14T17:24:11","modified_gmt":"2024-10-14T15:24:11","slug":"traumtor-von-achraf-gara-ali-kroent-kalbachs-31-sieg","status":"publish","type":"post","link":"https:\/\/insideamateurfussball-ffm.de\/?p=21723","title":{"rendered":"Traumtor von Achraf Gara Ali kr\u00f6nt Kalbachs 3:1-Sieg"},"content":{"rendered":"<h4>Der FC Kalbach bleibt nach dem verdienten 3:1-Sieg gegen die Spvgg. 05 Oberrad Tabellenf\u00fchrer und baute seinen Vorsprung in der Tabelle aus. Mann des Tages war Achraf Gara Ali mit einem Traumtor aus \u00fcber 35 Metern.<\/h4>\n<figure id=\"attachment_21732\" aria-describedby=\"caption-attachment-21732\" style=\"width: 2016px\" class=\"wp-caption alignnone\"><img loading=\"lazy\" decoding=\"async\" class=\"wp-image-21732 size-full\" src=\"http:\/\/insideamateurfussball-ffm.de\/wp-content\/uploads\/2024\/10\/kalbachoberrad08.jpg\" alt=\"\" width=\"2016\" height=\"1512\" srcset=\"https:\/\/insideamateurfussball-ffm.de\/wp-content\/uploads\/2024\/10\/kalbachoberrad08.jpg 2016w, https:\/\/insideamateurfussball-ffm.de\/wp-content\/uploads\/2024\/10\/kalbachoberrad08-300x225.jpg 300w, https:\/\/insideamateurfussball-ffm.de\/wp-content\/uploads\/2024\/10\/kalbachoberrad08-1024x768.jpg 1024w, https:\/\/insideamateurfussball-ffm.de\/wp-content\/uploads\/2024\/10\/kalbachoberrad08-768x576.jpg 768w, https:\/\/insideamateurfussball-ffm.de\/wp-content\/uploads\/2024\/10\/kalbachoberrad08-1536x1152.jpg 1536w\" sizes=\"auto, (max-width: 2016px) 100vw, 2016px\" \/><figcaption id=\"caption-attachment-21732\" class=\"wp-caption-text\">Achraf Gara Ali setzte mit seinem Traumtor das Highlight des Spiels. Foto: MZ<\/figcaption><\/figure>\n<h4>FC Kalbach &#8211; Spvgg. 05 Oberrad 3:1 (2:1)<\/h4>\n<p><!--more--><img loading=\"lazy\" decoding=\"async\" class=\"alignnone size-full wp-image-16\" src=\"http:\/\/insideamateurfussball-ffm.de\/wp-content\/uploads\/2021\/11\/kalbach-wappen.jpg\" alt=\"\" width=\"80\" height=\"80\" \/><img loading=\"lazy\" decoding=\"async\" class=\"alignnone size-full wp-image-137\" src=\"http:\/\/insideamateurfussball-ffm.de\/wp-content\/uploads\/2022\/05\/Oberrad05.jpg\" alt=\"\" width=\"79\" height=\"80\" \/><\/p>\n<p>In der ersten Halbzeit war es ein gutes Gruppenliga-Spiel zwischen dem Tabellenf\u00fchrer FC Kalbach und dem Ligaf\u00fcnften, der Spvgg. 05 Oberrad. Die Gastgeber bestimmten mit mehr Ballbesitz das Spiel, aber die G\u00e4ste aus Oberrad kamen immer wieder zu schnellen Gegenst\u00f6\u00dfen und bedrohten mehrfach das Tor von Kalbach. In der 5.Minute gab es bereits die zweite Chance f\u00fcr Kalbach, doch Fabio Pinto da Silva scheiterte an Schlussmann Filip Stojikovic. In der 16.Minute dann die F\u00fchrung f\u00fcr die Gastgeber, nach einem Eckball kam Fabio Pinto da Silva zum Kopfball und erzielte das 1:0. Direkt im Gegenzug entschied der Schiedsrichter nach einem Foul an den aus dem Strafraum laufenden St\u00fcrmer von Oberrad auf Foulelfmeter, David Bremerich lie\u00df sich die Chance nicht entgehen und markierte den Ausgleich.<\/p>\n<p>Danach erspielten sich die Kalbacher einige Chancen, doch Achraf Gara Ali und Fabio Pinto da Silva lie\u00dfen die M\u00f6glichkeiten aus. Kurz vor dem Halbzeitpfiff die verdiente F\u00fchrung f\u00fcr die Gastgeber, nach einer Flanke von rechts scheiterte Ricardo Harrabi an Torwart Stojikovic, doch Achraf Gara Ali h\u00e4mmerte den Abpraller unter die Latte zum 2:1, zu einem sehr g\u00fcnstigen Zeitpunkt, denn mit diesem Resultat ging es in die Kabine.<\/p>\n<p>In der zweiten Halbzeit \u00fcbernahm Kalbach die totale Kontrolle des Spiels, Oberrad fand in der Offensive kaum noch statt. Und in der 57.Minute dann das Highlight des Tages: Achraf Gara Ali wird kurz hinter der Mittellinie angespielt und sieht, dass Torwart Sojikovic weit vor seinem Kasten steht, aus \u00fcber 35 Metern zieht Achraf Gara Ali ab und der Ball senkte sich \u00fcber den Torwart zum 3:1 ins Netz. Danach flaute das Spiel etwas ab, doch Chancen gab es weiterhin, in der 65.Minute eine gro\u00dfe Chance f\u00fcr Oberrad, doch beim Schuss von David Bremerich kann Alexander Ian Azimpour auf der Linie kl\u00e4ren.<\/p>\n<p>In der 72.Minute war es dann Ihab Suleiman, der f\u00fcr die Kalbacher das 4:1 h\u00e4tte erzielen k\u00f6nnen, doch sein Schuss prallte vom Pfosten wieder zur\u00fcck ins Feld. Und in der Schlussphase musste Stojikovic bei einer Chance von Danilo Pantic sein ganzes K\u00f6nnen aufbieten, um ein weiteres Gegentor zu verhindern. So blieb es beim insgesamt verdienten 3:1 f\u00fcr den Tabellenf\u00fchrer.<\/p>\n<p>Manni Meyer, Mitglied im Vorstandsteam des FC Kalbach nach dem Spiel: \u201eich habe ein gutes Gruppenligaspiel gesehen von zwei guten Mannschaften, Kalbach war etwas effektiver, auch gerade mit den Torsch\u00fcssen. Deswegen haben wir 3:1 gewonnen und das spektakul\u00e4re Tor vom Achraf fast von der Mittellinie, das hat dem Spiel den Reiz gegeben. Gl\u00fcckwunsch an die Mannschaft, die hat heute gegen eine wirklich gute Oberr\u00e4der Mannschaft 3:1 gewonnen und so soll es weitergehen.\u201c<\/p>\n<p>Oberrads Trainer Gabriel Bernstein war nach dem Spiel entt\u00e4uscht:\u201c Verdiente Niederlage, wenn wir keine Zweik\u00e4mpfe f\u00fchren wollen oder nicht in die Zweik\u00e4mpfe kommen, weil wir den Weg nicht laufen, und wenn wir in der N\u00e4he eines Zweikampfes sind, uns zu einfach ausspielen lassen, dann kommt sowas bei rum. Und wir k\u00f6nnen mit 3:1 echt froh sein, h\u00e4tte auch h\u00f6her ausgehen k\u00f6nnen.\u201c<\/p>\n<p>Am n\u00e4chsten Wochenende muss der FC Kalbach zum Spitzenspiel bei der Spvgg. 03 Fechenheim antreten, w\u00e4hrend die Spvgg. 05 Oberrad die F\u00fc\u00dfe hochlegen kann, da sie spielfrei ist.<\/p>\n<h4>Schiedsrichter: Pascal Kischel (SKG Bickenbach). Zuschauer: 58.<\/h4>\n<h4>Tore: 1:0 Fabio Pinto da Silva (16.), 1:1 David Bremerich (17., Elfmeter), 2:1 Achraf Gara Ali (45.), 3:1 Achraf Gara Ali (57.)<\/h4>\n\n\n<figure class=\"wp-block-image size-large\"><img loading=\"lazy\" decoding=\"async\" width=\"1024\" height=\"768\" src=\"http:\/\/insideamateurfussball-ffm.de\/wp-content\/uploads\/2024\/10\/kalbachoberrad00-1024x768.jpg\" alt=\"\" class=\"wp-image-21724\" srcset=\"https:\/\/insideamateurfussball-ffm.de\/wp-content\/uploads\/2024\/10\/kalbachoberrad00-1024x768.jpg 1024w, https:\/\/insideamateurfussball-ffm.de\/wp-content\/uploads\/2024\/10\/kalbachoberrad00-300x225.jpg 300w, https:\/\/insideamateurfussball-ffm.de\/wp-content\/uploads\/2024\/10\/kalbachoberrad00-768x576.jpg 768w, https:\/\/insideamateurfussball-ffm.de\/wp-content\/uploads\/2024\/10\/kalbachoberrad00-1536x1152.jpg 1536w, https:\/\/insideamateurfussball-ffm.de\/wp-content\/uploads\/2024\/10\/kalbachoberrad00.jpg 2016w\" sizes=\"auto, (max-width: 1024px) 100vw, 1024px\" \/><\/figure>\n\n\n\n<figure class=\"wp-block-image size-large\"><img loading=\"lazy\" decoding=\"async\" width=\"1024\" height=\"768\" src=\"http:\/\/insideamateurfussball-ffm.de\/wp-content\/uploads\/2024\/10\/kalbachoberrad01-1024x768.jpg\" alt=\"\" class=\"wp-image-21725\" srcset=\"https:\/\/insideamateurfussball-ffm.de\/wp-content\/uploads\/2024\/10\/kalbachoberrad01-1024x768.jpg 1024w, https:\/\/insideamateurfussball-ffm.de\/wp-content\/uploads\/2024\/10\/kalbachoberrad01-300x225.jpg 300w, https:\/\/insideamateurfussball-ffm.de\/wp-content\/uploads\/2024\/10\/kalbachoberrad01-768x576.jpg 768w, https:\/\/insideamateurfussball-ffm.de\/wp-content\/uploads\/2024\/10\/kalbachoberrad01-1536x1152.jpg 1536w, https:\/\/insideamateurfussball-ffm.de\/wp-content\/uploads\/2024\/10\/kalbachoberrad01.jpg 2016w\" sizes=\"auto, (max-width: 1024px) 100vw, 1024px\" \/><\/figure>\n\n\n\n<figure class=\"wp-block-image size-large\"><img loading=\"lazy\" decoding=\"async\" width=\"1024\" height=\"768\" src=\"http:\/\/insideamateurfussball-ffm.de\/wp-content\/uploads\/2024\/10\/kalbachoberrad02-1024x768.jpg\" alt=\"\" class=\"wp-image-21726\" srcset=\"https:\/\/insideamateurfussball-ffm.de\/wp-content\/uploads\/2024\/10\/kalbachoberrad02-1024x768.jpg 1024w, https:\/\/insideamateurfussball-ffm.de\/wp-content\/uploads\/2024\/10\/kalbachoberrad02-300x225.jpg 300w, https:\/\/insideamateurfussball-ffm.de\/wp-content\/uploads\/2024\/10\/kalbachoberrad02-768x576.jpg 768w, https:\/\/insideamateurfussball-ffm.de\/wp-content\/uploads\/2024\/10\/kalbachoberrad02-1536x1152.jpg 1536w, https:\/\/insideamateurfussball-ffm.de\/wp-content\/uploads\/2024\/10\/kalbachoberrad02.jpg 2016w\" sizes=\"auto, (max-width: 1024px) 100vw, 1024px\" \/><\/figure>\n\n\n\n<figure class=\"wp-block-image size-large\"><img loading=\"lazy\" decoding=\"async\" width=\"1024\" height=\"768\" src=\"http:\/\/insideamateurfussball-ffm.de\/wp-content\/uploads\/2024\/10\/kalbachoberrad03-1024x768.jpg\" alt=\"\" class=\"wp-image-21727\" srcset=\"https:\/\/insideamateurfussball-ffm.de\/wp-content\/uploads\/2024\/10\/kalbachoberrad03-1024x768.jpg 1024w, https:\/\/insideamateurfussball-ffm.de\/wp-content\/uploads\/2024\/10\/kalbachoberrad03-300x225.jpg 300w, https:\/\/insideamateurfussball-ffm.de\/wp-content\/uploads\/2024\/10\/kalbachoberrad03-768x576.jpg 768w, https:\/\/insideamateurfussball-ffm.de\/wp-content\/uploads\/2024\/10\/kalbachoberrad03-1536x1152.jpg 1536w, https:\/\/insideamateurfussball-ffm.de\/wp-content\/uploads\/2024\/10\/kalbachoberrad03.jpg 2016w\" sizes=\"auto, (max-width: 1024px) 100vw, 1024px\" \/><\/figure>\n\n\n\n<figure class=\"wp-block-image size-large\"><img loading=\"lazy\" decoding=\"async\" width=\"1024\" height=\"768\" src=\"http:\/\/insideamateurfussball-ffm.de\/wp-content\/uploads\/2024\/10\/kalbachoberrad04-1024x768.jpg\" alt=\"\" class=\"wp-image-21728\" srcset=\"https:\/\/insideamateurfussball-ffm.de\/wp-content\/uploads\/2024\/10\/kalbachoberrad04-1024x768.jpg 1024w, https:\/\/insideamateurfussball-ffm.de\/wp-content\/uploads\/2024\/10\/kalbachoberrad04-300x225.jpg 300w, https:\/\/insideamateurfussball-ffm.de\/wp-content\/uploads\/2024\/10\/kalbachoberrad04-768x576.jpg 768w, https:\/\/insideamateurfussball-ffm.de\/wp-content\/uploads\/2024\/10\/kalbachoberrad04-1536x1152.jpg 1536w, https:\/\/insideamateurfussball-ffm.de\/wp-content\/uploads\/2024\/10\/kalbachoberrad04.jpg 2016w\" sizes=\"auto, (max-width: 1024px) 100vw, 1024px\" \/><\/figure>\n\n\n\n<figure class=\"wp-block-image size-large\"><img loading=\"lazy\" decoding=\"async\" width=\"1024\" height=\"768\" src=\"http:\/\/insideamateurfussball-ffm.de\/wp-content\/uploads\/2024\/10\/kalbachoberrad05-1024x768.jpg\" alt=\"\" class=\"wp-image-21729\" srcset=\"https:\/\/insideamateurfussball-ffm.de\/wp-content\/uploads\/2024\/10\/kalbachoberrad05-1024x768.jpg 1024w, https:\/\/insideamateurfussball-ffm.de\/wp-content\/uploads\/2024\/10\/kalbachoberrad05-300x225.jpg 300w, https:\/\/insideamateurfussball-ffm.de\/wp-content\/uploads\/2024\/10\/kalbachoberrad05-768x576.jpg 768w, https:\/\/insideamateurfussball-ffm.de\/wp-content\/uploads\/2024\/10\/kalbachoberrad05-1536x1152.jpg 1536w, https:\/\/insideamateurfussball-ffm.de\/wp-content\/uploads\/2024\/10\/kalbachoberrad05.jpg 2016w\" sizes=\"auto, (max-width: 1024px) 100vw, 1024px\" \/><\/figure>\n\n\n\n<figure class=\"wp-block-image size-large\"><img loading=\"lazy\" decoding=\"async\" width=\"1024\" height=\"768\" src=\"http:\/\/insideamateurfussball-ffm.de\/wp-content\/uploads\/2024\/10\/kalbachoberrad06-1024x768.jpg\" alt=\"\" class=\"wp-image-21730\" srcset=\"https:\/\/insideamateurfussball-ffm.de\/wp-content\/uploads\/2024\/10\/kalbachoberrad06-1024x768.jpg 1024w, https:\/\/insideamateurfussball-ffm.de\/wp-content\/uploads\/2024\/10\/kalbachoberrad06-300x225.jpg 300w, https:\/\/insideamateurfussball-ffm.de\/wp-content\/uploads\/2024\/10\/kalbachoberrad06-768x576.jpg 768w, https:\/\/insideamateurfussball-ffm.de\/wp-content\/uploads\/2024\/10\/kalbachoberrad06-1536x1152.jpg 1536w, https:\/\/insideamateurfussball-ffm.de\/wp-content\/uploads\/2024\/10\/kalbachoberrad06.jpg 2016w\" sizes=\"auto, (max-width: 1024px) 100vw, 1024px\" \/><\/figure>\n\n\n\n<figure class=\"wp-block-image size-large\"><img loading=\"lazy\" decoding=\"async\" width=\"1024\" height=\"768\" src=\"http:\/\/insideamateurfussball-ffm.de\/wp-content\/uploads\/2024\/10\/kalbachoberrad07-1024x768.jpg\" alt=\"\" class=\"wp-image-21731\" srcset=\"https:\/\/insideamateurfussball-ffm.de\/wp-content\/uploads\/2024\/10\/kalbachoberrad07-1024x768.jpg 1024w, https:\/\/insideamateurfussball-ffm.de\/wp-content\/uploads\/2024\/10\/kalbachoberrad07-300x225.jpg 300w, https:\/\/insideamateurfussball-ffm.de\/wp-content\/uploads\/2024\/10\/kalbachoberrad07-768x576.jpg 768w, https:\/\/insideamateurfussball-ffm.de\/wp-content\/uploads\/2024\/10\/kalbachoberrad07-1536x1152.jpg 1536w, https:\/\/insideamateurfussball-ffm.de\/wp-content\/uploads\/2024\/10\/kalbachoberrad07.jpg 2016w\" sizes=\"auto, (max-width: 1024px) 100vw, 1024px\" \/><\/figure>\n","protected":false},"excerpt":{"rendered":"<p>Der FC Kalbach bleibt nach dem verdienten 3:1-Sieg gegen die Spvgg. 05 Oberrad Tabellenf\u00fchrer und baute seinen Vorsprung in der Tabelle aus. Mann des Tages war Achraf Gara Ali mit einem Traumtor aus \u00fcber 35 Metern. FC Kalbach &#8211; Spvgg. 05 Oberrad 3:1 (2:1)<\/p>\n","protected":false},"author":3,"featured_media":21732,"comment_status":"closed","ping_status":"open","sticky":true,"template":"","format":"standard","meta":{"footnotes":""},"categories":[13],"tags":[],"class_list":["post-21723","post","type-post","status-publish","format-standard","has-post-thumbnail","hentry","category-gruppenliga-frankfurt-west"],"_links":{"self":[{"href":"https:\/\/insideamateurfussball-ffm.de\/index.php?rest_route=\/wp\/v2\/posts\/21723","targetHints":{"allow":["GET"]}}],"collection":[{"href":"https:\/\/insideamateurfussball-ffm.de\/index.php?rest_route=\/wp\/v2\/posts"}],"about":[{"href":"https:\/\/insideamateurfussball-ffm.de\/index.php?rest_route=\/wp\/v2\/types\/post"}],"author":[{"embeddable":true,"href":"https:\/\/insideamateurfussball-ffm.de\/index.php?rest_route=\/wp\/v2\/users\/3"}],"replies":[{"embeddable":true,"href":"https:\/\/insideamateurfussball-ffm.de\/index.php?rest_route=%2Fwp%2Fv2%2Fcomments&post=21723"}],"version-history":[{"count":3,"href":"https:\/\/insideamateurfussball-ffm.de\/index.php?rest_route=\/wp\/v2\/posts\/21723\/revisions"}],"predecessor-version":[{"id":21737,"href":"https:\/\/insideamateurfussball-ffm.de\/index.php?rest_route=\/wp\/v2\/posts\/21723\/revisions\/21737"}],"wp:featuredmedia":[{"embeddable":true,"href":"https:\/\/insideamateurfussball-ffm.de\/index.php?rest_route=\/wp\/v2\/media\/21732"}],"wp:attachment":[{"href":"https:\/\/insideamateurfussball-ffm.de\/index.php?rest_route=%2Fwp%2Fv2%2Fmedia&parent=21723"}],"wp:term":[{"taxonomy":"category","embeddable":true,"href":"https:\/\/insideamateurfussball-ffm.de\/index.php?rest_route=%2Fwp%2Fv2%2Fcategories&post=21723"},{"taxonomy":"post_tag","embeddable":true,"href":"https:\/\/insideamateurfussball-ffm.de\/index.php?rest_route=%2Fwp%2Fv2%2Ftags&post=21723"}],"curies":[{"name":"wp","href":"https:\/\/api.w.org\/{rel}","templated":true}]}}